{"id":942903,"date":"2026-05-19T09:49:16","date_gmt":"2026-05-19T09:49:16","guid":{"rendered":"https:\/\/www.europesays.com\/fr\/942903\/"},"modified":"2026-05-19T09:49:16","modified_gmt":"2026-05-19T09:49:16","slug":"a-rennes-la-metropole-lance-dimportants-travaux-de-renovation-dans-le-metro","status":"publish","type":"post","link":"https:\/\/www.europesays.com\/fr\/942903\/","title":{"rendered":"\u00c0 Rennes, la m\u00e9tropole lance d\u2019importants travaux de r\u00e9novation dans le m\u00e9tro"},"content":{"rendered":"<p><img decoding=\"async\" class=\"\" style=\"width:100%;max-width:100%\" src=\"https:\/\/www.europesays.com\/fr\/wp-content\/uploads\/2026\/05\/metro_rennes_credits_facebook_STAR_me_parle1701253978463-format16by9.png\" alt=\"Les 150 portillons d\u2019acc\u00e8s du m\u00e9tro vont \u00eatre progressivement r\u00e9nov\u00e9s.\"\/><\/p>\n<p>Les 150 portillons d\u2019acc\u00e8s du m\u00e9tro vont \u00eatre progressivement r\u00e9nov\u00e9s.<\/p>\n<p>Cr\u00e9dit : Facebook | STAR me parle<\/p>\n<p style=\"text-align: justify;\">\u00ab\u00a0Am\u00e9liorer la qualit\u00e9 de service et r\u00e9pondre aux difficult\u00e9s rencontr\u00e9es depuis leur mise en service\u00a0\u00bb, il s&rsquo;agit des arguments avanc\u00e9s par la M\u00e9tropole de Rennes pour ces travaux. \u00c0 partir de ce mardi 19 mai, <strong>les 150 portillons d\u2019acc\u00e8s du m\u00e9tro vont \u00eatre progressivement r\u00e9nov\u00e9s pour un co\u00fbt de pr\u00e8s de\u00a04,3 millions<\/strong>. Ce projet vise aussi \u00ab\u00a0<strong>\u00e0<\/strong> <strong>renforcer la robustesse des \u00e9quipements face aux d\u00e9gradations\u00a0\u00bb<\/strong>, toujours selon la M\u00e9tropole, mais pas seulement. Cette op\u00e9ration doit permettre aussi : \u00ab\u00a0d\u2019am\u00e9liorer la fiabilit\u00e9 des portillons et de r\u00e9duire les pannes, <strong>d\u2019optimiser les temps d\u2019ouverture et de fermeture pour plus de fluidit\u00e9<\/strong>, et de mieux prendre en compte les besoins des personnes \u00e0 mobilit\u00e9 r\u00e9duite.\u00a0\u00bb<\/p>\n<p><strong><br \/><\/strong>Des r\u00e9novations \u00e9tal\u00e9es sur deux ans<\/p>\n<p style=\"text-align: justify;\"><strong>Les premiers travaux commencent donc ce 19 mai<\/strong>, et vont durer jusqu\u2019\u00e0 5 juin <a href=\"https:\/\/www.alouette.fr\/face-aux-metros-bondes-trois-lycees-rennais-decalent-le-debut-des-cours\" rel=\"noopener nofollow\" target=\"_blank\">dans les stations Henri Fr\u00e9ville et Pontchaillou<\/a> <strong>puis du 15 au 31 juillet \u00e0 Villejean-Universit\u00e9 et au Blosne. <\/strong>\u00c0 partir du 21 septembre, les stations Triangle, Beaulieu-Universit\u00e9, Gros Ch\u00eane et Les Gayeulles seront concern\u00e9es puis Atalante, Colombier et Jules Ferry \u00e0 partir de fin novembre. Le reste des op\u00e9rations se poursuivra <strong>jusqu&rsquo;\u00e0 la fin du premier trimestre 2028.<\/strong><\/p>\n<p style=\"text-align: justify;\">Ces interventions auront \u00ab\u00a0un impact limit\u00e9, <strong>seule la station Villejean-Universit\u00e9 sera partiellement ferm\u00e9e pendant la dur\u00e9e des travaux<\/strong>\u00ab\u00a0, explique les autorit\u00e9s. Aussi, \u00ab\u00a0plus d&rsquo;informations seront communiqu\u00e9es en amont pour permettre aux usagers d&rsquo;anticiper leurs d\u00e9placements\u00a0\u00bb, et \u00ab\u00a0<strong>l&rsquo;entreprise qui intervient sera tr\u00e8s vigilante \u00e0 limiter au maximum les nuisances<\/strong>\u00ab\u00a0, assure Rennes M\u00e9tropole.<\/p>\n<p style=\"text-align: justify;\">Keolis\u00a0Rennes\u00a0M\u00e9tropole, gestionnaire du r\u00e9seau STAR, assurera une information sur les dates de travaux via les \u00e9crans d\u2019informations voyageurs, ainsi que sur l\u2019ensemble des m\u00e9dias du r\u00e9seau STAR, <strong>comme le site internet ou l\u2019application mobile<\/strong>. Une signal\u00e9tique en station sera \u00e9galement mise en place pour \u00ab\u00a0le cheminement des voyageurs\u00a0\u00bb, d\u00e9peint dans un communiqu\u00e9 la M\u00e9tropole rennaise. Depuis leur mise en service, en d\u00e9cembre 2020, la fraude a recul\u00e9 dans le m\u00e9tro de la capitale bretonne <strong>passant de 10% \u00e0 6,4%<\/strong> en 2023.<\/p>\n","protected":false},"excerpt":{"rendered":"Les 150 portillons d\u2019acc\u00e8s du m\u00e9tro vont \u00eatre progressivement r\u00e9nov\u00e9s. Cr\u00e9dit : Facebook | STAR me parle \u00ab\u00a0Am\u00e9liorer&hellip;\n","protected":false},"author":2,"featured_media":942904,"comment_status":"","ping_status":"","sticky":false,"template":"","format":"standard","meta":{"footnotes":"","_share_on_mastodon":"0"},"categories":[2821],"tags":[5734,58784,1111,11,829,1777,674,1011,27,4047,99877,99878,12,584,34357,716,25,800,2086],"class_list":["post-942903","post","type-post","status-publish","format-standard","has-post-thumbnail","category-rennes","tag-5734","tag-58784","tag-actu","tag-actualites","tag-bretagne","tag-eu","tag-europe","tag-fr","tag-france","tag-metro","tag-metro-a","tag-metro-b","tag-news","tag-rennes","tag-rennes-metropole","tag-renovation","tag-republique-francaise","tag-transports","tag-travaux"],"share_on_mastodon":{"url":"https:\/\/pubeurope.com\/@fr\/116600620458724476","error":""},"_links":{"self":[{"href":"https:\/\/www.europesays.com\/fr\/wp-json\/wp\/v2\/posts\/942903","targetHints":{"allow":["GET"]}}],"collection":[{"href":"https:\/\/www.europesays.com\/fr\/wp-json\/wp\/v2\/posts"}],"about":[{"href":"https:\/\/www.europesays.com\/fr\/wp-json\/wp\/v2\/types\/post"}],"author":[{"embeddable":true,"href":"https:\/\/www.europesays.com\/fr\/wp-json\/wp\/v2\/users\/2"}],"replies":[{"embeddable":true,"href":"https:\/\/www.europesays.com\/fr\/wp-json\/wp\/v2\/comments?post=942903"}],"version-history":[{"count":0,"href":"https:\/\/www.europesays.com\/fr\/wp-json\/wp\/v2\/posts\/942903\/revisions"}],"wp:featuredmedia":[{"embeddable":true,"href":"https:\/\/www.europesays.com\/fr\/wp-json\/wp\/v2\/media\/942904"}],"wp:attachment":[{"href":"https:\/\/www.europesays.com\/fr\/wp-json\/wp\/v2\/media?parent=942903"}],"wp:term":[{"taxonomy":"category","embeddable":true,"href":"https:\/\/www.europesays.com\/fr\/wp-json\/wp\/v2\/categories?post=942903"},{"taxonomy":"post_tag","embeddable":true,"href":"https:\/\/www.europesays.com\/fr\/wp-json\/wp\/v2\/tags?post=942903"}],"curies":[{"name":"wp","href":"https:\/\/api.w.org\/{rel}","templated":true}]}}