{"id":94304,"date":"2025-05-12T13:22:08","date_gmt":"2025-05-12T13:22:08","guid":{"rendered":"https:\/\/www.europesays.com\/fr\/94304\/"},"modified":"2025-05-12T13:22:08","modified_gmt":"2025-05-12T13:22:08","slug":"apres-son-hospitalisation-lentraineur-de-gerone-de-retour-avec-lequipe","status":"publish","type":"post","link":"https:\/\/www.europesays.com\/fr\/94304\/","title":{"rendered":"apr\u00e8s son hospitalisation, l&rsquo;entra\u00eeneur de G\u00e9rone de retour avec l&rsquo;\u00e9quipe"},"content":{"rendered":"<p>Apr\u00e8s son hospitalisation vendredi, l\u2019entra\u00eeneur de G\u00e9rone Michel Sanchez a fait son retour ce lundi au club.<\/p>\n<p class=\"fig-paragraph\">De retour.<a href=\"http:\/\/www.lefigaro.fr\/sports\/football\/espagne\/liga-l-entraineur-de-gerone-michel-sanchez-hospitalise-et-absent-pour-le-prochain-match-20250509\" data-fig-type=\"NewsFlash\" data-gtm-custom-categorie=\"navigation\" data-gtm-custom-action=\"crossclick\" data-gtm-custom-label=\"Contextuel\" data-gtm-event=\"customEventSPE\" data-fig-domain=\"LEFIGARO\" rel=\"nofollow noopener\" target=\"_blank\">\u00a0Hospitalis\u00e9 vendredi dernier<\/a>, l&rsquo;entra\u00eeneur de G\u00e9rone Michel Sanchez a fait son retour aupr\u00e8s de ses joueurs lundi et a annonc\u00e9 en conf\u00e9rence de presse qu&rsquo;il soufrait d&rsquo;une thrombose veineuse \u00e0 la jambe gauche.<\/p>\n<p class=\"fig-paragraph\">\u00abComme vous le savez, j&rsquo;ai eu un petit probl\u00e8me de sant\u00e9. Les m\u00e9decins ont d\u00e9tect\u00e9 une thrombose veineuse profonde dans ma jambe gauche (..) Apr\u00e8s les tests, j&rsquo;ai \u00e9t\u00e9 autoris\u00e9 \u00e0 sortir de l&rsquo;h\u00f4pital hier\u00bb, a d\u00e9clar\u00e9 le coach catalan, qui avait manqu\u00e9 le match de Liga face \u00e0 Villarreal samedi, perdu 1-0. \u00abJe vais effectuer des examens suppl\u00e9mentaires pour d\u00e9terminer l&rsquo;origine de la maladie, mais elle a \u00e9t\u00e9 diagnostiqu\u00e9e. Je vais reprendre une vie normale\u00bb, a ajout\u00e9 Michel,\u00a0<a href=\"http:\/\/www.lefigaro.fr\/sports\/football\/ligue-des-champions\/foot-l-uefa-valide-l-inscription-de-gerone-en-ligue-des-champions-et-de-nice-en-c3-20240705\" data-fig-type=\"NewsFlash\" data-gtm-custom-categorie=\"navigation\" data-gtm-custom-action=\"crossclick\" data-gtm-custom-label=\"Contextuel\" data-gtm-event=\"customEventSPE\" data-fig-domain=\"LEFIGARO\" rel=\"nofollow noopener\" target=\"_blank\">qui avait offert \u00e0 G\u00e9rone sa premi\u00e8re qualification en Ligue des champions<\/a>\u00a0l&rsquo;an dernier au terme d&rsquo;une saison historique.<\/p>\n<p class=\"fig-paragraph\">\u00c0 trois journ\u00e9es de la fin du championnat, le petit club catalan, surprenant troisi\u00e8me l&rsquo;an pass\u00e9, est plus proche d&rsquo;un retour en deuxi\u00e8me division que d&rsquo;une qualification europ\u00e9enne,<a href=\"https:\/\/www.lefigaro.fr\/sports\/football\/liga\/classement\" target=\"_blank\" rel=\"noopener nofollow\" data-gtm-custom-categorie=\"navigation\" data-gtm-custom-action=\"crossclick\" data-gtm-custom-label=\"Contextuel\" data-gtm-event=\"customEventSPE\">\u00a0positionn\u00e9 \u00e0 la 15e place<\/a>, \u00e0 4 points de la zone de rel\u00e9gation, avec notamment deux rencontres difficiles \u00e0 disputer face \u00e0 la Real Sociedad (12e) et l&rsquo;Atl\u00e9tico Madrid (3e).<\/p>\n","protected":false},"excerpt":{"rendered":"Apr\u00e8s son hospitalisation vendredi, l\u2019entra\u00eeneur de G\u00e9rone Michel Sanchez a fait son retour ce lundi au club. De&hellip;\n","protected":false},"author":2,"featured_media":94305,"comment_status":"","ping_status":"","sticky":false,"template":"","format":"standard","meta":{"footnotes":""},"categories":[1412],"tags":[15007,525,3233,1981,15006,814,123,1451,5695,15008,2257,63,1452,1453,1454,1455,1011,27,453,955,15009,4790,1980,60],"class_list":{"0":"post-94304","1":"post","2":"type-post","3":"status-publish","4":"format-standard","5":"has-post-thumbnail","7":"category-f1","8":"tag-atletico","9":"tag-calendrier","10":"tag-championnat","11":"tag-classement","12":"tag-coupe-du-roi","13":"tag-direct","14":"tag-espagne","15":"tag-f1","16":"tag-fc-barcelone","17":"tag-fc-valence","18":"tag-foot","19":"tag-football","20":"tag-formula-1","21":"tag-formula1","22":"tag-formule-1","23":"tag-formule1","24":"tag-fr","25":"tag-france","26":"tag-liga","27":"tag-match","28":"tag-messi","29":"tag-real-madrid","30":"tag-resultats","31":"tag-sports"},"share_on_mastodon":{"url":"https:\/\/pubeurope.com\/@fr\/114495077933295753","error":""},"_links":{"self":[{"href":"https:\/\/www.europesays.com\/fr\/wp-json\/wp\/v2\/posts\/94304","targetHints":{"allow":["GET"]}}],"collection":[{"href":"https:\/\/www.europesays.com\/fr\/wp-json\/wp\/v2\/posts"}],"about":[{"href":"https:\/\/www.europesays.com\/fr\/wp-json\/wp\/v2\/types\/post"}],"author":[{"embeddable":true,"href":"https:\/\/www.europesays.com\/fr\/wp-json\/wp\/v2\/users\/2"}],"replies":[{"embeddable":true,"href":"https:\/\/www.europesays.com\/fr\/wp-json\/wp\/v2\/comments?post=94304"}],"version-history":[{"count":0,"href":"https:\/\/www.europesays.com\/fr\/wp-json\/wp\/v2\/posts\/94304\/revisions"}],"wp:featuredmedia":[{"embeddable":true,"href":"https:\/\/www.europesays.com\/fr\/wp-json\/wp\/v2\/media\/94305"}],"wp:attachment":[{"href":"https:\/\/www.europesays.com\/fr\/wp-json\/wp\/v2\/media?parent=94304"}],"wp:term":[{"taxonomy":"category","embeddable":true,"href":"https:\/\/www.europesays.com\/fr\/wp-json\/wp\/v2\/categories?post=94304"},{"taxonomy":"post_tag","embeddable":true,"href":"https:\/\/www.europesays.com\/fr\/wp-json\/wp\/v2\/tags?post=94304"}],"curies":[{"name":"wp","href":"https:\/\/api.w.org\/{rel}","templated":true}]}}