{"id":943093,"date":"2026-05-19T11:47:18","date_gmt":"2026-05-19T11:47:18","guid":{"rendered":"https:\/\/www.europesays.com\/fr\/943093\/"},"modified":"2026-05-19T11:47:18","modified_gmt":"2026-05-19T11:47:18","slug":"ebola-en-rdc-131-deces-estimes-et-513-cas-suspects-le-chef-de-loms-se-dit-profondement-preoccupe-par-lampleur-et-la-rapidite-de-lepidemie","status":"publish","type":"post","link":"https:\/\/www.europesays.com\/fr\/943093\/","title":{"rendered":"Ebola en RDC\u00a0: 131 d\u00e9c\u00e8s estim\u00e9s et 513 cas suspects, le chef de l\u2019OMS se dit \u00abprofond\u00e9ment pr\u00e9occup\u00e9 par l\u2019ampleur et la rapidit\u00e9\u00bb de l\u2019\u00e9pid\u00e9mie"},"content":{"rendered":"<p>\n    \u00abNous convoquerons aujourd\u2019hui le comit\u00e9 d\u2019urgence afin qu\u2019il nous conseille sur des recommandations temporaires\u00bb, a d\u00e9clar\u00e9 Tedros Adhanom Ghebreyesus, au 2e jour de l\u2019assembl\u00e9e annuelle des \u00c9tats membres de l\u2019OMS.<\/p>\n<p class=\"fig-paragraph\">L\u2019\u00e9pid\u00e9mie d\u2019<a href=\"http:\/\/www.lefigaro.fr\/international\/etats-unis-le-gouvernement-va-soumettre-les-voyageurs-aeriens-en-provenance-des-zones-touchees-a-un-depistage-d-ebola-20260518\" data-fig-type=\"NewsFlash\" data-gtm-custom-categorie=\"navigation\" data-gtm-custom-action=\"crossclick\" data-gtm-custom-label=\"Contextuel\" data-gtm-event=\"customEventSPE\" data-fig-domain=\"LEFIGARO\" rel=\"nofollow noopener\" target=\"_blank\">Ebola<\/a>\u00a0en\u00a0<a href=\"http:\/\/www.lefigaro.fr\/international\/ebola-la-republique-democratique-du-congo-frappee-par-une-souche-hautement-letale-et-sans-vaccin-20260516\" data-fig-type=\"NewsFlash\" data-gtm-custom-categorie=\"navigation\" data-gtm-custom-action=\"crossclick\" data-gtm-custom-label=\"Contextuel\" data-gtm-event=\"customEventSPE\" data-fig-domain=\"LEFIGARO\" rel=\"nofollow noopener\" target=\"_blank\">R\u00e9publique d\u00e9mocratique du Congo<\/a>\u00a0est vraisemblablement \u00e0 l\u2019origine de 131 d\u00e9c\u00e8s recens\u00e9s et de 513 cas suspects, a affirm\u00e9 le ministre de la Sant\u00e9 congolais \u00e0 la t\u00e9l\u00e9vision nationale dans la nuit de lundi \u00e0 mardi. L\u2019<a href=\"http:\/\/www.lefigaro.fr\/sciences\/mpox-l-organisation-mondiale-de-la-sante-maintient-son-plus-haut-niveau-d-alerte-20241122\" data-fig-type=\"NewsFlash\" data-gtm-custom-categorie=\"navigation\" data-gtm-custom-action=\"crossclick\" data-gtm-custom-label=\"Contextuel\" data-gtm-event=\"customEventSPE\" data-fig-domain=\"LEFIGARO\" rel=\"nofollow noopener\" target=\"_blank\">Organisation mondiale de la sant\u00e9 (OMS)\u00a0<\/a>a d\u00e9clench\u00e9 dimanche une alerte sanitaire internationale pour faire face \u00e0 une \u00e9pid\u00e9mie d\u2019Ebola en R\u00e9publique d\u00e9mocratique du Congo (RDC).<\/p>\n<p class=\"fig-paragraph\">Son directeur g\u00e9n\u00e9ral s\u2019est dit mardi \u00abprofond\u00e9ment pr\u00e9occup\u00e9 par l\u2019ampleur et la rapidit\u00e9\u00bb de l\u2019\u00e9pid\u00e9mie. \u00abNous convoquerons aujourd\u2019hui le comit\u00e9 d\u2019urgence afin qu\u2019il nous conseille sur des recommandations temporaires\u00bb, a d\u00e9clar\u00e9 Tedros Adhanom Ghebreyesus, au 2e jour de l\u2019assembl\u00e9e annuelle des \u00c9tats membres de l\u2019OMS.<\/p>\n<p>                                                <a class=\"fig-a11y-skip\" href=\"#fig-a11y-skip-main-inarticle\" is=\"fig-a11y-skip\" data-trigger-mode=\"visible-once\"><br \/>\n    Passer la publicit\u00e9<br \/>\n<\/a>            <\/p>\n<p class=\"fig-paragraph\">Ebola provoque une fi\u00e8vre h\u00e9morragique extr\u00eamement contagieuse. Le redoutable virus a fait plus de 15.000 morts en\u00a0<a href=\"http:\/\/www.lefigaro.fr\/conjoncture\/sommet-de-nairobi-emmanuel-macron-annonce-23-milliards-d-euros-d-investissements-francais-et-africains-en-afrique-20260511\" data-fig-type=\"NewsFlash\" data-gtm-custom-categorie=\"navigation\" data-gtm-custom-action=\"crossclick\" data-gtm-custom-label=\"Contextuel\" data-gtm-event=\"customEventSPE\" data-fig-domain=\"LEFIGARO\" rel=\"nofollow noopener\" target=\"_blank\">Afrique\u00a0<\/a>au cours des 50 derni\u00e8res ann\u00e9es. \u00abNous avons comptabilis\u00e9 \u00e0 peu pr\u00e8s 131 cas de d\u00e9c\u00e8s\u00bb au total et \u00abnous avons \u00e0 peu pr\u00e8s 513 cas suspects\u00bb, a d\u00e9clar\u00e9 Samuel Roger Kamba, ministre de la Sant\u00e9. \u00abLes d\u00e9c\u00e8s que nous donnons, ce sont tous les d\u00e9c\u00e8s que nous avons retrouv\u00e9s dans la communaut\u00e9 sans n\u00e9cessairement dire qu\u2019ils sont tous li\u00e9s \u00e0 Ebola\u00bb, a-t-il pr\u00e9cis\u00e9.<\/p>\n<p>                                                Le virus s\u2019est d\u00e9j\u00e0 propag\u00e9 au-del\u00e0 des fronti\u00e8res de l\u2019Ituri et de la RDC<\/p>\n<p class=\"fig-paragraph\">Peu d\u2019\u00e9chantillons ont pu \u00eatre test\u00e9s en laboratoire \u00e0 ce jour et les bilans s\u2019appuient principalement sur des cas de suspicion. Le pr\u00e9c\u00e9dent bilan du minist\u00e8re congolais de la sant\u00e9 faisait \u00e9tat de 91 d\u00e9c\u00e8s et 350 cas suspects. L\u2019\u00e9picentre de l\u2019\u00e9pid\u00e9mie se situe en Ituri, province du nord-est congolais, frontali\u00e8re de\u00a0<a href=\"http:\/\/www.lefigaro.fr\/international\/ouganda-quatre-enfants-poignardes-a-mort-dans-une-ecole-maternelle-a-kampala-un-suspect-arrete-20260402\" data-fig-type=\"NewsFlash\" data-gtm-custom-categorie=\"navigation\" data-gtm-custom-action=\"crossclick\" data-gtm-custom-label=\"Contextuel\" data-gtm-event=\"customEventSPE\" data-fig-domain=\"LEFIGARO\" rel=\"nofollow noopener\" target=\"_blank\">l\u2019Ouganda\u00a0<\/a>et du\u00a0<a href=\"http:\/\/www.lefigaro.fr\/international\/au-soudan-du-sud-le-pam-suspend-ses-operations-apres-le-pillage-d-un-convoi-d-aide-20260212\" data-fig-type=\"Article\" data-gtm-custom-categorie=\"navigation\" data-gtm-custom-action=\"crossclick\" data-gtm-custom-label=\"Contextuel\" data-gtm-event=\"customEventSPE\" data-fig-domain=\"LEFIGARO\" rel=\"nofollow noopener\" target=\"_blank\">Soudan du Sud<\/a>. Dans cette r\u00e9gion aurif\u00e8re, d\u2019intenses mouvements de population li\u00e9s \u00e0 l\u2019activit\u00e9 mini\u00e8re ont lieu quotidiennement.<\/p>\n<p class=\"fig-paragraph\">Le virus s\u2019est d\u00e9j\u00e0 propag\u00e9 au-del\u00e0 des fronti\u00e8res de l\u2019Ituri et de la RDC. Des cas suspects ont \u00e9t\u00e9 signal\u00e9s \u00e0 Butembo, carrefour commercial situ\u00e9 dans la province du Nord-Kivu voisine de l\u2019Ituri, \u00e0 environ 200 km du foyer de l\u2019\u00e9pid\u00e9mie, a indiqu\u00e9 Samuel Roger Kamba, sans plus de pr\u00e9cision.<\/p>\n<p class=\"fig-paragraph\">Un cas a \u00e9galement \u00e9t\u00e9 recens\u00e9 \u00e0 Goma, grande ville de l\u2019est congolais contr\u00f4l\u00e9e par le groupe arm\u00e9 antigouvernemental M23 et capitale du Nord-Kivu. \u00abL\u2019alerte malheureusement a tra\u00een\u00e9 dans la communaut\u00e9, parce qu\u2019il y a eu une pens\u00e9e que c\u2019\u00e9tait une maladie mystique, et donc \u00e0 cause de \u00e7a, les malades n\u2019avaient pas \u00e9t\u00e9 amen\u00e9s \u00e0 l\u2019h\u00f4pital\u00bb, a ajout\u00e9 M. Kamba.<\/p>\n<p>                                                <strong>L\u2019Allemagne va \u00abaccueillir et soigner\u00bb un patient am\u00e9ricain<\/strong><\/p>\n<p class=\"fig-paragraph\">L\u2019Allemagne a accept\u00e9 de soigner un ressortissant am\u00e9ricain ayant contract\u00e9 le virus Ebola en RDC, a indiqu\u00e9 mardi \u00e0 l\u2019AFP le minist\u00e8re allemand de la Sant\u00e9.<\/p>\n<p>                                                <a class=\"fig-a11y-skip\" href=\"#fig-a11y-skip-main-inarticle_mtf\" is=\"fig-a11y-skip\" data-trigger-mode=\"visible-once\"><br \/>\n    Passer la publicit\u00e9<br \/>\n<\/a>            <\/p>\n<p class=\"fig-paragraph\">\u00abLes autorit\u00e9s am\u00e9ricaines ont demand\u00e9 l\u2019aide du gouvernement f\u00e9d\u00e9ral (allemand) pour soigner un citoyen am\u00e9ricain qui a contract\u00e9 le virus Ebola en (RD) Congo. Des dispositions sont actuellement prises pour accueillir et soigner le patient en Allemagne\u00bb, a indiqu\u00e9 le minist\u00e8re, sans pr\u00e9ciser le calendrier du transfert ni l\u2019endroit o\u00f9 le patient sera pris en charge.<\/p>\n","protected":false},"excerpt":{"rendered":"\u00abNous convoquerons aujourd\u2019hui le comit\u00e9 d\u2019urgence afin qu\u2019il nous conseille sur des recommandations temporaires\u00bb, a d\u00e9clar\u00e9 Tedros Adhanom&hellip;\n","protected":false},"author":2,"featured_media":943094,"comment_status":"","ping_status":"","sticky":false,"template":"","format":"standard","meta":{"footnotes":"","_share_on_mastodon":"0"},"categories":[10],"tags":[8704,47,8699,8707,8706,99231,434,4988,1011,27,8705,72,8700,5362,226,224,8701,225,8702,298,4456,71,8703,801,227],"class_list":["post-943093","post","type-post","status-publish","format-standard","has-post-thumbnail","category-sante","tag-actu-sante","tag-actualite","tag-actualite-sante","tag-conseil-medical","tag-conseils-medicaux","tag-ebola","tag-epidemie","tag-forme","tag-fr","tag-france","tag-guide-des-medicaments","tag-health","tag-info-sante","tag-magazine-sante","tag-maladie","tag-medecine","tag-medical","tag-medicament","tag-nutrition-et-sante","tag-psychologie","tag-republique-democratique-du-congo","tag-sante","tag-sexualite","tag-social","tag-traitement"],"share_on_mastodon":{"url":"https:\/\/pubeurope.com\/@fr\/116601084291831653","error":""},"_links":{"self":[{"href":"https:\/\/www.europesays.com\/fr\/wp-json\/wp\/v2\/posts\/943093","targetHints":{"allow":["GET"]}}],"collection":[{"href":"https:\/\/www.europesays.com\/fr\/wp-json\/wp\/v2\/posts"}],"about":[{"href":"https:\/\/www.europesays.com\/fr\/wp-json\/wp\/v2\/types\/post"}],"author":[{"embeddable":true,"href":"https:\/\/www.europesays.com\/fr\/wp-json\/wp\/v2\/users\/2"}],"replies":[{"embeddable":true,"href":"https:\/\/www.europesays.com\/fr\/wp-json\/wp\/v2\/comments?post=943093"}],"version-history":[{"count":0,"href":"https:\/\/www.europesays.com\/fr\/wp-json\/wp\/v2\/posts\/943093\/revisions"}],"wp:featuredmedia":[{"embeddable":true,"href":"https:\/\/www.europesays.com\/fr\/wp-json\/wp\/v2\/media\/943094"}],"wp:attachment":[{"href":"https:\/\/www.europesays.com\/fr\/wp-json\/wp\/v2\/media?parent=943093"}],"wp:term":[{"taxonomy":"category","embeddable":true,"href":"https:\/\/www.europesays.com\/fr\/wp-json\/wp\/v2\/categories?post=943093"},{"taxonomy":"post_tag","embeddable":true,"href":"https:\/\/www.europesays.com\/fr\/wp-json\/wp\/v2\/tags?post=943093"}],"curies":[{"name":"wp","href":"https:\/\/api.w.org\/{rel}","templated":true}]}}