{"id":94310,"date":"2025-05-12T13:25:09","date_gmt":"2025-05-12T13:25:09","guid":{"rendered":"https:\/\/www.europesays.com\/fr\/94310\/"},"modified":"2025-05-12T13:25:09","modified_gmt":"2025-05-12T13:25:09","slug":"me-donner-a-un-desir-juliette-binoche-sans-filtre-avant-son-festival-de-cannes","status":"publish","type":"post","link":"https:\/\/www.europesays.com\/fr\/94310\/","title":{"rendered":"\u201cMe donner \u00e0 un d\u00e9sir\u2026\u201d : Juliette Binoche sans filtre avant son Festival de Cannes"},"content":{"rendered":"<p><a href=\"https:\/\/www.closermag.fr\/people\/juliette-binoche-maltraitee-par-un-acteur-ses-douloureux-souvenirs-de-tournage-3543830\" target=\"_blank\" rel=\"noopener\"><br \/>\nJuliette Binoche<\/a> a \u00e9t\u00e9 choisie pour pr\u00e9sider le jury de la 78e<br \/>\n\u00e9dition du <a href=\"https:\/\/www.closermag.fr\/people\/ces-scenes-nues-les-agressions-juliette-binoche-pointe-du-doigt-jean-luc-godard-3543531\" target=\"_blank\" rel=\"noopener\"><br \/>\nFestival de Cannes<\/a>. Une mission qu\u2019elle prend au s\u00e9rieux, mais<br \/>\nsans se prendre au s\u00e9rieux. \u201cSi j\u2019ai un d\u00e9sir, c\u2019est celui que<br \/>\nnous regardions vraiment tous les films ensemble\u201d,<br \/>\nconfie-t-elle dans une interview pour T\u00e9l\u00e9rama. <a href=\"https:\/\/www.closermag.fr\/people\/juliette-binoche-maltraitee-par-un-acteur-ses-douloureux-souvenirs-de-tournage-3543830\" target=\"_blank\" rel=\"noopener\"><br \/>\nL\u2019actrice<\/a> veut vivre cette exp\u00e9rience dans l\u2019\u00e9coute et le<br \/>\nrespect de chacun.<\/p>\n<p>Connue pour ses r\u00f4les marquants au cin\u00e9ma, elle a re\u00e7u un Oscar<br \/>\npour Le patient anglais et un prix d\u2019interpr\u00e9tation \u00e0<br \/>\nCannes pour Copie conforme. Pourtant, elle garde une<br \/>\nattitude simple. L\u2019actrice est loin d\u2019\u00eatre attach\u00e9e au maquillage<br \/>\net \u00e0 la mise en sc\u00e8ne. Elle pr\u00e9f\u00e8re parler de \u201cbeaux<br \/>\nhasards\u201d plut\u00f4t que de carri\u00e8re, bien que la sienne soit tr\u00e8s<br \/>\nimpressionante.<\/p>\n<p>Un r\u00f4le important pour Juliette Binoche\u00a0<\/p>\n<p>Pour Juliette Binoche, diriger un jury n\u2019est pas une affaire de<br \/>\npouvoir. \u201cMener n\u2019est pas le bon terme\u201d, explique-t-elle.<br \/>\nElle cherche plut\u00f4t \u00e0 cr\u00e9er une bonne ambiance dans le groupe.<br \/>\n\u201cJe veux donner \u00e0 chacun l\u00a0\u00bbimpression d&rsquo;\u00eatre \u00e0 sa place, et<br \/>\nj&rsquo;ai h\u00e2te d&rsquo;\u00e9couter chaque sensibilit\u00e9.\u201d confie-t-elle \u00e0<br \/>\nT\u00e9l\u00e9rama avec enthousiasme.\u00a0\u00a0<\/p>\n<p>Elle insiste aussi sur l\u2019importance de r\u00e9agir \u201c\u00e0 chaud\u201d<br \/>\naux films, puis d\u2019en reparler plus tard. Elle aime ce travail<br \/>\ncollectif. \u201cDans tous les cas, l&rsquo;exercice de la rencontre &#8211;<br \/>\navec chaque membre du jury, et avec les \u0153uvres, \u00e9videmment &#8211; est<br \/>\nenivrant\u201d, dit-elle. Elle voit ce r\u00f4le comme un prolongement<br \/>\nde son m\u00e9tier d\u2019actrice.<\/p>\n<p>Le festival de Cannes : un grand<br \/>\nmoment\u00a0<\/p>\n<p>Juliette Binoche voit dans Cannes un endroit o\u00f9 le cin\u00e9ma peut<br \/>\nfaire passer des messages. \u201cC\u2019est fou comme Cannes peut \u00eatre<br \/>\nune chambre de r\u00e9sonance politique\u201d, dit-elle. Elle attend du<br \/>\nfestival qu\u2019il montre des regards diff\u00e9rents, des points de vue<br \/>\nengag\u00e9s. M\u00eame apr\u00e8s quarante ans de carri\u00e8re, elle garde la m\u00eame<br \/>\nenvie de d\u00e9couverte. Elle n\u2019a jamais choisi ses r\u00f4les pour plaire<br \/>\nou pour briller, et elle avance avec sinc\u00e9rit\u00e9 dans son<br \/>\nmilieu.\u00a0<\/p>\n<p>Avec son parcours impressionnant et sa riche carri\u00e8re, Juliette<br \/>\nBinoche a d\u00e9j\u00e0 \u00e9t\u00e9 encens\u00e9e dans son m\u00e9tier. De nombreux<br \/>\nr\u00e9alisateurs du monde entier l\u2019ont choisie pour son talent, sa<br \/>\ncapacit\u00e9 \u00e0 s\u2019adapter et \u00e0 oser. \u00c0 60 ans pass\u00e9s, elle garde ce<br \/>\ngrand d\u00e9sir de se donner \u00e0 100 %. Elle ne s\u2019investie pas seulement<br \/>\nen tant qu\u2019actrice, mais aussi en tant que pr\u00e9sidente de ce<br \/>\njury.\u00a0<\/p>\n","protected":false},"excerpt":{"rendered":"Juliette Binoche a \u00e9t\u00e9 choisie pour pr\u00e9sider le jury de la 78e \u00e9dition du Festival de Cannes. Une&hellip;\n","protected":false},"author":2,"featured_media":94311,"comment_status":"","ping_status":"","sticky":false,"template":"","format":"standard","meta":{"footnotes":""},"categories":[1359],"tags":[548,650,58,59,5634,1011,27,5683,973],"class_list":{"0":"post-94310","1":"post","2":"type-post","3":"status-publish","4":"format-standard","5":"has-post-thumbnail","7":"category-people","8":"tag-article-simple","9":"tag-cinema","10":"tag-divertissement","11":"tag-entertainment","12":"tag-festival-de-cannes","13":"tag-fr","14":"tag-france","15":"tag-juliette-binoche","16":"tag-people"},"share_on_mastodon":{"url":"https:\/\/pubeurope.com\/@fr\/114495089732260605","error":""},"_links":{"self":[{"href":"https:\/\/www.europesays.com\/fr\/wp-json\/wp\/v2\/posts\/94310","targetHints":{"allow":["GET"]}}],"collection":[{"href":"https:\/\/www.europesays.com\/fr\/wp-json\/wp\/v2\/posts"}],"about":[{"href":"https:\/\/www.europesays.com\/fr\/wp-json\/wp\/v2\/types\/post"}],"author":[{"embeddable":true,"href":"https:\/\/www.europesays.com\/fr\/wp-json\/wp\/v2\/users\/2"}],"replies":[{"embeddable":true,"href":"https:\/\/www.europesays.com\/fr\/wp-json\/wp\/v2\/comments?post=94310"}],"version-history":[{"count":0,"href":"https:\/\/www.europesays.com\/fr\/wp-json\/wp\/v2\/posts\/94310\/revisions"}],"wp:featuredmedia":[{"embeddable":true,"href":"https:\/\/www.europesays.com\/fr\/wp-json\/wp\/v2\/media\/94311"}],"wp:attachment":[{"href":"https:\/\/www.europesays.com\/fr\/wp-json\/wp\/v2\/media?parent=94310"}],"wp:term":[{"taxonomy":"category","embeddable":true,"href":"https:\/\/www.europesays.com\/fr\/wp-json\/wp\/v2\/categories?post=94310"},{"taxonomy":"post_tag","embeddable":true,"href":"https:\/\/www.europesays.com\/fr\/wp-json\/wp\/v2\/tags?post=94310"}],"curies":[{"name":"wp","href":"https:\/\/api.w.org\/{rel}","templated":true}]}}