{"id":94316,"date":"2025-05-12T13:28:09","date_gmt":"2025-05-12T13:28:09","guid":{"rendered":"https:\/\/www.europesays.com\/fr\/94316\/"},"modified":"2025-05-12T13:28:09","modified_gmt":"2025-05-12T13:28:09","slug":"sophie-tapie-ereintee-par-le-tournage-des-traitres","status":"publish","type":"post","link":"https:\/\/www.europesays.com\/fr\/94316\/","title":{"rendered":"Sophie Tapie \u00e9reint\u00e9e par le tournage des \u00abTra\u00eetres\u00bb"},"content":{"rendered":"<p>Le deuxi\u00e8me \u00e9pisode de la saison 4 du jeu de M6, diffus\u00e9 jeudi 10 avril, avait \u00e9t\u00e9 marqu\u00e9 par l\u2019absence de la chanteuse.<\/p>\n<p class=\"fig-paragraph\">Tous les candidats des\u00a0<a href=\"https:\/\/tvmag.lefigaro.fr\/programme-tv\/programme\/les-traitres-d1280983536\" target=\"_blank\" rel=\"noopener\" data-gtm-custom-categorie=\"navigation\" data-gtm-custom-action=\"crossclick\" data-gtm-custom-label=\"Contextuel\" data-gtm-event=\"customEventSPE\"><strong>\u00abTra\u00eetres\u00bb<\/strong><\/a> \u00a0sont unanimes\u00a0: personne ne sort indemne du jeu de M6. Plus encore\u00a0<a href=\"https:\/\/www.lefigaro.fr\/tag\/sophie-tapie\" target=\"_blank\" rel=\"noopener\" data-gtm-custom-categorie=\"navigation\" data-gtm-custom-action=\"crossclick\" data-gtm-custom-label=\"Contextuel\" data-gtm-event=\"customEventSPE\"><strong>Sophie Tapie<\/strong><\/a> . Samedi, la fille de Bernard et Dominique Tapie a \u00e9t\u00e9 \u00e9limin\u00e9e \u00e0 la table ronde finale et a vu\u00a0<a href=\"http:\/\/tvmag.lefigaro.fr\/programme-tv\/actu-tele\/j-ai-cru-que-je-n-allais-pas-tenir-qui-a-remporte-la-saison-4-des-traitres-20250511\" target=\"_blank\" data-fig-type=\"Article\" rel=\"noopener\" data-gtm-custom-categorie=\"navigation\" data-gtm-custom-action=\"crossclick\" data-gtm-custom-label=\"Contextuel\" data-gtm-event=\"customEventSPE\" data-fig-domain=\"TVMAG\">son alli\u00e9, Adil Rami, remporter la victoire<\/a>. Ce dernier a d\u00e9cid\u00e9 de partager ses gains s\u2019\u00e9levant \u00e0 44.000 euros avec elle. Une issue qui aurait pu \u00eatre diff\u00e9rente.<\/p>\n<p class=\"fig-paragraph\">En effet, au cours du tournage qui s\u2019est d\u00e9roul\u00e9 en d\u00e9cembre dernier au ch\u00e2teau de Bournel (Franche-Comt\u00e9), Sophie Tapie, enceinte de sept mois, avait d\u00fb s\u2019absenter pour raisons m\u00e9dicales. \u00abJ\u2019ai \u00e9t\u00e9 hospitalis\u00e9e. On m\u2019a emmen\u00e9e aux urgences, \u00e0 1h30 du ch\u00e2teau\u00bb, a confi\u00e9 la chanteuse \u00e0 nos confr\u00e8res de\u00a0<a href=\"https:\/\/www.ozap.com\/actu\/sophie-tapie-les-traitres-sur-m6-adil-rami-a-partage-les-44000-euros-de-la-cagnotte-avec-moi\/649857\" target=\"_blank\" rel=\"noopener\" data-gtm-custom-categorie=\"navigation\" data-gtm-custom-action=\"crossclick\" data-gtm-custom-label=\"Contextuel\" data-gtm-event=\"customEventSPE\">Purem\u00e9dias<\/a>. Apr\u00e8s une auscultation, son \u00e9tat de sant\u00e9 a \u00e9t\u00e9 jug\u00e9 incompatible avec les conditions de tournage. \u00abUne personne m\u2019a auscult\u00e9e a dit qu\u2019il \u00e9tait hors de question que je tourne pendant les 24 prochaines heures. Et finalement, j\u2019ai tourn\u00e9 le soir quand m\u00eame\u00bb, a-t-elle ajout\u00e9. Faisant fi des assurances en cas de complications.<\/p>\n<p class=\"fig-body-link\">\n            \u00c0 lire aussi<br \/>\n        <a class=\"fig-body-link__link fig-premium-mark\" href=\"http:\/\/tvmag.lefigaro.fr\/programme-tv\/ce-soir-tele\/c-est-un-jeu-terrible-pourquoi-les-candidats-des-traitres-n-en-sortent-pas-indemnes-20250410\" target=\"_blank\" data-fig-type=\"Article\" rel=\"noopener\" data-gtm-custom-categorie=\"navigation\" data-gtm-custom-action=\"crossclick\" data-gtm-custom-label=\"Contextuel\" data-gtm-event=\"customEventSPE\" data-fig-domain=\"TVMAG\">\u00abC\u2019est un jeu terrible\u00bb\u00a0: pourquoi les candidats des \u00abTra\u00eetres\u00bb n\u2019en sortent pas indemnes\u00a0?<br \/>\n    <\/a>\n<\/p>\n<p class=\"fig-paragraph\">\u00c0 deux mois de son terme de grossesse et alors que son premier fils, C\u00e9sar, \u00e2g\u00e9 de dix mois \u00e0 l\u2019\u00e9poque, l\u2019accompagnait, Sophie Tapie a \u00e9t\u00e9 gagn\u00e9e par une extr\u00eame fatigue. \u00abJe n\u2019ai jamais \u00e9t\u00e9 aussi fatigu\u00e9e de toute ma vie. En gros, on rentrait dans la chambre, il \u00e9tait 21h30. Moi, je ressortais [pour le conseil des tra\u00eetres, NDR], il \u00e9tait 22h30. Je rentrais dans ma chambre, il \u00e9tait minuit. Sauf que Nico [l\u2019humoriste Nicolas Lacroix, NDR] \u00e9tait dans la chambre \u00e0 c\u00f4t\u00e9. Du coup, je n\u2019osais pas me doucher en rentrant parce que j\u2019avais peur que \u00e7a \u00e9veille les soup\u00e7ons. Je mettais donc mon r\u00e9veil une heure plus t\u00f4t, \u00e0 5 heures du matin, pour pouvoir me laver, m\u2019occuper de mon fils, et apr\u00e8s aller tourner toute la journ\u00e9e\u00bb, a-t-elle d\u00e9taill\u00e9. C\u2019est aussi la raison de son \u0153il rouge. \u00abC\u2019est pour \u00e7a que j\u2019ai une tache rouge dans l\u2019\u0153il d\u2019ailleurs. J\u2019ai les vaisseaux sanguins qui p\u00e8tent tellement je suis fatigu\u00e9e\u00bb, a-t-elle soulign\u00e9.<\/p>\n<p class=\"fig-paragraph\">D\u00e9cid\u00e9ment, le tournage des \u00abTra\u00eetres\u00bb n\u2019a pas \u00e9t\u00e9 un long fleuve tranquille pour Sophie Tapie. Outre les tractations, la chanteuse avait eu la d\u00e9sagr\u00e9able surprise de d\u00e9couvrir que son fils \u00e9tait atteint de la varicelle. \u00ab On a d\u00fb le rapatrier en cours de route\u00bb, avait-elle r\u00e9v\u00e9l\u00e9 \u00e0 T\u00e9l\u00e9 Star.<\/p>\n","protected":false},"excerpt":{"rendered":"Le deuxi\u00e8me \u00e9pisode de la saison 4 du jeu de M6, diffus\u00e9 jeudi 10 avril, avait \u00e9t\u00e9 marqu\u00e9&hellip;\n","protected":false},"author":2,"featured_media":94317,"comment_status":"","ping_status":"","sticky":false,"template":"","format":"standard","meta":{"footnotes":""},"categories":[1356],"tags":[497,496,499,58,59,1011,27,494,500,504,505,495,503,502,501,1199,252,1364,498],"class_list":{"0":"post-94316","1":"post","2":"type-post","3":"status-publish","4":"format-standard","5":"has-post-thumbnail","7":"category-television","8":"tag-actu-tv","9":"tag-actualite-tv","10":"tag-buzz-tv","11":"tag-divertissement","12":"tag-entertainment","13":"tag-fr","14":"tag-france","15":"tag-m6","16":"tag-medias","17":"tag-news-tele","18":"tag-news-television","19":"tag-news-tv","20":"tag-programme-tele","21":"tag-programme-tv","22":"tag-quiz-tv","23":"tag-sophie-tapie","24":"tag-television","25":"tag-tv","26":"tag-tv-actu"},"share_on_mastodon":{"url":"https:\/\/pubeurope.com\/@fr\/114495101764464584","error":""},"_links":{"self":[{"href":"https:\/\/www.europesays.com\/fr\/wp-json\/wp\/v2\/posts\/94316","targetHints":{"allow":["GET"]}}],"collection":[{"href":"https:\/\/www.europesays.com\/fr\/wp-json\/wp\/v2\/posts"}],"about":[{"href":"https:\/\/www.europesays.com\/fr\/wp-json\/wp\/v2\/types\/post"}],"author":[{"embeddable":true,"href":"https:\/\/www.europesays.com\/fr\/wp-json\/wp\/v2\/users\/2"}],"replies":[{"embeddable":true,"href":"https:\/\/www.europesays.com\/fr\/wp-json\/wp\/v2\/comments?post=94316"}],"version-history":[{"count":0,"href":"https:\/\/www.europesays.com\/fr\/wp-json\/wp\/v2\/posts\/94316\/revisions"}],"wp:featuredmedia":[{"embeddable":true,"href":"https:\/\/www.europesays.com\/fr\/wp-json\/wp\/v2\/media\/94317"}],"wp:attachment":[{"href":"https:\/\/www.europesays.com\/fr\/wp-json\/wp\/v2\/media?parent=94316"}],"wp:term":[{"taxonomy":"category","embeddable":true,"href":"https:\/\/www.europesays.com\/fr\/wp-json\/wp\/v2\/categories?post=94316"},{"taxonomy":"post_tag","embeddable":true,"href":"https:\/\/www.europesays.com\/fr\/wp-json\/wp\/v2\/tags?post=94316"}],"curies":[{"name":"wp","href":"https:\/\/api.w.org\/{rel}","templated":true}]}}