{"id":94318,"date":"2025-05-12T13:29:14","date_gmt":"2025-05-12T13:29:14","guid":{"rendered":"https:\/\/www.europesays.com\/fr\/94318\/"},"modified":"2025-05-12T13:29:14","modified_gmt":"2025-05-12T13:29:14","slug":"on-vous-fait-le-recap-des-artistes-attendus-au-gp-explorer","status":"publish","type":"post","link":"https:\/\/www.europesays.com\/fr\/94318\/","title":{"rendered":"On vous fait le r\u00e9cap\u2019 des artistes attendus au GP Explorer"},"content":{"rendered":"<p>Squeezie a <a href=\"https:\/\/www.konbini.com\/internet\/squeezie-annonce-les-dates-et-les-pilotes-du-troisieme-et-dernier-gp-explorer\/\" target=\"_blank\" rel=\"noopener\">annonc\u00e9 les dates et les nouveaux participants<\/a> de la derni\u00e8re \u00e9dition du GP Explorer 3. Beaucoup de nouveaut\u00e9s, notamment l\u2019arriv\u00e9e d\u2019influenceurs internationaux et de nouvelles t\u00eates fran\u00e7aises comme Amine, Cocotte, Mastu, ou encore\u2026 PLK.\u00a0<\/p>\n<p>Si PLK arrive avec une fan-base bien d\u00e9cid\u00e9e \u00e0 le supporter co\u00fbte que co\u00fbte, il va \u00e9galement pouvoir compter sur des habilet\u00e9s techniques acquises plus t\u00f4t dans sa vie, comme le d\u00e9taille Squeezie en stream, impressionn\u00e9 par les premiers pas du rappeur dans sa F4 : \u00ab\u00a0C\u2019est le meilleur des nouveaux \u00e0 l\u2019heure actuelle, je veux pas lui mettre la pression (\u2026) il a des bases plus que solides.\u00a0\u00bb\u00a0<\/p>\n<p>Celui qui fera \u00e9quipe avec son pote et coll\u00e8gue Mister V pourra en effet compter sur son pass\u00e9 de m\u00e9canicien pour se d\u00e9marquer, et pourquoi pas cumuler les jobs de m\u00e9cano et de conducteur pour un maximum d\u2019autonomie. Dans une <a href=\"https:\/\/www.youtube.com\/watch?v=PK-VEnk1AhU\" target=\"_blank\" rel=\"noopener\">interview pour OKLM<\/a>, PLK raconte avoir fait \u00ab\u00a04 ans au garage\u00a0\u00bb avant de vraiment s\u2019investir dans le rap. Il ajoute avoir lui-m\u00eame r\u00e9par\u00e9 son tour-bus lors d\u2019une tourn\u00e9e. On vous avait dit quoi, il va falloir se m\u00e9fier de Polak.<\/p>\n<p>De l\u2019autre c\u00f4t\u00e9, SCH renfile les gants et sera lui aussi un concurrent de taille. Le rappeur marseillais tentera de faire mieux que l\u2019an dernier, m\u00eame si on sait que secr\u00e8tement <a href=\"https:\/\/www.konbini.com\/popculture\/il-faudra-se-souvenir-de-lentree-legendaire-de-sch-a-moto-pour-son-premier-bercy\/\" target=\"_blank\" rel=\"noopener\">il n\u2019attendait qu\u2019une chose, un GP 3 en moto<\/a>. D\u00e9so le S\u2026<\/p>\n","protected":false},"excerpt":{"rendered":"Squeezie a annonc\u00e9 les dates et les nouveaux participants de la derni\u00e8re \u00e9dition du GP Explorer 3. Beaucoup&hellip;\n","protected":false},"author":2,"featured_media":94319,"comment_status":"","ping_status":"","sticky":false,"template":"","format":"standard","meta":{"footnotes":""},"categories":[1355],"tags":[58,59,1011,27,1361,873,1970],"class_list":{"0":"post-94318","1":"post","2":"type-post","3":"status-publish","4":"format-standard","5":"has-post-thumbnail","7":"category-musique","8":"tag-divertissement","9":"tag-entertainment","10":"tag-fr","11":"tag-france","12":"tag-music","13":"tag-musique","14":"tag-pop-culture"},"share_on_mastodon":{"url":"https:\/\/pubeurope.com\/@fr\/114495105686249454","error":""},"_links":{"self":[{"href":"https:\/\/www.europesays.com\/fr\/wp-json\/wp\/v2\/posts\/94318","targetHints":{"allow":["GET"]}}],"collection":[{"href":"https:\/\/www.europesays.com\/fr\/wp-json\/wp\/v2\/posts"}],"about":[{"href":"https:\/\/www.europesays.com\/fr\/wp-json\/wp\/v2\/types\/post"}],"author":[{"embeddable":true,"href":"https:\/\/www.europesays.com\/fr\/wp-json\/wp\/v2\/users\/2"}],"replies":[{"embeddable":true,"href":"https:\/\/www.europesays.com\/fr\/wp-json\/wp\/v2\/comments?post=94318"}],"version-history":[{"count":0,"href":"https:\/\/www.europesays.com\/fr\/wp-json\/wp\/v2\/posts\/94318\/revisions"}],"wp:featuredmedia":[{"embeddable":true,"href":"https:\/\/www.europesays.com\/fr\/wp-json\/wp\/v2\/media\/94319"}],"wp:attachment":[{"href":"https:\/\/www.europesays.com\/fr\/wp-json\/wp\/v2\/media?parent=94318"}],"wp:term":[{"taxonomy":"category","embeddable":true,"href":"https:\/\/www.europesays.com\/fr\/wp-json\/wp\/v2\/categories?post=94318"},{"taxonomy":"post_tag","embeddable":true,"href":"https:\/\/www.europesays.com\/fr\/wp-json\/wp\/v2\/tags?post=94318"}],"curies":[{"name":"wp","href":"https:\/\/api.w.org\/{rel}","templated":true}]}}