{"id":94351,"date":"2025-05-12T13:53:11","date_gmt":"2025-05-12T13:53:11","guid":{"rendered":"https:\/\/www.europesays.com\/fr\/94351\/"},"modified":"2025-05-12T13:53:11","modified_gmt":"2025-05-12T13:53:11","slug":"un-ado-chute-du-troisieme-etage-en-voulant-saluer-un-ami","status":"publish","type":"post","link":"https:\/\/www.europesays.com\/fr\/94351\/","title":{"rendered":"Un ado chute du troisi\u00e8me \u00e9tage en voulant saluer un ami"},"content":{"rendered":"<p>Un <a href=\"https:\/\/www.20minutes.fr\/dossier\/adolescent\" class=\"color-ultramarine c-link\" rel=\"nofollow noopener\" target=\"_blank\">adolescent<\/a> de 15 ans a \u00e9t\u00e9 transport\u00e9 au CHU Charles-Nicolle de <a href=\"https:\/\/www.20minutes.fr\/dossier\/rouen\" class=\"color-ultramarine c-link\" rel=\"nofollow noopener\" target=\"_blank\">Rouen<\/a>, apr\u00e8s une chute du troisi\u00e8me \u00e9tage d\u2019un immeuble, samedi aux alentours de 5h15 du matin.<\/p>\n<p><a href=\"https:\/\/www.paris-normandie.fr\/id630064\/article\/2025-05-12\/il-chute-du-troisieme-etage-dun-immeuble-dans-le-centre-ville-de-rouen\" rel=\"nofollow noopener\" target=\"_blank\" class=\"color-ultramarine c-link\">Paris-Normandie<\/a> explique que l\u2019ado se trouvait au domicile d\u2019un ami, dans un immeuble de la rue Malherbe, dans le centre-ville de Rouen (<a href=\"https:\/\/www.20minutes.fr\/dossier\/seine_maritime-1\" class=\"color-ultramarine c-link\" rel=\"nofollow noopener\" target=\"_blank\">Seine-Maritime<\/a>), lorsqu\u2019il a vu un ami passer dans la rue. C\u2019est en voulant le saluer qu\u2019il s\u2019est trop pench\u00e9, et qu\u2019il est tomb\u00e9.<\/p>\n<p>Heureusement sa chute a \u00e9t\u00e9 amortie par le toit d\u2019un commerce situ\u00e9 au pied de l\u2019immeuble. Le pronostic vital de l\u2019adolescent n\u2019est pas engag\u00e9.<\/p>\n","protected":false},"excerpt":{"rendered":"Un adolescent de 15 ans a \u00e9t\u00e9 transport\u00e9 au CHU Charles-Nicolle de Rouen, apr\u00e8s une chute du troisi\u00e8me&hellip;\n","protected":false},"author":2,"featured_media":94352,"comment_status":"","ping_status":"","sticky":false,"template":"","format":"standard","meta":{"footnotes":""},"categories":[9587],"tags":[119,1111,47,11,1084,1777,674,118,1011,27,12,5161,25,9590,5163,6444],"class_list":{"0":"post-94351","1":"post","2":"type-post","3":"status-publish","4":"format-standard","5":"has-post-thumbnail","7":"category-rouen","8":"tag-accident","9":"tag-actu","10":"tag-actualite","11":"tag-actualites","12":"tag-adolescent","13":"tag-eu","14":"tag-europe","15":"tag-faits-divers","16":"tag-fr","17":"tag-france","18":"tag-news","19":"tag-normandie","20":"tag-republique-francaise","21":"tag-rouen","22":"tag-seine-maritime","23":"tag-urgences"},"share_on_mastodon":{"url":"https:\/\/pubeurope.com\/@fr\/114495199825411960","error":""},"_links":{"self":[{"href":"https:\/\/www.europesays.com\/fr\/wp-json\/wp\/v2\/posts\/94351","targetHints":{"allow":["GET"]}}],"collection":[{"href":"https:\/\/www.europesays.com\/fr\/wp-json\/wp\/v2\/posts"}],"about":[{"href":"https:\/\/www.europesays.com\/fr\/wp-json\/wp\/v2\/types\/post"}],"author":[{"embeddable":true,"href":"https:\/\/www.europesays.com\/fr\/wp-json\/wp\/v2\/users\/2"}],"replies":[{"embeddable":true,"href":"https:\/\/www.europesays.com\/fr\/wp-json\/wp\/v2\/comments?post=94351"}],"version-history":[{"count":0,"href":"https:\/\/www.europesays.com\/fr\/wp-json\/wp\/v2\/posts\/94351\/revisions"}],"wp:featuredmedia":[{"embeddable":true,"href":"https:\/\/www.europesays.com\/fr\/wp-json\/wp\/v2\/media\/94352"}],"wp:attachment":[{"href":"https:\/\/www.europesays.com\/fr\/wp-json\/wp\/v2\/media?parent=94351"}],"wp:term":[{"taxonomy":"category","embeddable":true,"href":"https:\/\/www.europesays.com\/fr\/wp-json\/wp\/v2\/categories?post=94351"},{"taxonomy":"post_tag","embeddable":true,"href":"https:\/\/www.europesays.com\/fr\/wp-json\/wp\/v2\/tags?post=94351"}],"curies":[{"name":"wp","href":"https:\/\/api.w.org\/{rel}","templated":true}]}}