{"id":94357,"date":"2025-05-12T13:56:14","date_gmt":"2025-05-12T13:56:14","guid":{"rendered":"https:\/\/www.europesays.com\/fr\/94357\/"},"modified":"2025-05-12T13:56:14","modified_gmt":"2025-05-12T13:56:14","slug":"des-recherches-en-cours-pour-retrouver-un-homme-disparu-en-ille-et-vilaine","status":"publish","type":"post","link":"https:\/\/www.europesays.com\/fr\/94357\/","title":{"rendered":"Des recherches en cours pour retrouver un homme disparu en Ille-et-Vilaine"},"content":{"rendered":"<p>            Par<br \/>\n        <strong><br \/>\n            <a href=\"https:\/\/actu.fr\/auteur\/thomassavalle-2\" title=\"Consulter tous les articles de Thomas Savalle\" rel=\"nofollow noopener\" target=\"_blank\">Thomas Savalle<\/a><br \/>\n        <\/strong><\/p>\n<p>        Publi\u00e9 le<\/p>\n<p>            12 mai 2025 \u00e0 15h05        <\/p>\n<p>Un homme de 72\u00a0ans est recherch\u00e9 pour \u00ab\u2009disparition inqui\u00e9tante\u2009\u00bb, indique la mairie de <a href=\"https:\/\/actu.fr\/bretagne\/saint-briac-sur-mer_35256\" rel=\"nofollow noopener\" target=\"_blank\">Saint-Briac-sur-Mer<\/a> en Ille-et-Vilaine. Alain Bodin a \u00e9t\u00e9 vu pour la derni\u00e8re fois, vers 23h, dimanche 11\u00a0mai 2025, au Tertre Pel\u00e9, un lieu-dit de la commune. \u00ab\u2009Il portait un surv\u00eatement bleu et \u00e9tait en chaussons\u2009\u00bb, pr\u00e9cise la mairie.<\/p>\n<p>Les recherches continuent<\/p>\n<p class=\" wall-content\"><a href=\"https:\/\/actu.fr\/tag\/gendarmerie\" rel=\"nofollow noopener\" target=\"_blank\">Les gendarmes<\/a> ont d\u00e9ploy\u00e9 un dispositif pour le retrouver la nuit derni\u00e8re. Les recherches continuent. \u00ab\u2009Il est important de souligner que toute information, m\u00eame minime, pourrait \u00eatre pr\u00e9cieuse pour sa localisation.\u00a0\u00bb\u00a0<\/p>\n<p class=\" wall-content\">Si vous avez des informations \u00e0 son sujet, vous pouvez contacter la police municipale de Saint-Briac-sur-Mer au\u2009: 06\u200908\u200960\u200981\u200944.<\/p>\n<p>    <a href=\"https:\/\/www.facebook.com\/plugins\/post.php?href=https%3A%2F%2Fwww.facebook.com%2Fphoto.php%3Ffbid%3D713959037624144%26set%3Da.203288485357871%26type%3D3&amp;show_text=true&amp;width=350\" title=\"Ouvrie le lien\" rel=\"nofollow noopener\" target=\"_blank\">Cliquez ici pour visualiser le contenu<\/a><\/p>\n<p class=\" wall-content\">\u00ab\u2009Votre aide est essentielle. N\u2019h\u00e9sitez pas \u00e0 partager cet avis pour maximiser les chances de le retrouver rapidement\u2009\u00bb, souligne la commune.<\/p>\n<p class=\" wall-content\"><b>Plus d\u2019infos \u00e0 venir\u2026<\/b><\/p>\n<p class=\" wall-content\">Suivez toute l\u2019actualit\u00e9 de vos villes et m\u00e9dias favoris en vous inscrivant \u00e0 <a href=\"https:\/\/moncompte.actu.fr\" title=\"D\u00e9couvez Mon Actu\" rel=\"nofollow noopener\" data-trk=\"{&quot;cta&quot;:{&quot;action&quot;:&quot;https:\\\/\\\/moncompte.actu.fr&quot;,&quot;category&quot;:&quot;mon compte&quot;,&quot;from&quot;:&quot;article footer&quot;,&quot;name&quot;:&quot;Mon actu&quot;,&quot;type&quot;:&quot;cta&quot;}}\" target=\"_blank\">Mon Actu<\/a>.<\/p>\n","protected":false},"excerpt":{"rendered":"Par Thomas Savalle Publi\u00e9 le 12 mai 2025 \u00e0 15h05 Un homme de 72\u00a0ans est recherch\u00e9 pour \u00ab\u2009disparition&hellip;\n","protected":false},"author":2,"featured_media":94358,"comment_status":"","ping_status":"","sticky":false,"template":"","format":"standard","meta":{"footnotes":""},"categories":[2821],"tags":[1111,11,829,1777,674,118,1011,27,3381,12,584,25],"class_list":{"0":"post-94357","1":"post","2":"type-post","3":"status-publish","4":"format-standard","5":"has-post-thumbnail","7":"category-rennes","8":"tag-actu","9":"tag-actualites","10":"tag-bretagne","11":"tag-eu","12":"tag-europe","13":"tag-faits-divers","14":"tag-fr","15":"tag-france","16":"tag-gendarmerie","17":"tag-news","18":"tag-rennes","19":"tag-republique-francaise"},"share_on_mastodon":{"url":"https:\/\/pubeurope.com\/@fr\/114495211664216365","error":""},"_links":{"self":[{"href":"https:\/\/www.europesays.com\/fr\/wp-json\/wp\/v2\/posts\/94357","targetHints":{"allow":["GET"]}}],"collection":[{"href":"https:\/\/www.europesays.com\/fr\/wp-json\/wp\/v2\/posts"}],"about":[{"href":"https:\/\/www.europesays.com\/fr\/wp-json\/wp\/v2\/types\/post"}],"author":[{"embeddable":true,"href":"https:\/\/www.europesays.com\/fr\/wp-json\/wp\/v2\/users\/2"}],"replies":[{"embeddable":true,"href":"https:\/\/www.europesays.com\/fr\/wp-json\/wp\/v2\/comments?post=94357"}],"version-history":[{"count":0,"href":"https:\/\/www.europesays.com\/fr\/wp-json\/wp\/v2\/posts\/94357\/revisions"}],"wp:featuredmedia":[{"embeddable":true,"href":"https:\/\/www.europesays.com\/fr\/wp-json\/wp\/v2\/media\/94358"}],"wp:attachment":[{"href":"https:\/\/www.europesays.com\/fr\/wp-json\/wp\/v2\/media?parent=94357"}],"wp:term":[{"taxonomy":"category","embeddable":true,"href":"https:\/\/www.europesays.com\/fr\/wp-json\/wp\/v2\/categories?post=94357"},{"taxonomy":"post_tag","embeddable":true,"href":"https:\/\/www.europesays.com\/fr\/wp-json\/wp\/v2\/tags?post=94357"}],"curies":[{"name":"wp","href":"https:\/\/api.w.org\/{rel}","templated":true}]}}