{"id":9436,"date":"2025-04-08T05:32:45","date_gmt":"2025-04-08T05:32:45","guid":{"rendered":"https:\/\/www.europesays.com\/fr\/9436\/"},"modified":"2025-04-08T05:32:45","modified_gmt":"2025-04-08T05:32:45","slug":"bruno-carpentier-devoile-arma-christi-un-polar-haletant-entre-marseille-et-greoux-les-bains","status":"publish","type":"post","link":"https:\/\/www.europesays.com\/fr\/9436\/","title":{"rendered":"Bruno Carpentier d\u00e9voile \u00ab\u00a0Arma Christi\u00a0\u00bb, un polar haletant entre Marseille et Gr\u00e9oux-les-Bains"},"content":{"rendered":"<p>Auteur de plusieurs romans policiers passionnants &#8211; Le Berger de Saint-Aybert, <a href=\"https:\/\/www.laprovence.com\/article\/region\/29567432160716\/ce-roman-meriterait-un-telefilm-la-source-bleue-est-le-dernier-polar-de-bruno-carpentier\" target=\"_blank\" rel=\"noopener\">La Source bleue<\/a>, L&rsquo;\u00e9corcheur de Cadolive, ou, tout r\u00e9cemment La Beno\u00eete-Affique et La Crypte de Saint-Maximin, <a href=\"https:\/\/www.laprovence.com\/article\/region\/6381662774750514\/raconter-le-plus-beau-et-le-plus-laid-de-l-etre-humain-bruno-carpentier-se-confie-avant-la-sortie-de-son-nouveau-polar\" target=\"_blank\" rel=\"noopener\">Bruno Carpentier<\/a> situe l&rsquo;action de ses polars en Provence.<\/p>\n<p>Il vient de faire para\u00eetre aux \u00e9ditions Melmac son 6e roman, Arma Christi, sorti le 25 mars, et le pr\u00e9sentera aux lecteurs de la m\u00e9diath\u00e8que Lucien-Jacques le 11 avril, \u00e0 ceux de la librairie Histoire de Lire le samedi 12 avril.<\/p>\n<p>Arma Christi est le deuxi\u00e8me volet des enqu\u00eates d&rsquo;Ana Boyer, la commandante de gendarmerie de la <a href=\"https:\/\/www.laprovence.com\/article\/faits-divers-justice\/6512896\/un-nouveau-patron-pour-la-section-de-recherches.html\" target=\"_blank\" rel=\"noopener\">Section de recherches (SR) de Marseille<\/a>, au caract\u00e8re bien tremp\u00e9.<\/p>\n<p>Trafics d&rsquo;\u00eatres humains<\/p>\n<p>Le personnage d&rsquo;Ana Boyer est apparu en 2023 dans La Source Bleue, une affaire criminelle au c\u0153ur d&rsquo;une for\u00eat du sud de la France. Cette fois, elle est appel\u00e9e au Cap Canaille, o\u00f9 deux cyclistes viennent de d\u00e9couvrir un cadavre pendu qui porte d&rsquo;\u00e9tranges inscriptions.<\/p>\n<p>Si les indices orientent le parquet sur la piste d&rsquo;un r\u00e8glement de comptes entre voyous marseillais, Ana Boyer comprend vite que cette affaire-l\u00e0 d\u00e9passe les fronti\u00e8res de la cit\u00e9 phoc\u00e9enne.<\/p>\n<p>Ce livre est un pur polar, qui m\u00eale le r\u00eave fou de la vie \u00e9ternelle \u00e0 des trafics d&rsquo;\u00eatres humains. Bruno Carpentier fait partager au lecteur la vie quotidienne des experts de la gendarmerie, confront\u00e9s \u00e0 des missions qui confinent \u00e0 l&rsquo;horreur.<\/p>\n<p>Avec beaucoup d&rsquo;humanisme, il traite une probl\u00e9matique tr\u00e8s contemporaine : celle des enfants africains qui <a href=\"https:\/\/www.laprovence.com\/actu\/en-direct\/4992146\/espagne-532-migrants-secourus-en-mediterranee-durant-le-week-end.html\" target=\"_blank\" rel=\"noopener\">traversent la M\u00e9diterran\u00e9e clandestinement<\/a>. Le style est pr\u00e9cis, rapide, soutenu, et l&rsquo;on vit \u00ab\u00a0de l&rsquo;int\u00e9rieur\u00a0\u00bb la difficile progression de cette enqu\u00eate passionnante, dont le d\u00e9nouement se passe&#8230; \u00e0 Gr\u00e9oux-les-Bains !<\/p>\n<p>Bruno Carpentier sera \u00e0 la m\u00e9diath\u00e8que Lucien-Jacques, 199 avenue du Verdon le vendredi 11 avril \u00e0 17 heures, entr\u00e9e libre, et le samedi 12 avril, \u00e0 la librairie Histoire de Lire, 39 rue grande de 10 heures \u00e0 17 heures.<\/p>\n","protected":false},"excerpt":{"rendered":"Auteur de plusieurs romans policiers passionnants &#8211; Le Berger de Saint-Aybert, La Source bleue, L&rsquo;\u00e9corcheur de Cadolive, ou,&hellip;\n","protected":false},"author":2,"featured_media":9437,"comment_status":"","ping_status":"","sticky":false,"template":"","format":"standard","meta":{"footnotes":""},"categories":[2814],"tags":[17,1111,11,4745,3211,4744,4746,851,1777,674,1011,27,4748,884,12,4747,882,16,25],"class_list":{"0":"post-9436","1":"post","2":"type-post","3":"status-publish","4":"format-standard","5":"has-post-thumbnail","7":"category-marseille","8":"tag-17","9":"tag-actu","10":"tag-actualites","11":"tag-arma","12":"tag-bruno","13":"tag-carpentier","14":"tag-christi","15":"tag-devoile","16":"tag-eu","17":"tag-europe","18":"tag-fr","19":"tag-france","20":"tag-haletant","21":"tag-marseille","22":"tag-news","23":"tag-polar","24":"tag-provence-alpes-cote-dazur","25":"tag-region","26":"tag-republique-francaise"},"share_on_mastodon":{"url":"https:\/\/pubeurope.com\/@fr\/114300711267879336","error":""},"_links":{"self":[{"href":"https:\/\/www.europesays.com\/fr\/wp-json\/wp\/v2\/posts\/9436","targetHints":{"allow":["GET"]}}],"collection":[{"href":"https:\/\/www.europesays.com\/fr\/wp-json\/wp\/v2\/posts"}],"about":[{"href":"https:\/\/www.europesays.com\/fr\/wp-json\/wp\/v2\/types\/post"}],"author":[{"embeddable":true,"href":"https:\/\/www.europesays.com\/fr\/wp-json\/wp\/v2\/users\/2"}],"replies":[{"embeddable":true,"href":"https:\/\/www.europesays.com\/fr\/wp-json\/wp\/v2\/comments?post=9436"}],"version-history":[{"count":0,"href":"https:\/\/www.europesays.com\/fr\/wp-json\/wp\/v2\/posts\/9436\/revisions"}],"wp:featuredmedia":[{"embeddable":true,"href":"https:\/\/www.europesays.com\/fr\/wp-json\/wp\/v2\/media\/9437"}],"wp:attachment":[{"href":"https:\/\/www.europesays.com\/fr\/wp-json\/wp\/v2\/media?parent=9436"}],"wp:term":[{"taxonomy":"category","embeddable":true,"href":"https:\/\/www.europesays.com\/fr\/wp-json\/wp\/v2\/categories?post=9436"},{"taxonomy":"post_tag","embeddable":true,"href":"https:\/\/www.europesays.com\/fr\/wp-json\/wp\/v2\/tags?post=9436"}],"curies":[{"name":"wp","href":"https:\/\/api.w.org\/{rel}","templated":true}]}}