{"id":94363,"date":"2025-05-12T13:59:08","date_gmt":"2025-05-12T13:59:08","guid":{"rendered":"https:\/\/www.europesays.com\/fr\/94363\/"},"modified":"2025-05-12T13:59:08","modified_gmt":"2025-05-12T13:59:08","slug":"strasbourg-fait-elle-partie-de-la-france-saccagee-comme-laffirme-vincent-lapierre-dans-sa-derniere-video","status":"publish","type":"post","link":"https:\/\/www.europesays.com\/fr\/94363\/","title":{"rendered":"Strasbourg fait-elle partie de la \u00ab\u00a0France saccag\u00e9e\u00a0\u00bb, comme l&rsquo;affirme Vincent Lapierre dans sa derni\u00e8re vid\u00e9o\u00a0?"},"content":{"rendered":"<p>            Par<br \/>\n        <strong><br \/>\n            <a href=\"https:\/\/actu.fr\/auteur\/ivan-capecchi\" title=\"Consulter tous les articles de Ivan CAPECCHI\" target=\"_blank\" rel=\"noopener\">Ivan CAPECCHI<\/a><br \/>\n        <\/strong><\/p>\n<p>        Publi\u00e9 le<\/p>\n<p>            12 mai 2025 \u00e0 15h49        <\/p>\n<p>Dans le dernier \u00e9pisode de sa s\u00e9rie YouTube consacr\u00e9e \u00e0 la \u00ab\u2009France saccag\u00e9e\u2009\u00bb, laquelle vise \u00e0 illustrer la pr\u00e9suppos\u00e9e d\u00e9liquescence du pays, le journaliste d\u2019extr\u00eame droite* <strong>Vincent Lapierre<\/strong> fait un d\u00e9tour par <strong>Strasbourg<\/strong>.<\/p>\n<p class=\" wall-content\"><strong>Ins\u00e9curit\u00e9<\/strong>, <strong>d\u00e9linquance<\/strong>, <a href=\"https:\/\/actu.fr\/grand-est\/strasbourg_67482\/immobilier-voici-les-5-quartiers-de-strasbourg-ou-les-prix-ont-le-plus-chute-en-un-an_62423428.html\" target=\"_blank\" rel=\"noopener\">immobilier<\/a>, <strong>d\u00e9chets<\/strong>, <strong>squat<\/strong>, <strong>d\u00e9sertification du centre-ville<\/strong>, <strong>prix du stationnement<\/strong>, <strong>sans-abrisme<\/strong>\u2026 De nombreux sujets sont \u00e9voqu\u00e9s au cours de ce micro-trottoir g\u00e9ant.<\/p>\n<p>L\u2019ins\u00e9curit\u00e9 du quartier Gare point\u00e9e du doigt<\/p>\n<p class=\" wall-content\">Tout au long de la vid\u00e9o, Vincent Lapierre se fait accompagner par un certain Benjamin, qui ne nous est pas pr\u00e9sent\u00e9 mais fait office de guide de tout ce qui ne va pas dans la ville.<\/p>\n<p class=\" wall-content\">Le reportage d\u00e9bute au sein du quartier Gare, plus pr\u00e9cis\u00e9ment au niveau de la <strong>rue du Faubourg-National<\/strong>, un secteur concern\u00e9 par du <strong>trafic de drogue<\/strong>.<\/p>\n<p class=\" wall-content\">\n<p>La d\u00e9linquance en recul dans ce m\u00eame quartier Gare<\/p>\n<p class=\" wall-content\"><strong>Drogues, bagarres, harc\u00e8lement<\/strong>\u2026 Depuis plusieurs ann\u00e9es, des habitants du quartier Gare, r\u00e9unis au sein d\u2019un collectif dont Benjamin ne fait pas partie, <a href=\"https:\/\/actu.fr\/grand-est\/strasbourg_67482\/strasbourg-drogue-bagarres-harcelement-le-quartier-gare-a-completement-vrille_60116523.html\" target=\"_blank\" rel=\"noopener\">d\u00e9noncent l\u2019ins\u00e9curit\u00e9 qui y r\u00e8gne<\/a>.<\/p>\n<p>Vid\u00e9os : en ce moment sur Actu<\/p>\n<p class=\" wall-content\">Ceci \u00e9tant dit, ces m\u00eames habitants ont reconnu derni\u00e8rement** une <a href=\"https:\/\/actu.fr\/grand-est\/strasbourg_67482\/strasbourg-insecurite-au-quartier-gare-la-situation-s-est-nettement-amelioree_62462281.html\" target=\"_blank\" rel=\"noopener\">nette am\u00e9lioration de la s\u00e9curit\u00e9 dans le secteur<\/a>, citant par exemple la <strong>diminution du squat place Braun<\/strong> ou la <strong>fermeture administrative de certains commerces<\/strong>.<\/p>\n<p>\u00ab\u2009Ces militants d\u2019extr\u00eame droite sont tr\u00e8s agressifs et potentiellement dangereux\u2009\u00bb<\/p>\n<p class=\" wall-content\">Sollicit\u00e9 par Actu Strasbourg, Marc***, un des membres du collectif, mobilis\u00e9 de longue date sur le sujet, r\u00e9agit \u00e0 la vid\u00e9o de Vincent Lapierre et aux propos tenus par son accompagnateur du jour\u2009: \u00ab<strong>\u2009Ces militants d\u2019extr\u00eame droite sont tr\u00e8s agressifs et potentiellement dangereux<\/strong>. J\u2019ai visionn\u00e9 attentivement la vid\u00e9o (surtout les 20 premi\u00e8res minutes, consacr\u00e9es au quartier Gare)\u2009: la vid\u00e9o mentionne bien les principaux points chauds qui s\u2019\u00e9taient d\u00e9velopp\u00e9s dans le quartier depuis 2020, faute de prise en compte du probl\u00e8me par les pouvoirs publics\u2009\u00bb.<\/p>\n<blockquote class=\"ac-article-quote wall-content\">\n<p>Par contre, le fait que cet influenceur s&rsquo;offusque du fait qu&rsquo;il y ait des kebabs dans un quartier qui draine 100 000 voyageurs en transit \/ jour (et qui ont donc besoin de restauration rapide) ou passe sur le fait que ces m\u00eames commer\u00e7ants soient les premi\u00e8res victimes avec les habitants de l&rsquo;ins\u00e9curit\u00e9 signe bien son approche id\u00e9ologique. Son erreur de jugement est d&rsquo;ailleurs confort\u00e9e par \u00ab\u00a0Benjamin\u00a0\u00bb, qui lui indique que la rue Thiergarten est exceptionnellement calme \u00ab\u00a0\u00e0 cause du ramadan\u00a0\u00bb alors que tous les habitants de cette rue savent bien que le ramadan n&rsquo;a aucun impact sur la vie de cette rue.<\/p>\n<p>    <strong>Un membre du collectif des habitants du quartier Gare<\/strong>\n            <\/p><\/blockquote>\n<p class=\" wall-content\">\u00ab\u2009Il s\u2019y m\u00e8ne parfois des trafics, mais sans lien avec la vie spirituelle des habitants. Tout au long de leur d\u00e9ambulation, ils s\u2019efforcent de tenter un rapprochement entre ins\u00e9curit\u00e9 et couleur de peau ou religion, <strong>alors que les habitants et commer\u00e7ants qui d\u00e9noncent l\u2019ins\u00e9curit\u00e9 dans le quartier Gare sont eux-m\u00eames de toutes origines et classes sociales<\/strong>\u2009\u00bb, poursuit le membre du collectif.<\/p>\n<p>Un arr\u00eat\u00e9 anti-alcool qui ne produit pas ses effets rue du 22\u00a0Novembre<\/p>\n<p class=\" wall-content\">Vincent Lapierre est amen\u00e9 ensuite au niveau de la <a href=\"https:\/\/actu.fr\/grand-est\/strasbourg_67482\/cinema-star-a-strasbourg-pourquoi-les-affiches-de-films-ne-seront-plus-visibles-depuis-la-rue-du-22-novembre_62570746.html\" target=\"_blank\" rel=\"noopener\">rue du 22\u00a0Novembre<\/a>, o\u00f9 son accompagnateur \u00e9voque les <strong>probl\u00e8mes de squat et d\u2019alcoolisme<\/strong> qui y r\u00e8gnent.<\/p>\n<p class=\" wall-content\">Une situation qui a pouss\u00e9 <a href=\"https:\/\/actu.fr\/tag\/jeanne-barseghian\" target=\"_blank\" rel=\"noopener\">Jeanne Barseghian<\/a>, la maire \u00e9cologiste de Strasbourg, \u00e0 publier d\u00e9but mars un nouvel <strong>arr\u00eat\u00e9 anti-alcool<\/strong> dans le secteur mais qui, <a href=\"https:\/\/actu.fr\/grand-est\/strasbourg_67482\/strasbourg-dans-la-rue-du-22-novembre-l-arrete-anti-alcool-ne-convainc-pas-c-est-parfois-pire_62590744.html\" target=\"_blank\" rel=\"noopener\">d\u2019apr\u00e8s notre reportage sur place<\/a>, n\u2019a pas permis d\u2019am\u00e9liorer notablement les choses.<\/p>\n<p>D\u00e9linquance \u00e0 Strasbourg : que disent les chiffres ?<\/p>\n<p>En termes de d\u00e9linquance \u00e0 Strasbourg, que disent les chiffres ? D&rsquo;apr\u00e8s le bilan d\u00e9partemental de la s\u00e9curit\u00e9 2024 \u00e9tabli par la pr\u00e9fecture, le centre-ville de Strasbourg a connu une am\u00e9lioration notable de la s\u00e9curit\u00e9 cette ann\u00e9e-l\u00e0, notamment, comme nous l&rsquo;avons vu, dans le quartier Gare. Dans les quartiers de reconqu\u00eate r\u00e9publicaine (Cronenbourg, Hautepierre, Meinau, Neuhof), la d\u00e9linquance g\u00e9n\u00e9rale a recul\u00e9, notamment \u00e0 la Meinau (-10 %) et Cronenbourg (-9 %). Les violences physiques ont particuli\u00e8rement chut\u00e9 \u00e0 la Meinau (-39 %) et \u00e0 Cronenbourg (-24,5 %). Seul le Neuhof enregistre une hausse des violences physiques (+11 %).<\/p>\n<p>D\u00e9sertification du centre-ville, prix du stationnement\u2026<\/p>\n<p class=\" wall-content\">Plus largement, la vid\u00e9o aborde p\u00eale-m\u00eale les questions de <a href=\"https:\/\/actu.fr\/grand-est\/strasbourg_67482\/inquietudes-sur-le-commerce-en-centre-ville-de-strasbourg-il-faut-sortir-du-catastrophisme-dit-la-ville_62405691.html\" target=\"_blank\" rel=\"noopener\">d\u00e9sertification commerciale du centre-ville<\/a> \u2013\u00a0une affirmation rejet\u00e9e par l\u2019adjoint au commerce Jo\u00ebl Steffen, selon qui le <strong>taux de vacance des commerces est inf\u00e9rieur \u00e0 7\u2009%<\/strong> \u2013\u00a0du <a href=\"https:\/\/actu.fr\/grand-est\/strasbourg_67482\/strasbourg-10-choses-a-savoir-sur-la-reforme-du-stationnement-qui-entre-en-vigueur-cette-annee_58023891.html\" target=\"_blank\" rel=\"noopener\">prix du stationnement<\/a> \u2013 augment\u00e9 par la municipalit\u00e9 \u00e9cologiste afin de <strong>lib\u00e9rer l\u2019espace public de la voiture au profit de mobilit\u00e9s douces<\/strong> \u2013 ou encore le <strong>sans-abrisme<\/strong>, qui serait sensiblement sup\u00e9rieur \u00e0 Strasbourg qu\u2019ailleurs en France, selon les propos de Vincent Lapierre, qui ne cite aucune \u00e9tude pour appuyer ces derniers.<\/p>\n<p>La question complexe du sans-abrisme<\/p>\n<p class=\" wall-content\">Le <a href=\"https:\/\/siao67.fr\/rapport-annuel-2023-du-siao-67\/\" target=\"_blank\" rel=\"noopener\">rapport 2023 du Service int\u00e9gr\u00e9 d\u2019accueil et d\u2019orientation (SIAO) du Bas-Rhin<\/a> montre une <strong>forte aggravation du sans-abrisme \u00e0 Strasbourg et dans le d\u00e9partement<\/strong>. Les demandes d\u2019h\u00e9bergement via le 115 ont augment\u00e9 de 10\u2009% en un an, avec en moyenne 2\u2009045 demandes hebdomadaires, mais 82\u2009% restent sans solution. La maraude a constat\u00e9 une hausse de 35\u2009% des personnes rencontr\u00e9es, dont <strong>un nombre in\u00e9dit de familles avec enfants \u00e0 la rue<\/strong>.<\/p>\n<p class=\" wall-content\">Ceci \u00e9tant dit, ce m\u00eame rapport <strong>ne fournit pas de comparaison directe entre Strasbourg et d\u2019autres villes fran\u00e7aises<\/strong> concernant le nombre de personnes sans abri.<\/p>\n<p>\u00ab\u2009On sent que Vincent Lapierre reste sur sa faim\u2009\u00bb<\/p>\n<p class=\" wall-content\">\u00ab\u2009Dans la vid\u00e9o, <strong>on sent que Vincent Lapierre reste sur sa faim<\/strong>, qu\u2019il aurait aim\u00e9 avoir plus de\u2009\u00bb croustillant \u00ab\u2009\u00bb, commente Marc. Dans cette derni\u00e8re en effet, plusieurs personnes <strong>soulignent la qualit\u00e9 de vie qu\u2019offre Strasbourg<\/strong>, une ville d\u2019ailleurs <a href=\"https:\/\/actu.fr\/grand-est\/strasbourg_67482\/qualite-de-vie-5-classements-dans-lesquels-strasbourg-a-brille-cette-annee_60352605.html\" target=\"_blank\" rel=\"noopener\">souvent cit\u00e9e dans des classements sur ce crit\u00e8re<\/a>.<\/p>\n<p class=\" wall-content\">Contact\u00e9, Vincent Lapierre n\u2019a pas donn\u00e9 suite pour le moment.<\/p>\n<p class=\" wall-content\">*Vincent Lapierre est une figure m\u00e9diatique clivante. Ses d\u00e9tracteurs pointent du doigt ses affiliations pass\u00e9es et ses prises de position pour le classer \u00e0 l\u2019extr\u00eame droite, tandis que lui-m\u00eame se d\u00e9fend de toute appartenance \u00e0 ce courant, se revendiquant comme un journaliste ind\u00e9pendant et patriote.<br \/>**\u00c0 noter qu\u2019on ne sait pas pr\u00e9cis\u00e9ment quand le reportage a \u00e9t\u00e9 tourn\u00e9.<br \/>***Le pr\u00e9nom a \u00e9t\u00e9 modifi\u00e9.<\/p>\n<p class=\" wall-content\">Suivez toute l\u2019actualit\u00e9 de vos villes et m\u00e9dias favoris en vous inscrivant \u00e0 <a href=\"https:\/\/moncompte.actu.fr\" title=\"D\u00e9couvez Mon Actu\" rel=\"nofollow noopener\" data-trk=\"{&quot;cta&quot;:{&quot;action&quot;:&quot;https:\\\/\\\/moncompte.actu.fr&quot;,&quot;category&quot;:&quot;mon compte&quot;,&quot;from&quot;:&quot;article footer&quot;,&quot;name&quot;:&quot;Mon actu&quot;,&quot;type&quot;:&quot;cta&quot;}}\" target=\"_blank\">Mon Actu<\/a>.<\/p>\n","protected":false},"excerpt":{"rendered":"Par Ivan CAPECCHI Publi\u00e9 le 12 mai 2025 \u00e0 15h49 Dans le dernier \u00e9pisode de sa s\u00e9rie YouTube&hellip;\n","protected":false},"author":2,"featured_media":94364,"comment_status":"","ping_status":"","sticky":false,"template":"","format":"standard","meta":{"footnotes":""},"categories":[2820],"tags":[1111,11,1777,674,1011,27,775,2825,12,25,104,640,2784],"class_list":{"0":"post-94363","1":"post","2":"type-post","3":"status-publish","4":"format-standard","5":"has-post-thumbnail","7":"category-strasbourg","8":"tag-actu","9":"tag-actualites","10":"tag-eu","11":"tag-europe","12":"tag-fr","13":"tag-france","14":"tag-grand-est","15":"tag-insecurite","16":"tag-news","17":"tag-republique-francaise","18":"tag-societe","19":"tag-strasbourg","20":"tag-youtube"},"share_on_mastodon":{"url":"https:\/\/pubeurope.com\/@fr\/114495223426493900","error":""},"_links":{"self":[{"href":"https:\/\/www.europesays.com\/fr\/wp-json\/wp\/v2\/posts\/94363","targetHints":{"allow":["GET"]}}],"collection":[{"href":"https:\/\/www.europesays.com\/fr\/wp-json\/wp\/v2\/posts"}],"about":[{"href":"https:\/\/www.europesays.com\/fr\/wp-json\/wp\/v2\/types\/post"}],"author":[{"embeddable":true,"href":"https:\/\/www.europesays.com\/fr\/wp-json\/wp\/v2\/users\/2"}],"replies":[{"embeddable":true,"href":"https:\/\/www.europesays.com\/fr\/wp-json\/wp\/v2\/comments?post=94363"}],"version-history":[{"count":0,"href":"https:\/\/www.europesays.com\/fr\/wp-json\/wp\/v2\/posts\/94363\/revisions"}],"wp:featuredmedia":[{"embeddable":true,"href":"https:\/\/www.europesays.com\/fr\/wp-json\/wp\/v2\/media\/94364"}],"wp:attachment":[{"href":"https:\/\/www.europesays.com\/fr\/wp-json\/wp\/v2\/media?parent=94363"}],"wp:term":[{"taxonomy":"category","embeddable":true,"href":"https:\/\/www.europesays.com\/fr\/wp-json\/wp\/v2\/categories?post=94363"},{"taxonomy":"post_tag","embeddable":true,"href":"https:\/\/www.europesays.com\/fr\/wp-json\/wp\/v2\/tags?post=94363"}],"curies":[{"name":"wp","href":"https:\/\/api.w.org\/{rel}","templated":true}]}}