{"id":9438,"date":"2025-04-08T05:33:19","date_gmt":"2025-04-08T05:33:19","guid":{"rendered":"https:\/\/www.europesays.com\/fr\/9438\/"},"modified":"2025-04-08T05:33:19","modified_gmt":"2025-04-08T05:33:19","slug":"de-nouveaux-travaux-a-venir-a-partir-du-7-avril","status":"publish","type":"post","link":"https:\/\/www.europesays.com\/fr\/9438\/","title":{"rendered":"de nouveaux travaux \u00e0 venir \u00e0 partir du 7\u00a0avril"},"content":{"rendered":"<p>Depuis plusieurs mois, des travaux de renouvellement et de renforcement des r\u00e9seaux sont en cours sur l\u2019avenue Felix Faure (Lyon 3e).<\/p>\n<p>Sur le secteur entre la rue Carry et la rue Fr\u00e9d\u00e9ric Mistral, ces travaux prennent fin, et laissent place \u00e0 des travaux d\u2019am\u00e9nagements urbains pour la r\u00e9alisation de la ligne du bus \u00e0 haut niveau de service entre Part-Dieu et les Sept Chemins.<\/p>\n<p>De nouveaux travaux longs et lourds<\/p>\n<p>Cette nouvelle phase du projet&#8230;<\/p>\n","protected":false},"excerpt":{"rendered":"Depuis plusieurs mois, des travaux de renouvellement et de renforcement des r\u00e9seaux sont en cours sur l\u2019avenue Felix&hellip;\n","protected":false},"author":2,"featured_media":9439,"comment_status":"","ping_status":"","sticky":false,"template":"","format":"standard","meta":{"footnotes":""},"categories":[1889],"tags":[1111,11,2430,4749,33,2757,1777,674,1011,27,2428,4751,4750,12,25],"class_list":{"0":"post-9438","1":"post","2":"type-post","3":"status-publish","4":"format-standard","5":"has-post-thumbnail","7":"category-lyon","8":"tag-actu","9":"tag-actualites","10":"tag-auvergne-rhone-alpes","11":"tag-btp-et-chantiers","12":"tag-economie","13":"tag-edition-lyon-villeurbanne","14":"tag-eu","15":"tag-europe","16":"tag-fr","17":"tag-france","18":"tag-lyon","19":"tag-lyon-3e","20":"tag-lyon-3e-arrondissement","21":"tag-news","22":"tag-republique-francaise"},"share_on_mastodon":{"url":"https:\/\/pubeurope.com\/@fr\/114300715259493842","error":""},"_links":{"self":[{"href":"https:\/\/www.europesays.com\/fr\/wp-json\/wp\/v2\/posts\/9438","targetHints":{"allow":["GET"]}}],"collection":[{"href":"https:\/\/www.europesays.com\/fr\/wp-json\/wp\/v2\/posts"}],"about":[{"href":"https:\/\/www.europesays.com\/fr\/wp-json\/wp\/v2\/types\/post"}],"author":[{"embeddable":true,"href":"https:\/\/www.europesays.com\/fr\/wp-json\/wp\/v2\/users\/2"}],"replies":[{"embeddable":true,"href":"https:\/\/www.europesays.com\/fr\/wp-json\/wp\/v2\/comments?post=9438"}],"version-history":[{"count":0,"href":"https:\/\/www.europesays.com\/fr\/wp-json\/wp\/v2\/posts\/9438\/revisions"}],"wp:featuredmedia":[{"embeddable":true,"href":"https:\/\/www.europesays.com\/fr\/wp-json\/wp\/v2\/media\/9439"}],"wp:attachment":[{"href":"https:\/\/www.europesays.com\/fr\/wp-json\/wp\/v2\/media?parent=9438"}],"wp:term":[{"taxonomy":"category","embeddable":true,"href":"https:\/\/www.europesays.com\/fr\/wp-json\/wp\/v2\/categories?post=9438"},{"taxonomy":"post_tag","embeddable":true,"href":"https:\/\/www.europesays.com\/fr\/wp-json\/wp\/v2\/tags?post=9438"}],"curies":[{"name":"wp","href":"https:\/\/api.w.org\/{rel}","templated":true}]}}