{"id":94389,"date":"2025-05-12T14:13:12","date_gmt":"2025-05-12T14:13:12","guid":{"rendered":"https:\/\/www.europesays.com\/fr\/94389\/"},"modified":"2025-05-12T14:13:12","modified_gmt":"2025-05-12T14:13:12","slug":"un-bateau-de-croisiere-sur-le-rhone-percute-avec-130-passagers-a-bord-au-sud-de-lyon","status":"publish","type":"post","link":"https:\/\/www.europesays.com\/fr\/94389\/","title":{"rendered":"Un bateau de croisi\u00e8re sur le Rh\u00f4ne percut\u00e9 avec 130 passagers \u00e0 bord au sud de Lyon"},"content":{"rendered":"<p>Les d\u00e9g\u00e2ts dans la coque du navire ont n\u00e9cessit\u00e9 l\u2019immobilisation du bateau dont les passagers allemands ont finalement \u00e9t\u00e9 \u00e9vacu\u00e9s.<\/p>\n<p class=\"fig-paragraph\">Pas de bless\u00e9s mais un joli trou dans la coque. Un bateau de\u00a0<a href=\"http:\/\/www.lefigaro.fr\/lyon\/entre-lyon-et-provence-disney-va-lancer-sa-premiere-croisiere-sur-le-rhone-20250220\" data-fig-type=\"NewsFlash\" data-gtm-custom-categorie=\"navigation\" data-gtm-custom-action=\"crossclick\" data-gtm-custom-label=\"Contextuel\" data-gtm-event=\"customEventSPE\" data-fig-domain=\"LEFIGARO\" target=\"_blank\" rel=\"noopener\">croisi\u00e8re fluviale<\/a>\u00a0a \u00e9t\u00e9 percut\u00e9 par une barge naviguant sur le\u00a0<a href=\"http:\/\/www.lefigaro.fr\/lyon\/au-port-de-lyon-l-armateur-cma-cgm-pret-a-doubler-le-fret-sur-le-rhone-vers-marseille-20250402\" data-fig-type=\"NewsFlash\" data-gtm-custom-categorie=\"navigation\" data-gtm-custom-action=\"crossclick\" data-gtm-custom-label=\"Contextuel\" data-gtm-event=\"customEventSPE\" data-fig-domain=\"LEFIGARO\" target=\"_blank\" rel=\"noopener\">Rh\u00f4ne<\/a>\u00a0dans la nuit de vendredi \u00e0 samedi, selon une information du\u00a0<a href=\"https:\/\/www.ledauphine.com\/faits-divers-justice\/2025\/05\/10\/un-bateau-avec-127-passagers-entre-en-collision-avec-une-barge\" target=\"_blank\" rel=\"nofollow noopener\" data-gtm-custom-categorie=\"navigation\" data-gtm-custom-action=\"crossclick\" data-gtm-custom-label=\"Contextuel\" data-gtm-event=\"customEventSPE\">Dauphin\u00e9 Lib\u00e9r\u00e9<\/a> \u00a0confirm\u00e9 au Figaro. L\u2019accident est survenu au niveau de la commune de Sablons, \u00e0 une cinquantaine de kilom\u00e8tres au sud de Lyon. Le choc n\u2019a fait aucun bless\u00e9 parmi les 127 passagers, de nationalit\u00e9 allemande.<\/p>\n<p class=\"fig-paragraph\">L\u2019impact s\u2019\u00e9tant produit au-dessus de la ligne de flottaison, le bateau ne risquait pas de couler. Mais il a d\u00fb \u00eatre immobilis\u00e9 pour expertise tout le week-end. Les voyageurs ont n\u00e9anmoins pu vaquer \u00e0 leurs occupations et faire les excursions pr\u00e9vues, pr\u00e9cise la pr\u00e9fecture de l\u2019Is\u00e8re. Ils ont finalement \u00e9t\u00e9 \u00e9vacu\u00e9s ce lundi matin.<\/p>\n<p class=\"fig-body-link\">\n            \u00c0 lire aussi<br \/>\n        <a class=\"fig-body-link__link\" href=\"http:\/\/www.lefigaro.fr\/lyon\/a-lyon-des-bornes-electriques-installees-a-quai-pour-les-paquebots-de-croisiere-20240320\" data-fig-type=\"NewsFlash\" data-gtm-custom-categorie=\"navigation\" data-gtm-custom-action=\"crossclick\" data-gtm-custom-label=\"Contextuel\" data-gtm-event=\"customEventSPE\" data-fig-domain=\"LEFIGARO\" target=\"_blank\" rel=\"noopener\">\u00c0 Lyon, des bornes \u00e9lectriques install\u00e9es \u00e0 quai pour les paquebots de croisi\u00e8re<br \/>\n    <\/a>\n<\/p>\n<p>Barge fortement endommag\u00e9e<\/p>\n<p class=\"fig-paragraph\">La barge de marchandise qui est entr\u00e9e en collision avec le colosse de 114 m\u00e8tres de long a \u00e9t\u00e9 fortement endommag\u00e9e. Baptis\u00e9 le Bijou du Rh\u00f4ne, le bateau de croisi\u00e8re fait habituellement le voyage entre Lyon et Arles.<\/p>\n","protected":false},"excerpt":{"rendered":"Les d\u00e9g\u00e2ts dans la coque du navire ont n\u00e9cessit\u00e9 l\u2019immobilisation du bateau dont les passagers allemands ont finalement&hellip;\n","protected":false},"author":2,"featured_media":94390,"comment_status":"","ping_status":"","sticky":false,"template":"","format":"standard","meta":{"footnotes":""},"categories":[1889],"tags":[1111,11,5273,2430,5299,5272,5312,5296,5285,1777,674,5293,1011,27,5303,5311,5301,5279,5275,5313,5276,5300,5302,5280,5298,5281,5306,5305,5308,5309,5284,5294,5297,5269,5271,5268,5270,5267,2428,5295,5307,5277,5304,5283,1336,12,978,5274,25,2431,5314,5288,5292,5289,5291,5290,5315,5282,5286,5310,5287,5278],"class_list":{"0":"post-94389","1":"post","2":"type-post","3":"status-publish","4":"format-standard","5":"has-post-thumbnail","7":"category-lyon","8":"tag-actu","9":"tag-actualites","10":"tag-ainay","11":"tag-auvergne-rhone-alpes","12":"tag-bellecombe","13":"tag-bellecour","14":"tag-champvert-nord","15":"tag-champvert-sud","16":"tag-clos-jouve","17":"tag-eu","18":"tag-europe","19":"tag-fourviere","20":"tag-fr","21":"tag-france","22":"tag-gerland","23":"tag-gorge-de-loup","24":"tag-jean-mace","25":"tag-la-buire","26":"tag-la-confluence","27":"tag-la-duchere","28":"tag-la-guillotiere-nord-prefecture","29":"tag-la-guillotiere-sud","30":"tag-la-mouche","31":"tag-la-part-dieu","32":"tag-la-tete-dor","33":"tag-la-villette","34":"tag-laennec","35":"tag-le-bachut","36":"tag-le-grand-trou","37":"tag-le-moulin-a-vent","38":"tag-le-plateau-de-la-croix-rousse","39":"tag-le-point-du-jour","40":"tag-les-brotteaux","41":"tag-les-chartreux","42":"tag-les-cordeliers","43":"tag-les-pentes-de-la-croix-rousse","44":"tag-les-terreaux","45":"tag-les-traboules","46":"tag-lyon","47":"tag-menival","48":"tag-mermoz","49":"tag-moncey","50":"tag-monplaisir","51":"tag-montchat","52":"tag-naufrage","53":"tag-news","54":"tag-olympique-lyonnais","55":"tag-perrache","56":"tag-republique-francaise","57":"tag-rhone-alpes","58":"tag-rochecardon-industrie","59":"tag-saint-georges","60":"tag-saint-irenee","61":"tag-saint-jean","62":"tag-saint-just","63":"tag-saint-paul","64":"tag-saint-rambert-lile-barbe","65":"tag-sans-souci-dauphine","66":"tag-serin-saint-charles","67":"tag-vaise","68":"tag-vieux-lyon","69":"tag-voltaire"},"share_on_mastodon":{"url":"","error":"Validation failed: Text character limit of 500 exceeded"},"_links":{"self":[{"href":"https:\/\/www.europesays.com\/fr\/wp-json\/wp\/v2\/posts\/94389","targetHints":{"allow":["GET"]}}],"collection":[{"href":"https:\/\/www.europesays.com\/fr\/wp-json\/wp\/v2\/posts"}],"about":[{"href":"https:\/\/www.europesays.com\/fr\/wp-json\/wp\/v2\/types\/post"}],"author":[{"embeddable":true,"href":"https:\/\/www.europesays.com\/fr\/wp-json\/wp\/v2\/users\/2"}],"replies":[{"embeddable":true,"href":"https:\/\/www.europesays.com\/fr\/wp-json\/wp\/v2\/comments?post=94389"}],"version-history":[{"count":0,"href":"https:\/\/www.europesays.com\/fr\/wp-json\/wp\/v2\/posts\/94389\/revisions"}],"wp:featuredmedia":[{"embeddable":true,"href":"https:\/\/www.europesays.com\/fr\/wp-json\/wp\/v2\/media\/94390"}],"wp:attachment":[{"href":"https:\/\/www.europesays.com\/fr\/wp-json\/wp\/v2\/media?parent=94389"}],"wp:term":[{"taxonomy":"category","embeddable":true,"href":"https:\/\/www.europesays.com\/fr\/wp-json\/wp\/v2\/categories?post=94389"},{"taxonomy":"post_tag","embeddable":true,"href":"https:\/\/www.europesays.com\/fr\/wp-json\/wp\/v2\/tags?post=94389"}],"curies":[{"name":"wp","href":"https:\/\/api.w.org\/{rel}","templated":true}]}}