{"id":94412,"date":"2025-05-12T14:27:09","date_gmt":"2025-05-12T14:27:09","guid":{"rendered":"https:\/\/www.europesays.com\/fr\/94412\/"},"modified":"2025-05-12T14:27:09","modified_gmt":"2025-05-12T14:27:09","slug":"le-stade-brestois-finalement-candidat-a-leurope-ce-que-lon-sait","status":"publish","type":"post","link":"https:\/\/www.europesays.com\/fr\/94412\/","title":{"rendered":"Le Stade Brestois finalement candidat \u00e0 l\u2019Europe\u00a0? Ce que l\u2019on sait"},"content":{"rendered":"<p>Ligue 1 (34e journ\u00e9e). OGC Nice &#8211; Stade Brestois, samedi (21 h)<\/p>\n<p>\u00c0 Brest, <a href=\"https:\/\/www.letelegramme.fr\/sports\/football\/stade-brestois\/on-ne-sait-jamais-ce-quil-peut-se-passer-dans-lextra-sportif-une-partie-du-vestiaire-du-stade-brestois-continue-de-rever-deurope-6814819.php\" target=\"_blank\" rel=\"noopener\">cette \u00e9ventualit\u00e9 a d\u00e9j\u00e0 germ\u00e9.<\/a> \u00ab On ne sait jamais ce qui peut se passer dans l\u2019extra-sportif \u00bb, d\u00e9clarait, par exemple, Hugo Magnetti, au sortir de <a href=\"https:\/\/www.letelegramme.fr\/sports\/football\/stade-brestois\/brillant-tombeur-de-lille-le-stade-brestois-a-reussi-ses-au-revoir-a-son-public-a-le-ble-6814670.php\" target=\"_blank\" rel=\"noopener\">la victoire face \u00e0 Lille (2-0).<\/a> La situation financi\u00e8re autour de l\u2019Olympique Lyonnais, actuel septi\u00e8me de Ligue 1 et virtuellement qualifi\u00e9 pour un barrage de Ligue Conf\u00e9rence (en cas de victoire du PSG face \u00e0 Reims en finale de Coupe de France), se r\u00e9v\u00e8le particuli\u00e8rement n\u00e9buleuse. \u00c0 tel point que Brest et Lens, huiti\u00e8mes et neuvi\u00e8mes du championnat, pourraient bien h\u00e9riter d\u2019un ticket inattendu pour la coupe d\u2019Europe.<\/p>\n<p>L\u2019UEFA ne pr\u00e9voirait pas d\u2019exclusion<\/p>\n<p>Alors que l\u2019\u00e9tau se resserre autour du club rhodanien, contre qui la Direction nationale de contr\u00f4le et de gestion (DNCG) a prononc\u00e9, cet hiver, une r\u00e9trogradation \u00e0 titre conservatoire, l\u2019interrogation se pose autour de sa participation \u00e0 une future comp\u00e9tition europ\u00e9enne. Si, dans les faits, rien n\u2019emp\u00eache la participation d\u2019un club de deuxi\u00e8me division (comme Guingamp en 2009-2010), l\u2019UEFA pourrait se r\u00e9server le droit de statuer d\u2019une qualification ou non, en prenant en compte la stabilit\u00e9 financi\u00e8re.<\/p>\n<p>D\u2019autant plus que l\u2019instance europ\u00e9enne semble avoir pris les devants concernant l\u2019OL : d\u2019apr\u00e8s <a href=\"https:\/\/www.lequipe.fr\/Football\/Actualites\/Brest-ou-lens-pourrait-remplacer-l-ol-en-coupe-d-europe\/1561087\" target=\"_blank\" rel=\"noopener\">L\u2019\u00c9quipe<\/a>, \ufeffl\u2019UEFA aurait propos\u00e9 un accord comprenant de lourdes sanctions financi\u00e8res mais pas d\u2019exclusion des comp\u00e9titions europ\u00e9ennes, \u00e0 moins que le club ne refuse cet accord.<\/p>\n<p>Si l\u2019OL manque \u00e0 l\u2019appel, la place pour le 8e<\/p>\n<p>Dans le cas o\u00f9 l\u2019Olympique Lyonnais ne pourrait tenir son rang en barrages de la Ligue Conf\u00e9rence, il serait remplac\u00e9 \u00ab par le club le mieux plac\u00e9 qui le suit dans le classement de la division sup\u00e9rieure du championnat national de la m\u00eame association nationale \u00bb, en l\u2019occurrence le huiti\u00e8me de Ligue 1.<\/p>\n<p>Le Stade Brestois d\u00e9fendra cette huiti\u00e8me place lors de la 34e journ\u00e9e, o\u00f9 un d\u00e9placement \u00e0 Nice l\u2019attend pour finir la saison. \u00ab Finissons du mieux possible, et on verra bien ce qu\u2019il se passe, <a href=\"https:\/\/www.letelegramme.fr\/sports\/football\/stade-brestois\/letat-desprit-de-lequipe-est-bon-au-stade-brestois-entrainements-ludiques-et-objectif-top-8-pour-maintenir-l-intensite-6814088.php\" target=\"_blank\" rel=\"noopener\">convenait \u00c9ric Roy avant Lille.<\/a> Je ne me projette pas sur le malheur des uns pouvant faire le bonheur des autres. \u00bb La saison derni\u00e8re, les Girondins de Bordeaux avaient attendu le d\u00e9but du mois d\u2019ao\u00fbt pour conna\u00eetre leur sort d\u00e9finitif, et une r\u00e9trogradation en N2.<\/p>\n","protected":false},"excerpt":{"rendered":"Ligue 1 (34e journ\u00e9e). OGC Nice &#8211; Stade Brestois, samedi (21 h) \u00c0 Brest, cette \u00e9ventualit\u00e9 a d\u00e9j\u00e0&hellip;\n","protected":false},"author":2,"featured_media":94413,"comment_status":"","ping_status":"","sticky":false,"template":"","format":"standard","meta":{"footnotes":""},"categories":[1586],"tags":[11,3450,3166,1777,674,63,1011,27,20708,12,25,60,4449],"class_list":{"0":"post-94412","1":"post","2":"type-post","3":"status-publish","4":"format-standard","5":"has-post-thumbnail","7":"category-europe","8":"tag-actualites","9":"tag-brest","10":"tag-en-continu-sports","11":"tag-eu","12":"tag-europe","13":"tag-football","14":"tag-fr","15":"tag-france","16":"tag-ligue-europa-conference","17":"tag-news","18":"tag-republique-francaise","19":"tag-sports","20":"tag-stade-brestois"},"share_on_mastodon":{"url":"https:\/\/pubeurope.com\/@fr\/114495333604505467","error":""},"_links":{"self":[{"href":"https:\/\/www.europesays.com\/fr\/wp-json\/wp\/v2\/posts\/94412","targetHints":{"allow":["GET"]}}],"collection":[{"href":"https:\/\/www.europesays.com\/fr\/wp-json\/wp\/v2\/posts"}],"about":[{"href":"https:\/\/www.europesays.com\/fr\/wp-json\/wp\/v2\/types\/post"}],"author":[{"embeddable":true,"href":"https:\/\/www.europesays.com\/fr\/wp-json\/wp\/v2\/users\/2"}],"replies":[{"embeddable":true,"href":"https:\/\/www.europesays.com\/fr\/wp-json\/wp\/v2\/comments?post=94412"}],"version-history":[{"count":0,"href":"https:\/\/www.europesays.com\/fr\/wp-json\/wp\/v2\/posts\/94412\/revisions"}],"wp:featuredmedia":[{"embeddable":true,"href":"https:\/\/www.europesays.com\/fr\/wp-json\/wp\/v2\/media\/94413"}],"wp:attachment":[{"href":"https:\/\/www.europesays.com\/fr\/wp-json\/wp\/v2\/media?parent=94412"}],"wp:term":[{"taxonomy":"category","embeddable":true,"href":"https:\/\/www.europesays.com\/fr\/wp-json\/wp\/v2\/categories?post=94412"},{"taxonomy":"post_tag","embeddable":true,"href":"https:\/\/www.europesays.com\/fr\/wp-json\/wp\/v2\/tags?post=94412"}],"curies":[{"name":"wp","href":"https:\/\/api.w.org\/{rel}","templated":true}]}}