{"id":94416,"date":"2025-05-12T14:29:07","date_gmt":"2025-05-12T14:29:07","guid":{"rendered":"https:\/\/www.europesays.com\/fr\/94416\/"},"modified":"2025-05-12T14:29:07","modified_gmt":"2025-05-12T14:29:07","slug":"le-point-condamne-dans-le-proces-pour-diffamation-suite-a-une-fausse-revelation-sur-alexis-corbiere-et-raquel-garrido","status":"publish","type":"post","link":"https:\/\/www.europesays.com\/fr\/94416\/","title":{"rendered":"\u00ab\u00a0Le Point\u00a0\u00bb condamn\u00e9 dans le proc\u00e8s pour diffamation suite \u00e0 une fausse r\u00e9v\u00e9lation sur Alexis Corbi\u00e8re et Raquel Garrido"},"content":{"rendered":"<p>Ce lundi 12\u00a0mai sonne la fin d\u2019un <a href=\"https:\/\/www.humanite.fr\/politique\/alexis-corbiere\/fausses-accusations-du-point-contre-garrido-et-corbiere-le-proces-en-diffamation-souvre-le-14-mars-retour-sur-une-fake-news-sur-fond-de-reglement-de-compte-politique\" target=\"_blank\" rel=\"noopener\">feuilleton qui dure depuis pr\u00e8s de trois ans<\/a>. La 17e chambre du tribunal judiciaire de Paris devait statuer, en d\u00e9but d\u2019apr\u00e8s-midi, dans le proc\u00e8s en diffamation intent\u00e9 par les anciens \u00e9lus insoumis Raquel Garrido et Alexis Corbi\u00e8re, accus\u00e9s dans un article de l\u2019hebdomadaire le Point en 2022 d\u2019avoir employ\u00e9 une femme de m\u00e9nage sans papiers.<\/p>\n<p>Le directeur de publication du magazine, \u00c9tienne Gernelle, et l\u2019auteur de l\u2019enqu\u00eate, Aziz Zemouri, ont \u00e9t\u00e9 condamn\u00e9s \u00e0 un total de \u00ab\u00a08\u00a0000\u00a0euros d\u2019amendes et 8\u00a0000\u00a0euros de dommages et int\u00e9r\u00eats et frais d\u2019avocat\u00a0\u00bb, se sont r\u00e9jouis Raquel Garrido et Alexis Corbi\u00e8re, sur leurs comptes X respectifs. Le procureur Herv\u00e9 Tetier avait demand\u00e9, lors du proc\u00e8s ayant eu lieu vendredi 14\u00a0mars, la condamnation des deux pr\u00e9venus \u00e0 une amende, sans en pr\u00e9ciser le montant. Il a estim\u00e9 qu\u2019il y avait eu un<a href=\"https:\/\/www.humanite.fr\/politique\/jean-christophe-lagarde\/garrido-corbiere-une-affaire-politique-756544\" target=\"_blank\" rel=\"noopener\"> \u00ab\u00a0manquement \u00e0 la prudence\u00a0\u00bb<\/a> et une \u00ab\u00a0enqu\u00eate pas suffisamment s\u00e9rieuse\u00a0\u00bb.<\/p>\n<p>\u00ab\u00a0Vous avez une source unique qui est frelat\u00e9e\u00a0\u00bb<\/p>\n<p>Cette derni\u00e8re avait \u00e9t\u00e9 publi\u00e9e en ligne le 21\u00a0juin 2022 avec la mention \u00ab\u00a0Exclusif\u00a0\u00bb et s\u2019intitulait\u00a0: \u00ab\u00a0L\u2019employ\u00e9e sans papiers de Raquel Garrido et Alexis Corbi\u00e8re.\u00a0\u00bb Le journaliste Aziz Zemouri y <a href=\"https:\/\/www.humanite.fr\/societe\/-\/le-point-sur-les-i-755928\" target=\"_blank\" rel=\"noopener\">mettait en cause le couple<\/a>, tous deux alors d\u00e9put\u00e9s affili\u00e9s au groupe de la France insoumise (LFI) de Seine-Saint-Denis, les accusant d\u2019exploiter une femme de m\u00e9nage sans papiers qu\u2019ils auraient par ailleurs \u00ab\u00a0soumise \u00e0 des cadences infernales\u00a0\u00bb.<\/p>\n<p>L\u2019article affirmait \u00e9galement que les d\u00e9put\u00e9s, r\u00e9sidant \u00e0 Bagnolet, scolarisaient leurs enfants \u00e0 Paris. D\u00e8s le lendemain, l\u2019hebdomadaire avait retir\u00e9 l\u2019article de son site et admis publiquement son caract\u00e8re faux et mensonger. \u00ab\u00a0Vous avez une source unique qui est frelat\u00e9e, des faits non v\u00e9rifi\u00e9s, un contradictoire qui est une farce\u00a0: cette enqu\u00eate ne tient tout simplement pas debout, avait par la suite fustig\u00e9, dans sa plaidoirie du vendredi 14\u00a0mars lors du proc\u00e8s, l\u2019avocat des parties civiles, Xavier Sauvignet. Juger de la qualit\u00e9 de cette enqu\u00eate, c\u2019est comme jouer au jeu des sept erreurs.\u00a0\u00bb Ce dernier estime que \u00ab\u00a0l\u2019enqu\u00eate\u00a0\u00bb publi\u00e9e par le Point rel\u00e8ve du \u00ab\u00a0buzz organis\u00e9\u00a0\u00bb dans la guerre que m\u00e8ne le magazine de droite \u00e0 la gauche.<\/p>\n<p>\u00ab\u00a0Le contradictoire est une farce\u00a0\u00bb dans cette affaire, a d\u00e9nonc\u00e9 Xavier Sauvignet, rappelant qu\u2019Aziz Zemmouri n\u2019a contact\u00e9 qu\u2019une seule fois par message les d\u00e9put\u00e9s tout juste \u00e9lus, avant la publication de son article, leur demandant s\u2019ils comptaient r\u00e9gulariser la situation de leur femme de m\u00e9nage. \u00c0 son tour, le procureur de la R\u00e9publique a \u00e9voqu\u00e9 \u00ab\u00a0un manquement \u00e0 la prudence\u00a0\u00bb et des informations qui n\u2019ont pas \u00e9t\u00e9 v\u00e9rifi\u00e9es comme elles auraient d\u00fb l\u2019\u00eatre.<\/p>\n<p>\u00ab\u00a0Il s\u2019est fait avoir. Tout a \u00e9t\u00e9 fabriqu\u00e9 pour que \u00e7a ressemble \u00e0 quelque chose qui soit totalement vrai\u00a0\u00bb, a soutenu Me David-Olivier Kaminski dans sa plaidoirie en d\u00e9fense. \u00ab\u00a0L\u2019information qui a \u00e9t\u00e9 publi\u00e9e par\u00a0le Point\u00a0\u00e9tait absolument et enti\u00e8rement fausse. Terriblement fausse. Personne ne contesterait qu\u2019elle \u00e9tait diffamatoire\u00a0\u00bb, avait de son c\u00f4t\u00e9 reconnu l\u2019avocat historique de l\u2019hebdomadaire, Renaud Le\u00a0Gunehec.<\/p>\n<p>\u00ab\u00a0M\u00eame les meilleurs se font avoir\u00a0\u00bb<\/p>\n<p>L\u2019avocat du reporter a d\u00e9fendu le professionnalisme de son client, \u00ab\u00a0connu de tous pour sa probit\u00e9 professionnelle\u00a0\u00bb. \u00ab\u00a0M\u00eame les meilleurs se font avoir\u00a0\u00bb, avait-il fini par conclure, avant de demander la relaxe. Depuis l\u2019\u00e9clatement de l\u2019affaire, Aziz Zemouri, qui a quitt\u00e9 l\u2019hebdomadaire, avait aussi pr\u00e9sent\u00e9 ses \u00ab\u00a0excuses les plus sinc\u00e8res\u00a0\u00bb, estimant avoir \u00e9t\u00e9 \u00ab\u00a0victime d\u2019une manipulation\u00a0\u00bb.<\/p>\n<p>L\u2019ancien journaliste du Point a toujours affirm\u00e9 devant les enqu\u00eateurs avoir \u00e9t\u00e9 dup\u00e9 par une de ses sources, un policier qui lui a donn\u00e9 le tuyau de la femme de m\u00e9nage sans papiers. Les investigations ont ensuite permis de remonter jusqu\u2019\u00e0 Rudy Succar, un ex-chauffeur de<a href=\"https:\/\/www.humanite.fr\/politique\/jean-christophe-lagarde\/jean-christophe-lagarde-quitte-la-tete-de-ludi-768311\" target=\"_blank\" rel=\"noopener\"> Jean-Christophe Lagarde<\/a>, d\u00e9put\u00e9 sortant et candidat affili\u00e9 au groupe de l\u2019Union d\u00e9mocrate ind\u00e9pendante (UDI), alors oppos\u00e9 \u00e0 Raquel Garrido lors des \u00e9lections l\u00e9gislatives ayant suivi l\u2019\u00e9lection pr\u00e9sidentielle.<\/p>\n<p>Apr\u00e8s plusieurs interrogatoires, l\u2019ex-chauffeur avait reconnu s\u2019\u00eatre fait passer pour la femme de m\u00e9nage aupr\u00e8s du journaliste sur demande pressante voire \u00ab\u00a0obsessionnelle\u00a0\u00bb de Jean-Christophe Lagarde, car celui-ci aurait voulu obtenir un \u00e9l\u00e9ment compromettant contre sa concurrente.<a href=\"https:\/\/www.humanite.fr\/politique\/alexis-corbiere\/alexis-corbiere-et-raquel-garrido-respectent-la-procedure-en-cours-contre-leur-fille\" target=\"_blank\" rel=\"noopener\"> L\u2019ex-d\u00e9put\u00e9 a d\u00e9nonc\u00e9<\/a> les mensonges \u00ab\u00a0les plus absolus et les plus absurdes\u00a0\u00bb. <\/p>\n<p>Dans l\u2019autre volet de l\u2019affaire, Jean-Christophe Lagarde, Rudy Succar et Noam Anouar, le contact policier d\u2019Aziz Zemouri, sont mis en examen notamment pour escroquerie en bande organis\u00e9e. Aziz Zemouri est lui partie civile aux c\u00f4t\u00e9s du couple Garrido-Corbi\u00e8re.<\/p>\n<p>Avant de partir, une derni\u00e8re chose\u2026<\/p>\n<p>Contrairement \u00e0 90% des m\u00e9dias fran\u00e7ais aujourd\u2019hui, <strong>l\u2019Humanit\u00e9 ne d\u00e9pend ni de grands groupes ni de milliardaires<\/strong>. Cela signifie que : <\/p>\n<ul class=\"wp-block-list\">\n<li>nous vous apportons des informations impartiales, sans compromis. Mais aussi que <\/li>\n<li>nous n\u2019avons pas les moyens financiers dont b\u00e9n\u00e9ficient les autres m\u00e9dias.<\/li>\n<\/ul>\n<p><strong>L\u2019information ind\u00e9pendante et de qualit\u00e9 a un co\u00fbt<\/strong>. Payez-le.<br \/><a href=\"https:\/\/stage.preprod.humanite.fr\/lhumanite-cest-vous\" data-type=\"link\" data-id=\"https:\/\/stage.preprod.humanite.fr\/lhumanite-cest-vous\" target=\"_blank\" rel=\"noopener\">Je veux en savoir plus<\/a><\/p>\n","protected":false},"excerpt":{"rendered":"Ce lundi 12\u00a0mai sonne la fin d\u2019un feuilleton qui dure depuis pr\u00e8s de trois ans. La 17e chambre&hellip;\n","protected":false},"author":2,"featured_media":94417,"comment_status":"","ping_status":"","sticky":false,"template":"","format":"standard","meta":{"footnotes":""},"categories":[2],"tags":[11,18835,1011,27,12,5927,7320,25],"class_list":{"0":"post-94416","1":"post","2":"type-post","3":"status-publish","4":"format-standard","5":"has-post-thumbnail","7":"category-actualites","8":"tag-actualites","9":"tag-alexis-corbiere","10":"tag-fr","11":"tag-france","12":"tag-news","13":"tag-procu00e8s","14":"tag-raquel-garrido","15":"tag-republique-francaise"},"share_on_mastodon":{"url":"https:\/\/pubeurope.com\/@fr\/114495341496280443","error":""},"_links":{"self":[{"href":"https:\/\/www.europesays.com\/fr\/wp-json\/wp\/v2\/posts\/94416","targetHints":{"allow":["GET"]}}],"collection":[{"href":"https:\/\/www.europesays.com\/fr\/wp-json\/wp\/v2\/posts"}],"about":[{"href":"https:\/\/www.europesays.com\/fr\/wp-json\/wp\/v2\/types\/post"}],"author":[{"embeddable":true,"href":"https:\/\/www.europesays.com\/fr\/wp-json\/wp\/v2\/users\/2"}],"replies":[{"embeddable":true,"href":"https:\/\/www.europesays.com\/fr\/wp-json\/wp\/v2\/comments?post=94416"}],"version-history":[{"count":0,"href":"https:\/\/www.europesays.com\/fr\/wp-json\/wp\/v2\/posts\/94416\/revisions"}],"wp:featuredmedia":[{"embeddable":true,"href":"https:\/\/www.europesays.com\/fr\/wp-json\/wp\/v2\/media\/94417"}],"wp:attachment":[{"href":"https:\/\/www.europesays.com\/fr\/wp-json\/wp\/v2\/media?parent=94416"}],"wp:term":[{"taxonomy":"category","embeddable":true,"href":"https:\/\/www.europesays.com\/fr\/wp-json\/wp\/v2\/categories?post=94416"},{"taxonomy":"post_tag","embeddable":true,"href":"https:\/\/www.europesays.com\/fr\/wp-json\/wp\/v2\/tags?post=94416"}],"curies":[{"name":"wp","href":"https:\/\/api.w.org\/{rel}","templated":true}]}}