{"id":94452,"date":"2025-05-12T14:51:10","date_gmt":"2025-05-12T14:51:10","guid":{"rendered":"https:\/\/www.europesays.com\/fr\/94452\/"},"modified":"2025-05-12T14:51:10","modified_gmt":"2025-05-12T14:51:10","slug":"trump-annonce-un-decret-pour-faire-baisser-les-prix-des-medicaments-aux-etats-unis-actualites","status":"publish","type":"post","link":"https:\/\/www.europesays.com\/fr\/94452\/","title":{"rendered":"Trump annonce un d\u00e9cret pour faire baisser les prix des m\u00e9dicaments aux Etats-Unis : Actualit\u00e9s"},"content":{"rendered":"<p class=\"lead \">Le pr\u00e9sident am\u00e9ricain Donald Trump a annonc\u00e9 qu&rsquo;il signerait lundi un d\u00e9cret qui, selon lui, permettra de r\u00e9duire fortement les prix des m\u00e9dicaments sur ordonnance aux Etats-Unis.<\/p>\n<p class=\"lead \">\u00ab\u00a0Les prix des m\u00e9dicaments vont diminuer de 59%, et ce n&rsquo;est pas tout ! L&rsquo;essence, l&rsquo;\u00e9nergie, les courses, et toutes les autres d\u00e9penses, \u00e7a baisse. Pas d&rsquo;inflation!\u00a0\u00bb a d\u00e9clar\u00e9 lundi M. Trump sur son r\u00e9seau social Truth Social, sans expliquer comme il parvenait \u00e0 ce chiffre.<\/p>\n<p class=\"lead \">Dimanche soir, il avait annonc\u00e9 qu&rsquo;il signerait lundi \u00e0 09H00 (13H00 GMT) un d\u00e9cret mettant en \u0153uvre cette nouvelle politique visant \u00e0 diminuer les prix des m\u00e9dicaments sur ordonnance.<\/p>\n<p class=\"lead \">Il avait alors assur\u00e9 que les prix baisseraient \u00ab\u00a0presque imm\u00e9diatement\u00a0\u00bb de 30% \u00e0 80% dans la foul\u00e9e, sans donner plus de d\u00e9tails sur ce calcul.<\/p>\n<p class=\"lead \">Ces prix \u00ab\u00a0augmenteront dans le monde entier pour compenser et, pour la premi\u00e8re fois depuis de nombreuses ann\u00e9es, apporter l&rsquo;\u00e9quit\u00e9 en Am\u00e9rique!\u00a0\u00bb, a-t-il encore \u00e9crit Truth Social.<\/p>\n<p class=\"lead \">L&rsquo;objectif est que \u00ab\u00a0les Etats-Unis payent le m\u00eame prix que la nation qui paye le prix le plus bas dans le monde\u00a0\u00bb, a pr\u00e9cis\u00e9 le milliardaire r\u00e9publicain.<\/p>\n<p class=\"lead \">Interrog\u00e9e par l&rsquo;AFP, la Maison Blanche n&rsquo;a pas donn\u00e9 plus de pr\u00e9cision sur la mani\u00e8re dont fonctionnera cette mesure.<\/p>\n<p class=\"lead \">L&rsquo;h\u00f4te de la Maison Blanche somme depuis longtemps l&rsquo;industrie pharmaceutique de baisser les prix des m\u00e9dicaments, parmi les plus \u00e9lev\u00e9s du monde et bien plus chers que dans les pays frontaliers (Canada et Mexique) et en Europe.<\/p>\n<p class=\"lead \">Selon une \u00e9tude de la Rand Corporation, les Etats-Unis payent en moyenne 2,5 fois plus pour les m\u00e9dicaments sur ordonnance que la France par exemple. Donald Trump s&rsquo;\u00e9tait engag\u00e9 \u00e0 r\u00e9duire cet \u00e9cart au cours de sa campagne pr\u00e9sidentielle.<\/p>\n<p class=\"lead \">Mi-avril, il avait d\u00e9j\u00e0 sign\u00e9 un premier d\u00e9cret ordonnant \u00e0 son administration de travailler \u00e0 une s\u00e9rie de mesures pour faire baisser les prix des m\u00e9dicaments.<\/p>\n<p class=\"lead \">Parmi les actions list\u00e9es: l&rsquo;am\u00e9lioration du processus de n\u00e9gociation entre l&rsquo;assurance-sant\u00e9 publique et les groupes pharmaceutiques ou encore la possibilit\u00e9 offerte aux Etats d&rsquo;importer directement des m\u00e9dicaments depuis des pays \u00e9trangers aux co\u00fbts moindres.<\/p>\n<p class=\"lead \">Les n\u00e9gociations men\u00e9es par l&rsquo;assurance-sant\u00e9 publique des plus de 65 ans \u00ab\u00a0Medicare\u00a0\u00bb sur les prix de certains m\u00e9dicaments sont des processus au long cours et les prix r\u00e9duits n\u00e9goci\u00e9s par l&rsquo;ancien pr\u00e9sident Joe Biden &#8211; qui a \u00e9galement men\u00e9 une offensive en la mati\u00e8re &#8211; ne prendront par exemple effet qu&rsquo;en 2026.<\/p>\n<p class=\"lead \">D\u00e8s son premier mandat (2017-2021), Donald Trump avait pris des mesures visant \u00e0 r\u00e9duire les prix, avec d\u00e9j\u00e0 l&rsquo;objectif affich\u00e9 de les aligner avec ceux les plus bas appliqu\u00e9s dans le monde. Mais ce plan n&rsquo;avait produit que peu d&rsquo;effet face \u00e0 l&rsquo;opposition de l&rsquo;industrie pharmaceutique.<\/p>\n<p class=\"lead \">Le m\u00e9contentement des m\u00e9nages face \u00e0 l&rsquo;inflation des ann\u00e9es 2022-23 a \u00e9t\u00e9 analys\u00e9 comme l&rsquo;une des raisons de la r\u00e9\u00e9lection de Donald Trump. Mais sa politique de guerre commerciale qui a consist\u00e9 ces derniers mois \u00e0 augmenter les droits de douane impos\u00e9s aux importations am\u00e9ricaines fait craindre une nouvelle hausse des prix.<\/p>\n<p class=\"small font-weight-bold text-gray3 \"> publi\u00e9 le 12 mai \u00e0 13h04, AFP<\/p>\n<p>                             Partager<\/p>\n","protected":false},"excerpt":{"rendered":"Le pr\u00e9sident am\u00e9ricain Donald Trump a annonc\u00e9 qu&rsquo;il signerait lundi un d\u00e9cret qui, selon lui, permettra de r\u00e9duire&hellip;\n","protected":false},"author":2,"featured_media":94453,"comment_status":"","ping_status":"","sticky":false,"template":"","format":"standard","meta":{"footnotes":""},"categories":[6],"tags":[35,215,33,34,1011,27,20710,693,9345,20709,15299,316,585,308],"class_list":{"0":"post-94452","1":"post","2":"type-post","3":"status-publish","4":"format-standard","5":"has-post-thumbnail","7":"category-economie","8":"tag-business","9":"tag-commerce","10":"tag-economie","11":"tag-economy","12":"tag-fr","13":"tag-france","14":"tag-indicateur","15":"tag-industrie","16":"tag-inflation","17":"tag-mdicaments","18":"tag-pharmacie","19":"tag-politique","20":"tag-sant","21":"tag-usa"},"share_on_mastodon":{"url":"https:\/\/pubeurope.com\/@fr\/114495427989058517","error":""},"_links":{"self":[{"href":"https:\/\/www.europesays.com\/fr\/wp-json\/wp\/v2\/posts\/94452","targetHints":{"allow":["GET"]}}],"collection":[{"href":"https:\/\/www.europesays.com\/fr\/wp-json\/wp\/v2\/posts"}],"about":[{"href":"https:\/\/www.europesays.com\/fr\/wp-json\/wp\/v2\/types\/post"}],"author":[{"embeddable":true,"href":"https:\/\/www.europesays.com\/fr\/wp-json\/wp\/v2\/users\/2"}],"replies":[{"embeddable":true,"href":"https:\/\/www.europesays.com\/fr\/wp-json\/wp\/v2\/comments?post=94452"}],"version-history":[{"count":0,"href":"https:\/\/www.europesays.com\/fr\/wp-json\/wp\/v2\/posts\/94452\/revisions"}],"wp:featuredmedia":[{"embeddable":true,"href":"https:\/\/www.europesays.com\/fr\/wp-json\/wp\/v2\/media\/94453"}],"wp:attachment":[{"href":"https:\/\/www.europesays.com\/fr\/wp-json\/wp\/v2\/media?parent=94452"}],"wp:term":[{"taxonomy":"category","embeddable":true,"href":"https:\/\/www.europesays.com\/fr\/wp-json\/wp\/v2\/categories?post=94452"},{"taxonomy":"post_tag","embeddable":true,"href":"https:\/\/www.europesays.com\/fr\/wp-json\/wp\/v2\/tags?post=94452"}],"curies":[{"name":"wp","href":"https:\/\/api.w.org\/{rel}","templated":true}]}}