{"id":94460,"date":"2025-05-12T14:55:09","date_gmt":"2025-05-12T14:55:09","guid":{"rendered":"https:\/\/www.europesays.com\/fr\/94460\/"},"modified":"2025-05-12T14:55:09","modified_gmt":"2025-05-12T14:55:09","slug":"un-ado-de-14-ans-interpelle-avec-78-pochons-de-cocaine-a-firminy","status":"publish","type":"post","link":"https:\/\/www.europesays.com\/fr\/94460\/","title":{"rendered":"Un ado de 14 ans interpell\u00e9 avec 78 pochons de coca\u00efne \u00e0 Firminy"},"content":{"rendered":"<p>Le point de deal du quartier du Mail \u00e0 Firminy, d\u00e9mantel\u00e9 en mars, a bien failli rouvrir. Samedi 10 mai, les forces de l&rsquo;ordre ont interpell\u00e9 un adolescent de 14 ans, originaire de Saint-\u00c9tienne, soup\u00e7onn\u00e9 d&rsquo;avoir \u00e9t\u00e9 recrut\u00e9 pour relancer l&rsquo;activit\u00e9. Il \u00e9tait, entre autres, en possession de 78 pochons de coca\u00efne et huit sachets de cannabis.<\/p>\n<p>Un <b>adolescent de 14 ans<\/b> interpell\u00e9 avec plusieurs dizaines de<b> pochons de<\/b> <b>coca\u00efne <\/b>\u00e0 <b>Firminy<\/b>, samedi 10 mai, au point de deal du <b>quartier du Mail.<\/b><\/p>\n<p>Les policiers de la Brigade sp\u00e9cialis\u00e9e de terrain, d\u00e9ploy\u00e9s en surveillance, ont rep\u00e9r\u00e9 le jeune homme <b>originaire de Saint-\u00c9tienne<\/b>, selon <a class=\"url\" href=\"https:\/\/c.leprogres.fr\/faits-divers-justice\/2025\/05\/12\/recrute-a-14-ans-pour-reactiver-un-point-de-deal-il-est-interpelle-avec-78-pochons-de-cocaine\" target=\"_blank\" rel=\"noopener\">Le Progr\u00e8s<\/a>.\u00a0<\/p>\n<p>De l&rsquo;argent en liquide \u00e9galement saisi<\/p>\n<p>Ce dernier a tent\u00e9 de dissimuler des produits stup\u00e9fiants dans ses sous-v\u00eatements.\u00a0<\/p>\n<p>Lors de la fouille, les agents ont retrouv\u00e9 <b>huit sachets de cannabis<\/b> et, dissimul\u00e9s un peu plus loin, <b>78 pochons de coca\u00efne<\/b>, dont 41 doses \u00e0 30 euros et 37 \u00e0 10 euros. Une somme de <b>1.080 euros en liquide<\/b> a \u00e9galement \u00e9t\u00e9 saisie.<\/p>\n<p>Plac\u00e9 en garde \u00e0 vue, l&rsquo;adolescent a \u00e9t\u00e9 convoqu\u00e9 devant le juge des mineurs. Le directeur interd\u00e9partemental de la police nationale, Yves Cellier, d\u00e9nonce une nouvelle fois \u00ab\u00a0un fl\u00e9au de plus en plus pr\u00e9sent sur le territoire lig\u00e9rien\u00a0\u00bb et promet que \u00ab\u00a0le harc\u00e8lement des trafiquants ne cessera pas.\u00a0\u00bb<\/p>\n<p><img loading=\"lazy\" decoding=\"async\" src=\"https:\/\/www.europesays.com\/fr\/wp-content\/uploads\/2025\/05\/1747061709_76_img\" width=\"350\" height=\"200\" border=\"0\" title=\"La RN88, \u00c3\u00a0 Saint-\u00c3\u0089tienne\"\/><\/p>\n<p>\u25baTrafic<\/p>\n<p style=\"font-size: 22px;\"><b>RN88, A47, A72, A89 : quels chantiers sur les grands axes de la Loire ?<\/b><\/p>\n<p>Retrouvez la liste des travaux pr\u00e9vus cette semaine&#8230;<\/p>\n<p><\/p>\n","protected":false},"excerpt":{"rendered":"Le point de deal du quartier du Mail \u00e0 Firminy, d\u00e9mantel\u00e9 en mars, a bien failli rouvrir. Samedi&hellip;\n","protected":false},"author":2,"featured_media":94461,"comment_status":"","ping_status":"","sticky":false,"template":"","format":"standard","meta":{"footnotes":""},"categories":[9653],"tags":[1111,11,2430,3675,20712,1052,1777,674,10282,1011,27,11272,3367,12,20711,25,9920,4001],"class_list":{"0":"post-94460","1":"post","2":"type-post","3":"status-publish","4":"format-standard","5":"has-post-thumbnail","7":"category-saint-etienne","8":"tag-actu","9":"tag-actualites","10":"tag-auvergne-rhone-alpes","11":"tag-cannabis","12":"tag-cocane","13":"tag-drogue","14":"tag-eu","15":"tag-europe","16":"tag-firminy","17":"tag-fr","18":"tag-france","19":"tag-interpellation","20":"tag-loire","21":"tag-news","22":"tag-quartier-du-mail-firminy","23":"tag-republique-francaise","24":"tag-saint-tienne","25":"tag-saint-etienne"},"share_on_mastodon":{"url":"https:\/\/pubeurope.com\/@fr\/114495443888979526","error":""},"_links":{"self":[{"href":"https:\/\/www.europesays.com\/fr\/wp-json\/wp\/v2\/posts\/94460","targetHints":{"allow":["GET"]}}],"collection":[{"href":"https:\/\/www.europesays.com\/fr\/wp-json\/wp\/v2\/posts"}],"about":[{"href":"https:\/\/www.europesays.com\/fr\/wp-json\/wp\/v2\/types\/post"}],"author":[{"embeddable":true,"href":"https:\/\/www.europesays.com\/fr\/wp-json\/wp\/v2\/users\/2"}],"replies":[{"embeddable":true,"href":"https:\/\/www.europesays.com\/fr\/wp-json\/wp\/v2\/comments?post=94460"}],"version-history":[{"count":0,"href":"https:\/\/www.europesays.com\/fr\/wp-json\/wp\/v2\/posts\/94460\/revisions"}],"wp:featuredmedia":[{"embeddable":true,"href":"https:\/\/www.europesays.com\/fr\/wp-json\/wp\/v2\/media\/94461"}],"wp:attachment":[{"href":"https:\/\/www.europesays.com\/fr\/wp-json\/wp\/v2\/media?parent=94460"}],"wp:term":[{"taxonomy":"category","embeddable":true,"href":"https:\/\/www.europesays.com\/fr\/wp-json\/wp\/v2\/categories?post=94460"},{"taxonomy":"post_tag","embeddable":true,"href":"https:\/\/www.europesays.com\/fr\/wp-json\/wp\/v2\/tags?post=94460"}],"curies":[{"name":"wp","href":"https:\/\/api.w.org\/{rel}","templated":true}]}}