{"id":94462,"date":"2025-05-12T14:56:10","date_gmt":"2025-05-12T14:56:10","guid":{"rendered":"https:\/\/www.europesays.com\/fr\/94462\/"},"modified":"2025-05-12T14:56:10","modified_gmt":"2025-05-12T14:56:10","slug":"ain-un-poids-lourd-se-renverse-sur-le-bas-cote-a-saint-etienne-sur-chalaronne","status":"publish","type":"post","link":"https:\/\/www.europesays.com\/fr\/94462\/","title":{"rendered":"Ain. Un poids lourd se renverse sur le bas-c\u00f4t\u00e9 \u00e0 Saint-Etienne-sur-Chalaronne"},"content":{"rendered":"<p>Un accident s\u2019est produit ce lundi 12\u00a0mai chemin de Saint-Martin \u00e0 Saint-Etienne-sur-Chalaronne. \u00c0 la suite d\u2019un d\u00e9faut de ma\u00eetrise, un poids lourd a bascul\u00e9 sur le bas-c\u00f4t\u00e9 de la route et s\u2019est couch\u00e9 sur le flanc, dans le champ, autour de 8\u00a0h\u00a030 du matin.<\/p>\n<p>Ce contenu est bloqu\u00e9 car vous n&rsquo;avez pas accept\u00e9 les cookies et autres traceurs.<\/p>\n<p>En cliquant sur \u00ab J\u2019accepte \u00bb, les cookies et autres traceurs seront d\u00e9pos\u00e9s et vous pourrez visualiser les contenus  (<a href=\"\" class=\"consentModule_policy\" target=\"_blank\" title=\"Consulter la politique de protection des donn\u00e9es du fournisseur\">plus d&rsquo;informations<\/a>).<\/p>\n<p>En cliquant sur \u00ab J\u2019accepte tous les cookies \u00bb, vous autorisez des d\u00e9p\u00f4ts de cookies et autres traceurs pour le stockage de vos donn\u00e9es sur nos sites et applications \u00e0 des fins de personnalisation et de ciblage publicitaire.<\/p>\n<p class=\"consentModule_secondaryText\">Vous gardez la possibilit\u00e9 de retirer votre consentement \u00e0 tout moment en consultant notre <a href=\"https:\/\/www.leprogres.fr\/protection-des-donnees\" target=\"_blank\" title=\"Consulter notre politique de protection des donn\u00e9es\" rel=\"nofollow noopener\">politique de protection des donn\u00e9es<\/a>. <br \/>&#13;<br \/>\n            <a href=\"https:\/\/www.leprogres.fr\/faits-divers-justice\/2025\/05\/12\/javascript:Didomi.notice.show()\" class=\"consentModule_cmp\" rel=\"nofollow noopener\" target=\"_blank\">G\u00e9rer mes choix<\/a>&#13;\n        <\/p>\n<p>&#13;<br \/>\n                        J&rsquo;accepte&#13;<br \/>\n            J&rsquo;accepte tous les cookies&#13;\n        <\/p>\n<p>C\u2019est le chauffeur du camion, bless\u00e9 l\u00e9ger, coinc\u00e9 dans l\u2019habitacle de la cabine, qui a alert\u00e9 les secours.\u00a0<\/p>\n<p>Les op\u00e9rations de d\u00e9sincarc\u00e9ration ont permis aux pompiers d&rsquo;extraire le chauffeur, \u00e2g\u00e9 de 43 ans. Il a \u00e9t\u00e9 pris en charge par les secours et transport\u00e9 au centre hospitalier de Villefranche-Gleiz\u00e9.<\/p>\n<p>La route a \u00e9t\u00e9 barr\u00e9e le temps de l\u2019intervention.\u00a0<\/p>\n<p>Le 44 tonnes transportait des eaux us\u00e9es. Le d\u00e9potage du camion, et son remorquage, ont \u00e9t\u00e9 pris en charge par l\u2019entreprise propri\u00e9taire du poids lourd.<\/p>\n","protected":false},"excerpt":{"rendered":"Un accident s\u2019est produit ce lundi 12\u00a0mai chemin de Saint-Martin \u00e0 Saint-Etienne-sur-Chalaronne. \u00c0 la suite d\u2019un d\u00e9faut de&hellip;\n","protected":false},"author":2,"featured_media":94463,"comment_status":"","ping_status":"","sticky":false,"template":"","format":"standard","meta":{"footnotes":""},"categories":[9653],"tags":[119,1111,11,2738,2430,6751,1777,674,274,107,1011,27,12,25,4001,20713,20714],"class_list":{"0":"post-94462","1":"post","2":"type-post","3":"status-publish","4":"format-standard","5":"has-post-thumbnail","7":"category-saint-etienne","8":"tag-accident","9":"tag-actu","10":"tag-actualites","11":"tag-ain","12":"tag-auvergne-rhone-alpes","13":"tag-edition-ain-ouest","14":"tag-eu","15":"tag-europe","16":"tag-faits-divers-justice","17":"tag-fil-info","18":"tag-fr","19":"tag-france","20":"tag-news","21":"tag-republique-francaise","22":"tag-saint-etienne","23":"tag-saint-etienne-sur-chalaronne","24":"tag-thoissey-bassin"},"share_on_mastodon":{"url":"https:\/\/pubeurope.com\/@fr\/114495447686183249","error":""},"_links":{"self":[{"href":"https:\/\/www.europesays.com\/fr\/wp-json\/wp\/v2\/posts\/94462","targetHints":{"allow":["GET"]}}],"collection":[{"href":"https:\/\/www.europesays.com\/fr\/wp-json\/wp\/v2\/posts"}],"about":[{"href":"https:\/\/www.europesays.com\/fr\/wp-json\/wp\/v2\/types\/post"}],"author":[{"embeddable":true,"href":"https:\/\/www.europesays.com\/fr\/wp-json\/wp\/v2\/users\/2"}],"replies":[{"embeddable":true,"href":"https:\/\/www.europesays.com\/fr\/wp-json\/wp\/v2\/comments?post=94462"}],"version-history":[{"count":0,"href":"https:\/\/www.europesays.com\/fr\/wp-json\/wp\/v2\/posts\/94462\/revisions"}],"wp:featuredmedia":[{"embeddable":true,"href":"https:\/\/www.europesays.com\/fr\/wp-json\/wp\/v2\/media\/94463"}],"wp:attachment":[{"href":"https:\/\/www.europesays.com\/fr\/wp-json\/wp\/v2\/media?parent=94462"}],"wp:term":[{"taxonomy":"category","embeddable":true,"href":"https:\/\/www.europesays.com\/fr\/wp-json\/wp\/v2\/categories?post=94462"},{"taxonomy":"post_tag","embeddable":true,"href":"https:\/\/www.europesays.com\/fr\/wp-json\/wp\/v2\/tags?post=94462"}],"curies":[{"name":"wp","href":"https:\/\/api.w.org\/{rel}","templated":true}]}}