{"id":944631,"date":"2026-05-20T04:14:21","date_gmt":"2026-05-20T04:14:21","guid":{"rendered":"https:\/\/www.europesays.com\/fr\/944631\/"},"modified":"2026-05-20T04:14:21","modified_gmt":"2026-05-20T04:14:21","slug":"metropole-de-lyon-cest-clairement-un-acte-de-malveillance-cet-arbre-doullins-pierre-benite-va-mourir-on-vous-explique-pourquoi","status":"publish","type":"post","link":"https:\/\/www.europesays.com\/fr\/944631\/","title":{"rendered":"M\u00e9tropole de Lyon. \u00ab\u00a0C\u2019est clairement un acte de malveillance\u00a0\u00bb : cet arbre d&rsquo;Oullins-Pierre-B\u00e9nite va mourir, on vous explique pourquoi"},"content":{"rendered":"<p>\u00ab\u00a0Le parc est fr\u00e9quent\u00e9 tous les jours et nos agents ont d\u00e9couvert les blessures inflig\u00e9es \u00e0 l\u2019arbre au matin, indique Pierre Laforets, conseiller municipal d\u00e9l\u00e9gu\u00e9 aux espaces verts d\u2019Oullins-Pierre-B\u00e9nite. C\u2019est clairement un acte de malveillance.\u00a0\u00bb<\/p>\n<p>La victime est un beau sapin situ\u00e9 dans le parc Jean-de-la-Fontaine, \u00e0 Pierre-B\u00e9nite. Son \u00e9corce a \u00e9t\u00e9 enlev\u00e9e sur toute la circonf\u00e9rence du tronc sur environ 1 m\u00e8tre de hauteur. Cette \u00ab\u00a0peau\u00a0\u00bb est vitale\u00a0: elle a pour r\u00f4le de prot\u00e9ger la s\u00e8ve qui circule juste derri\u00e8re et le bois tendre, qui est la partie vivante de l\u2019arbre.<\/p>\n<p>L\u2019\u00e9corce, une peau&#8230;                        <\/p>\n","protected":false},"excerpt":{"rendered":"\u00ab\u00a0Le parc est fr\u00e9quent\u00e9 tous les jours et nos agents ont d\u00e9couvert les blessures inflig\u00e9es \u00e0 l\u2019arbre au&hellip;\n","protected":false},"author":2,"featured_media":944632,"comment_status":"","ping_status":"","sticky":false,"template":"","format":"standard","meta":{"footnotes":"","_share_on_mastodon":"0"},"categories":[1889],"tags":[1111,11,2430,6698,3154,436,1777,674,1011,27,3354,2428,15108,12,15665,15666,25,12817],"class_list":["post-944631","post","type-post","status-publish","format-standard","has-post-thumbnail","category-lyon","tag-actu","tag-actualites","tag-auvergne-rhone-alpes","tag-canicule","tag-edition-sud-lyonnais","tag-environnement","tag-eu","tag-europe","tag-fr","tag-france","tag-jardin","tag-lyon","tag-magazine-lifestyle","tag-news","tag-oullins-pierre-benite","tag-oullins-ville","tag-republique-francaise","tag-secheresse"],"share_on_mastodon":{"url":"https:\/\/pubeurope.com\/@fr\/116604965061918120","error":""},"_links":{"self":[{"href":"https:\/\/www.europesays.com\/fr\/wp-json\/wp\/v2\/posts\/944631","targetHints":{"allow":["GET"]}}],"collection":[{"href":"https:\/\/www.europesays.com\/fr\/wp-json\/wp\/v2\/posts"}],"about":[{"href":"https:\/\/www.europesays.com\/fr\/wp-json\/wp\/v2\/types\/post"}],"author":[{"embeddable":true,"href":"https:\/\/www.europesays.com\/fr\/wp-json\/wp\/v2\/users\/2"}],"replies":[{"embeddable":true,"href":"https:\/\/www.europesays.com\/fr\/wp-json\/wp\/v2\/comments?post=944631"}],"version-history":[{"count":0,"href":"https:\/\/www.europesays.com\/fr\/wp-json\/wp\/v2\/posts\/944631\/revisions"}],"wp:featuredmedia":[{"embeddable":true,"href":"https:\/\/www.europesays.com\/fr\/wp-json\/wp\/v2\/media\/944632"}],"wp:attachment":[{"href":"https:\/\/www.europesays.com\/fr\/wp-json\/wp\/v2\/media?parent=944631"}],"wp:term":[{"taxonomy":"category","embeddable":true,"href":"https:\/\/www.europesays.com\/fr\/wp-json\/wp\/v2\/categories?post=944631"},{"taxonomy":"post_tag","embeddable":true,"href":"https:\/\/www.europesays.com\/fr\/wp-json\/wp\/v2\/tags?post=944631"}],"curies":[{"name":"wp","href":"https:\/\/api.w.org\/{rel}","templated":true}]}}