{"id":94494,"date":"2025-05-12T15:12:08","date_gmt":"2025-05-12T15:12:08","guid":{"rendered":"https:\/\/www.europesays.com\/fr\/94494\/"},"modified":"2025-05-12T15:12:08","modified_gmt":"2025-05-12T15:12:08","slug":"nice-salie-par-la-haine-la-mairie-monte-au-creneau-pour-defendre-un-festival","status":"publish","type":"post","link":"https:\/\/www.europesays.com\/fr\/94494\/","title":{"rendered":"Nice \u00ab\u00a0salie par la haine\u00a0\u00bb, la mairie monte au cr\u00e9neau pour d\u00e9fendre un festival"},"content":{"rendered":"<p>            Par<br \/>\n        <strong><br \/>\n            <a href=\"https:\/\/actu.fr\/auteur\/ugo-maillard\" title=\"Consulter tous les articles de Ugo Maillard\" target=\"_blank\" rel=\"noopener\">Ugo Maillard<\/a><br \/>\n        <\/strong><\/p>\n<p>        Publi\u00e9 le<\/p>\n<p>            12 mai 2025 \u00e0 17h03        <\/p>\n<p>Depuis le 10\u00a0mai 2025 et jusqu\u2019au 17\u00a0mai 2025, la ville de <a href=\"https:\/\/actu.fr\/nice\/\" target=\"_blank\" rel=\"noopener\">Nice<\/a> accueille la 3\u1d49 \u00e9dition du<strong> Rainbow festival<\/strong>, un \u00e9v\u00e8nement \u00ab\u2009inclusif, engag\u00e9 et festif, \u00e0 l\u2019image de la richesse et de la diversit\u00e9 de notre si belle ville\u2009\u00bb, d\u00e9fend l\u2019organisation.<\/p>\n<p class=\" wall-content\">Une vid\u00e9o a \u00e9t\u00e9 r\u00e9alis\u00e9e le samedi 10\u00a0mai par des militants pour d\u00e9noncer l\u2019organisation d\u2019un \u00ab\u2009\u00e9v\u00e9nement scandaleux\u2009\u00bb, \u00ab\u2009d\u2019une journ\u00e9e outranci\u00e8re\u2009\u00bb dans lequel on trouve un \u00ab\u2009espace d\u00e9di\u00e9 \u00e0 l\u2019endoctrinement de nos enfants\u2009\u00bb.<\/p>\n<p class=\" wall-content\">Cette vid\u00e9o a \u00e9t\u00e9 publi\u00e9e par un membre du <strong>collectif Eros<\/strong> qui se dit \u00ab\u2009engag\u00e9 contre les d\u00e9rives LGBT et multiculturelles\u2009\u00bb. Le groupe situ\u00e9 \u00e0 <strong>l\u2019extr\u00eame droite<\/strong> sur l\u2019\u00e9chiquier politique condamne le soutien de la Ville au festival.<\/p>\n<p class=\" wall-content\">La mairie a fait un signalement aupr\u00e8s du parquet, tandis que le centre LGBT ni\u00e7ois a de son c\u00f4t\u00e9 d\u00e9pos\u00e9 une plainte.<\/p>\n<p>\u00ab\u2009Des publications mensong\u00e8res et dangereuses\u2009\u00bb<\/p>\n<p class=\" wall-content\">Dans la vid\u00e9o diffus\u00e9e notamment sur Twitter, le collectif s\u2019infiltre au sein de l\u2019\u00e9v\u00e8nement pour mettre en lumi\u00e8re \u00ab\u2009un scandale\u2009\u00bb.<\/p>\n<p>Vid\u00e9os : en ce moment sur Actu<\/p>\n<p class=\" wall-content\">Un extrait de deux minutes <a href=\"https:\/\/x.com\/YohanPawerF\/status\/1921578815312064991\">vu plus de 300\u2009000\u00a0fois sur X<\/a> qui n\u2019a pas manqu\u00e9 de faire r\u00e9agir la mairie de Nice ainsi que l\u2019organisation du festival.<\/p>\n<p class=\" wall-content\">\u00ab\u2009Assez. Des propos diffamatoires, des extraits sortis de leur contexte, mont\u00e9s pour tromper et attiser la haine \u00e0 propos du Rainbow Festival [\u2026] Je ne laisserai pas le nom de Nice \u00eatre sali par la haine et la malveillance\u2009\u00bb, a expliqu\u00e9 <a href=\"https:\/\/actu.fr\/tag\/christian-estrosi\" target=\"_blank\" rel=\"noopener\">Christian Estrosi<\/a>.<\/p>\n<blockquote class=\"ac-article-quote wall-content\">\n<p>Nous avons signal\u00e9 au Procureur de la R\u00e9publique ces publications aussi mensong\u00e8res que dangereuses.<\/p>\n<p>    <strong>Christian Estrosi <\/strong><br \/>\n        Maire de Nice    <\/p><\/blockquote>\n<p class=\" wall-content\">Sollicit\u00e9 par actu Nice, le centre LGBT de Nice qui est \u00e0 l\u2019organisation du festival a r\u00e9agi\u2009: \u00ab\u2009On l\u2019a accueilli avec col\u00e8re, c\u2019est faux. Le but est d\u2019attiser la haine sur les personnes LBGT, a d\u00e9clar\u00e9 Erwan Le Ho coordinateur du centre, avant de r\u00e9affirmer qu\u2019il s\u2019agit d\u2019un \u00e9v\u00e9nement ludique, familial et festif.\u2009\u00bb<\/p>\n<p>Pr\u00e8s de 5\u2009000\u00a0personnes samedi<\/p>\n<p class=\" wall-content\">Ce samedi 10\u00a0mai 2025, le Rainbow festival a accueilli pr\u00e8s de 5\u2009000\u00a0personnes pour la journ\u00e9e inaugurale.<\/p>\n<p class=\" wall-content\">\u00ab\u2009Le message du festival est de promouvoir les personnes et associations qui se battent contre les discriminations\u2009\u00bb, souhaitent rappeler les membres du Centre LGBT de Nice.<\/p>\n<p class=\" wall-content\">La programmation va se poursuivre avec plusieurs temps forts dont une projection de film jeudi, un d\u00e9bat sur le rapport de SOS Homophobie 2025 vendredi et une marche dans les rues de Nice le dimanche 18\u00a0mai 2025.<\/p>\n<p class=\" wall-content\">L\u2019enti\u00e8ret\u00e9 du programme est \u00e0 retrouver sur le <a href=\"https:\/\/nicerainbowfestival.fr\/wp-content\/uploads\/2025\/04\/Programme_NRF2025.pdf\" target=\"_blank\" rel=\"noopener\">site de l\u2019organisation<\/a> du Rainbow festival.<\/p>\n<p class=\" wall-content\">Suivez toute l\u2019actualit\u00e9 de vos villes et m\u00e9dias favoris en vous inscrivant \u00e0 <a href=\"https:\/\/moncompte.actu.fr\" title=\"D\u00e9couvez Mon Actu\" rel=\"nofollow noopener\" data-trk=\"{&quot;cta&quot;:{&quot;action&quot;:&quot;https:\\\/\\\/moncompte.actu.fr&quot;,&quot;category&quot;:&quot;mon compte&quot;,&quot;from&quot;:&quot;article footer&quot;,&quot;name&quot;:&quot;Mon actu&quot;,&quot;type&quot;:&quot;cta&quot;}}\" target=\"_blank\">Mon Actu<\/a>.<\/p>\n","protected":false},"excerpt":{"rendered":"Par Ugo Maillard Publi\u00e9 le 12 mai 2025 \u00e0 17h03 Depuis le 10\u00a0mai 2025 et jusqu\u2019au 17\u00a0mai 2025,&hellip;\n","protected":false},"author":2,"featured_media":94495,"comment_status":"","ping_status":"","sticky":false,"template":"","format":"standard","meta":{"footnotes":""},"categories":[2819],"tags":[1111,11,1777,674,1011,27,303,9087,12,2401,882,25,104],"class_list":{"0":"post-94494","1":"post","2":"type-post","3":"status-publish","4":"format-standard","5":"has-post-thumbnail","7":"category-nice","8":"tag-actu","9":"tag-actualites","10":"tag-eu","11":"tag-europe","12":"tag-fr","13":"tag-france","14":"tag-justice","15":"tag-lgbt","16":"tag-news","17":"tag-nice","18":"tag-provence-alpes-cote-dazur","19":"tag-republique-francaise","20":"tag-societe"},"share_on_mastodon":{"url":"https:\/\/pubeurope.com\/@fr\/114495510748985698","error":""},"_links":{"self":[{"href":"https:\/\/www.europesays.com\/fr\/wp-json\/wp\/v2\/posts\/94494","targetHints":{"allow":["GET"]}}],"collection":[{"href":"https:\/\/www.europesays.com\/fr\/wp-json\/wp\/v2\/posts"}],"about":[{"href":"https:\/\/www.europesays.com\/fr\/wp-json\/wp\/v2\/types\/post"}],"author":[{"embeddable":true,"href":"https:\/\/www.europesays.com\/fr\/wp-json\/wp\/v2\/users\/2"}],"replies":[{"embeddable":true,"href":"https:\/\/www.europesays.com\/fr\/wp-json\/wp\/v2\/comments?post=94494"}],"version-history":[{"count":0,"href":"https:\/\/www.europesays.com\/fr\/wp-json\/wp\/v2\/posts\/94494\/revisions"}],"wp:featuredmedia":[{"embeddable":true,"href":"https:\/\/www.europesays.com\/fr\/wp-json\/wp\/v2\/media\/94495"}],"wp:attachment":[{"href":"https:\/\/www.europesays.com\/fr\/wp-json\/wp\/v2\/media?parent=94494"}],"wp:term":[{"taxonomy":"category","embeddable":true,"href":"https:\/\/www.europesays.com\/fr\/wp-json\/wp\/v2\/categories?post=94494"},{"taxonomy":"post_tag","embeddable":true,"href":"https:\/\/www.europesays.com\/fr\/wp-json\/wp\/v2\/tags?post=94494"}],"curies":[{"name":"wp","href":"https:\/\/api.w.org\/{rel}","templated":true}]}}