{"id":945041,"date":"2026-05-20T08:44:21","date_gmt":"2026-05-20T08:44:21","guid":{"rendered":"https:\/\/www.europesays.com\/fr\/945041\/"},"modified":"2026-05-20T08:44:21","modified_gmt":"2026-05-20T08:44:21","slug":"lituanie-le-president-et-la-premiere-ministre-conduits-aux-abris-apres-une-alerte-au-drone-laeroport-de-vilnius-ferme","status":"publish","type":"post","link":"https:\/\/www.europesays.com\/fr\/945041\/","title":{"rendered":"Lituanie : le pr\u00e9sident et la premi\u00e8re ministre conduits aux abris apr\u00e8s une alerte au drone, l\u2019a\u00e9roport de Vilnius ferm\u00e9"},"content":{"rendered":"<p>\n    Les habitants de la capitale lituanienne ont re\u00e7u un message de l\u2019arm\u00e9e sur leur t\u00e9l\u00e9phone\u00a0: \u00abAlerte a\u00e9rienne! Rendez-vous imm\u00e9diatement dans un abri ou un endroit s\u00fbr.\u00bb<\/p>\n<p class=\"fig-paragraph\">L&rsquo;arm\u00e9e\u00a0<a href=\"http:\/\/www.lefigaro.fr\/international\/c-est-une-question-tres-serieuse-en-lituanie-le-gouvernement-envisage-de-rehabiliter-les-boites-de-nuit-pour-relancer-le-taux-de-natalite-20260408\" data-fig-type=\"NewsFlash\" data-gtm-custom-categorie=\"navigation\" data-gtm-custom-action=\"crossclick\" data-gtm-custom-label=\"Contextuel\" data-gtm-event=\"customEventSPE\" data-fig-domain=\"LEFIGARO\" rel=\"nofollow noopener\" target=\"_blank\">lituanienne\u00a0<\/a>a appel\u00e9 mercredi matin la population aux abris dans plusieurs r\u00e9gions du pays en raison d&rsquo;une alerte au drone qui a entra\u00een\u00e9 la suspension des vols \u00e0 l&rsquo;a\u00e9roport international de\u00a0<a href=\"http:\/\/www.lefigaro.fr\/international\/lituanie-les-aeroports-de-vilnius-et-kaunas-fermes-en-raison-de-ballons-en-provenance-de-bielorussie-20251024\" data-fig-type=\"NewsFlash\" data-gtm-custom-categorie=\"navigation\" data-gtm-custom-action=\"crossclick\" data-gtm-custom-label=\"Contextuel\" data-gtm-event=\"customEventSPE\" data-fig-domain=\"LEFIGARO\" rel=\"nofollow noopener\" target=\"_blank\">Vilnius<\/a>. Le pr\u00e9sident Gitanas Nauseda et la premi\u00e8re ministre Inga Ruginiene eux-m\u00eames ont \u00e9t\u00e9 conduits aux abris.<\/p>\n<p class=\"fig-paragraph\">Les habitants de la capitale, dont un correspondant de l&rsquo;AFP, ont re\u00e7u un message de l&rsquo;arm\u00e9e sur leur t\u00e9l\u00e9phone portable vers 10H20 (07H20 GMT): \u00abAlerte a\u00e9rienne! Rendez-vous imm\u00e9diatement dans un abri ou un endroit s\u00fbr, prenez soin des membres de votre famille et attendez de nouvelles recommandations\u00bb.<\/p>\n<p>                                            <a class=\"fig-a11y-skip\" href=\"#fig-a11y-skip-main-inarticle\" is=\"fig-a11y-skip\" data-trigger-mode=\"visible-once\"><br \/>\n    Passer la publicit\u00e9<br \/>\n<\/a>            <\/p>\n<p class=\"fig-paragraph\">Les d\u00e9put\u00e9s si\u00e9geant au Seimas, le parlement lituanien, ont \u00e9t\u00e9 conduits dans un abri souterrain.<\/p>\n","protected":false},"excerpt":{"rendered":"Les habitants de la capitale lituanienne ont re\u00e7u un message de l\u2019arm\u00e9e sur leur t\u00e9l\u00e9phone\u00a0: \u00abAlerte a\u00e9rienne! Rendez-vous&hellip;\n","protected":false},"author":2,"featured_media":945042,"comment_status":"","ping_status":"","sticky":false,"template":"","format":"standard","meta":{"footnotes":"","_share_on_mastodon":"0"},"categories":[5],"tags":[11,663,898,564,1011,27,14,2050,12,69772,28],"class_list":["post-945041","post","type-post","status-publish","format-standard","has-post-thumbnail","category-international","tag-actualites","tag-aeroport","tag-alerte","tag-drone","tag-fr","tag-france","tag-international","tag-lituanie","tag-news","tag-vilnius","tag-world"],"share_on_mastodon":{"url":"https:\/\/pubeurope.com\/@fr\/116606026822154424","error":""},"_links":{"self":[{"href":"https:\/\/www.europesays.com\/fr\/wp-json\/wp\/v2\/posts\/945041","targetHints":{"allow":["GET"]}}],"collection":[{"href":"https:\/\/www.europesays.com\/fr\/wp-json\/wp\/v2\/posts"}],"about":[{"href":"https:\/\/www.europesays.com\/fr\/wp-json\/wp\/v2\/types\/post"}],"author":[{"embeddable":true,"href":"https:\/\/www.europesays.com\/fr\/wp-json\/wp\/v2\/users\/2"}],"replies":[{"embeddable":true,"href":"https:\/\/www.europesays.com\/fr\/wp-json\/wp\/v2\/comments?post=945041"}],"version-history":[{"count":0,"href":"https:\/\/www.europesays.com\/fr\/wp-json\/wp\/v2\/posts\/945041\/revisions"}],"wp:featuredmedia":[{"embeddable":true,"href":"https:\/\/www.europesays.com\/fr\/wp-json\/wp\/v2\/media\/945042"}],"wp:attachment":[{"href":"https:\/\/www.europesays.com\/fr\/wp-json\/wp\/v2\/media?parent=945041"}],"wp:term":[{"taxonomy":"category","embeddable":true,"href":"https:\/\/www.europesays.com\/fr\/wp-json\/wp\/v2\/categories?post=945041"},{"taxonomy":"post_tag","embeddable":true,"href":"https:\/\/www.europesays.com\/fr\/wp-json\/wp\/v2\/tags?post=945041"}],"curies":[{"name":"wp","href":"https:\/\/api.w.org\/{rel}","templated":true}]}}