{"id":94507,"date":"2025-05-12T15:19:07","date_gmt":"2025-05-12T15:19:07","guid":{"rendered":"https:\/\/www.europesays.com\/fr\/94507\/"},"modified":"2025-05-12T15:19:07","modified_gmt":"2025-05-12T15:19:07","slug":"quelles-nouveautes-pour-ledition-de-mai-2025","status":"publish","type":"post","link":"https:\/\/www.europesays.com\/fr\/94507\/","title":{"rendered":"quelles nouveaut\u00e9s pour l\u2019\u00e9dition de mai 2025\u00a0?"},"content":{"rendered":"<p>            Par<br \/>\n        <strong><br \/>\n            <a href=\"https:\/\/actu.fr\/auteur\/amandine-vachez\" title=\"Consulter tous les articles de Amandine Vachez\" target=\"_blank\" rel=\"noopener\">Amandine Vachez<\/a><br \/>\n        <\/strong><\/p>\n<p>        Publi\u00e9 le<\/p>\n<p>            12 mai 2025 \u00e0 16h28        <\/p>\n<p>C\u2019est un \u00e9v\u00e9nement qui fait venir les foules \u00e0 chaque passage. Et pour cause\u2009: on en prend plein la vue\u2009! Les <b>Geek Days <\/b>r\u00e9investissent <a href=\"https:\/\/actu.fr\/tag\/lille-grand-palais\" target=\"_blank\" rel=\"noopener\">Lille Grand Palais<\/a> pendant deux jours, autour de la<b> pop culture, du cosplay <\/b>et de tout ce qu\u2019englobe la<b> \u00ab\u2009culture geek\u2009\u00bb. <\/b>Nouveaut\u00e9s, temps forts, invit\u00e9s de marque\u2026 Les grandes lignes de ce qui vous attend, les<b> samedi\u00a017 et dimanche 18\u00a0mai 2025.<\/b><\/p>\n<p>140\u00a0exposants, performances, animations\u2026<\/p>\n<p class=\" wall-content\">\u00ab\u2009Passionn\u00e9s de <b>manga, gaming, science-fiction, cosplay et culture geek<\/b> en\u00a0g\u00e9n\u00e9ral, pr\u00e9parez-vous \u00e0 vivre un week-end \u00e9pique\u2009\u00bb, annonce l\u2019organisation, \u00e0 quelques jours de la 14e \u00e9dition de l\u2019\u00e9v\u00e9nement. Cette ann\u00e9e, \u00ab\u2009les Geek Days repoussent les limites avec des\u00a0nouveaut\u00e9s incroyables et des invit\u00e9s d\u2019exception pour les 15\u2009000\u00a0visiteurs attendus\u2009!\u2009\u00bb, est-il ajout\u00e9.<\/p>\n<p class=\" wall-content\">Voici une id\u00e9e de ce qui vous attend\u2009: autour de 140\u00a0exposants, l\u2019\u00e9v\u00e9nement proposera \u00ab\u2009des<b> performances sur sc\u00e8ne<\/b>, des animations \u00e9poustouflantes et des conf\u00e9rences passionnantes, dans une ambiance festive et conviviale\u2009!\u2009\u00bb<\/p>\n<p>La s\u00e9rie \u00ab\u2009Arcane\u2009\u00bb mise \u00e0 l\u2019honneur<\/p>\n<p class=\" wall-content\">Cette ann\u00e9e, les Geek Days mettent \u00e0 l\u2019honneur la s\u00e9rie Arcane avec les voix fran\u00e7aises des personnages embl\u00e9matiques de la s\u00e9rie culte. Vous pourrez participer \u00e0 des <b>rencontres\/d\u00e9dicaces <\/b>avec ceux qui pr\u00eatent leur voix \u00e0 Ambessa (Ma\u00efk Darah), Mel (G\u00e9raldine Asselin), Vi (Alice Taurand) et Caitlyn (Elsa Davoine). Une <b>conf\u00e9rence autour des<\/b> <b>anecdotes et secrets<\/b> de confection de la s\u00e9rie est aussi au programme, ainsi qu\u2019un <b>concours cosplay<\/b> cibl\u00e9. Vous pourrez vous immerger dans son d\u00e9cor, avec une <b>exp\u00e9rience immersive <\/b>propos\u00e9e par Lense Odyssey\u2009!<\/p>\n<p>La diversit\u00e9 et l\u2019inclusivit\u00e9 au c\u0153ur de cette \u00e9dition<\/p>\n<p class=\" wall-content\">Cette \u00e9dition a vocation aussi de \u00ab\u00a0mettre la diversit\u00e9, l\u2019inclusivit\u00e9 et l\u2019excentricit\u00e9 sous le feu des projecteurs, avec\u2009:<\/p>\n<p>Vid\u00e9os : en ce moment sur Actu<\/p>\n<ul class=\" wall-content\">\n<li>La finale r\u00e9gionale du <b>Troph\u00e9e des s\u00e9niors<\/b>, parce que le jeu vid\u00e9o n\u2019a pas d\u2019\u00e2ge\u2009;<\/li>\n<li><b>Orcusa<\/b> autour du sujet de l\u2019accessibilit\u00e9 \u00e0 la tech et le handicap.\u2009;<\/li>\n<li>Pour la premi\u00e8re fois, des<b> shows spectaculaires de catch<\/b>, de catch drag et de catch f\u00e9minin avec aussi des conf\u00e9rences sur le parcours des athl\u00e8tes.\u00a0\u00bb<\/li>\n<\/ul>\n<p class=\" wall-content\">Des<b> invit\u00e9s prestigieux*<\/b> sont aussi annonc\u00e9s\u2009! Il ne vous reste plus qu\u2019\u00e0 rev\u00eatir votre plus belle tenue et de vous rendre au Grand Palais.<\/p>\n<p>Geek Days, samedi 17\u00a0mai de 10\u2009h \u00e0 19\u2009h et dimanche 18\u00a0mai de 10\u2009h \u00e0 18\u2009h \u00e0 Lille Grand Palais (1, bd des Cit\u00e9s Unies). *<a href=\"https:\/\/www.geek-days.com\/\" target=\"_blank\" rel=\"noopener\">Infos sur le programme et billetterie<\/a>.<\/p>\n<p class=\" wall-content\">Suivez toute l\u2019actualit\u00e9 de vos villes et m\u00e9dias favoris en vous inscrivant \u00e0 <a href=\"https:\/\/moncompte.actu.fr\" title=\"D\u00e9couvez Mon Actu\" rel=\"nofollow noopener\" data-trk=\"{&quot;cta&quot;:{&quot;action&quot;:&quot;https:\\\/\\\/moncompte.actu.fr&quot;,&quot;category&quot;:&quot;mon compte&quot;,&quot;from&quot;:&quot;article footer&quot;,&quot;name&quot;:&quot;Mon actu&quot;,&quot;type&quot;:&quot;cta&quot;}}\" target=\"_blank\">Mon Actu<\/a>.<\/p>\n","protected":false},"excerpt":{"rendered":"Par Amandine Vachez Publi\u00e9 le 12 mai 2025 \u00e0 16h28 C\u2019est un \u00e9v\u00e9nement qui fait venir les foules&hellip;\n","protected":false},"author":2,"featured_media":94508,"comment_status":"","ping_status":"","sticky":false,"template":"","format":"standard","meta":{"footnotes":""},"categories":[2815],"tags":[1111,11,1777,674,1011,27,811,1307,11505,1652,12,25],"class_list":{"0":"post-94507","1":"post","2":"type-post","3":"status-publish","4":"format-standard","5":"has-post-thumbnail","7":"category-lille","8":"tag-actu","9":"tag-actualites","10":"tag-eu","11":"tag-europe","12":"tag-fr","13":"tag-france","14":"tag-hauts-de-france","15":"tag-lille","16":"tag-lille-grand-palais","17":"tag-loisirs-culture","18":"tag-news","19":"tag-republique-francaise"},"share_on_mastodon":{"url":"https:\/\/pubeurope.com\/@fr\/114495538147122459","error":""},"_links":{"self":[{"href":"https:\/\/www.europesays.com\/fr\/wp-json\/wp\/v2\/posts\/94507","targetHints":{"allow":["GET"]}}],"collection":[{"href":"https:\/\/www.europesays.com\/fr\/wp-json\/wp\/v2\/posts"}],"about":[{"href":"https:\/\/www.europesays.com\/fr\/wp-json\/wp\/v2\/types\/post"}],"author":[{"embeddable":true,"href":"https:\/\/www.europesays.com\/fr\/wp-json\/wp\/v2\/users\/2"}],"replies":[{"embeddable":true,"href":"https:\/\/www.europesays.com\/fr\/wp-json\/wp\/v2\/comments?post=94507"}],"version-history":[{"count":0,"href":"https:\/\/www.europesays.com\/fr\/wp-json\/wp\/v2\/posts\/94507\/revisions"}],"wp:featuredmedia":[{"embeddable":true,"href":"https:\/\/www.europesays.com\/fr\/wp-json\/wp\/v2\/media\/94508"}],"wp:attachment":[{"href":"https:\/\/www.europesays.com\/fr\/wp-json\/wp\/v2\/media?parent=94507"}],"wp:term":[{"taxonomy":"category","embeddable":true,"href":"https:\/\/www.europesays.com\/fr\/wp-json\/wp\/v2\/categories?post=94507"},{"taxonomy":"post_tag","embeddable":true,"href":"https:\/\/www.europesays.com\/fr\/wp-json\/wp\/v2\/tags?post=94507"}],"curies":[{"name":"wp","href":"https:\/\/api.w.org\/{rel}","templated":true}]}}