{"id":94511,"date":"2025-05-12T15:21:08","date_gmt":"2025-05-12T15:21:08","guid":{"rendered":"https:\/\/www.europesays.com\/fr\/94511\/"},"modified":"2025-05-12T15:21:08","modified_gmt":"2025-05-12T15:21:08","slug":"sur-le-littoral-sud-les-cyclistes-veulent-un-plan-velo-qui-passe-la-seconde","status":"publish","type":"post","link":"https:\/\/www.europesays.com\/fr\/94511\/","title":{"rendered":"sur le littoral Sud, les cyclistes veulent un plan v\u00e9lo qui \u00ab\u00a0passe la seconde\u00a0\u00bb"},"content":{"rendered":"<p>Suffit-il d\u2019augmenter le nombre de deux roues pour en faciliter la pratique\u00a0? \u00c0 l\u2019heure o\u00f9 les Marseillais \u00e9valuent la politique de la M\u00e9tropole en mati\u00e8re de v\u00e9lo via le <a href=\"https:\/\/www.laprovence.com\/article\/societe\/3547606567170314\/marseille-encore-derniere-le-barometre-des-villes-cyclables-appelle-aux-votes-pour-son-classement-2025\" target=\"_blank\" rel=\"noopener\">barom\u00e8tre 2025<\/a> disponible en ligne jusqu\u2019au 2\u00a0juin, les cyclistes d\u00e9noncent \u00ab\u00a0le manque de continuit\u00e9, de s\u00e9curit\u00e9 et de coh\u00e9rence\u00a0\u00bb du r\u00e9seau de pistes cyclables dans la deuxi\u00e8me ville de France.<\/p>\n<p>Celle-ci avait \u00e9t\u00e9 class\u00e9e pire ville pour faire du v\u00e9lo en\u00a02021. Et malgr\u00e9 la forte hausse du nombre de v\u00e9los \u00e9lectriques en libre-service dans les rues de Marseille, pass\u00e9s en un an de 2\u00a0000 \u00e0 4\u00a0600 unit\u00e9s avec notamment <a href=\"https:\/\/www.laprovence.com\/article\/region\/2292961283107915\/avec-trois-stations-a-velos-electriques-installees-les-habitants-du-littoral-sud-de-marseille-respirent\" target=\"_blank\" rel=\"noopener\">trois nouvelles stations dans les calanques<\/a>, \u00ab\u00a0les infrastructures ne suivent pas. Les pistes cyclables sont discontinues voire dangereuses, et des portions restent impraticables pour les publics vuln\u00e9rables sur <a href=\"https:\/\/www.laprovence.com\/article\/region\/3298608989370414\/avenir-du-littoral-sud-a-marseille-une-concertation-mais-toujours-des-questions\" target=\"_blank\" rel=\"noopener\">une grande partie du littoral Sud<\/a> qui est pourtant tr\u00e8s fr\u00e9quent\u00e9\u00a0\u00bb, estime Jean-Pierre Fouquet, ex-\u00e9lu \u00e9cologiste et pr\u00e9sident de l\u2019association SOS eau et nature.<\/p>\n<p>Un chantier en trois phases<\/p>\n<p>\u00c0 l\u2019\u00e9poque de son premier mandat dans les ann\u00e9es\u00a02000, Jean-Pierre Fouquet organise des courses sur la plus petite piste cyclable de Marseille, au Vieux-Port. L\u2019objectif\u00a0? \u00ab\u00a0Montrer le peu d\u2019importance que donne la sph\u00e8re politique au v\u00e9lo\u00a0\u00bb, tandis qu\u2019une trentaine de \u00ab\u00a0fadas\u00a0\u00bb parcourent les 18 m\u00e8tres jusqu\u2019\u00e0 la ligne d\u2019arriv\u00e9e. Vingt ans plus tard, ces critiques sont toujours d\u2019actualit\u00e9\u00a0: \u00ab\u00a02% des rues de Marseille ont une piste cyclable alors que le nombre de cyclistes a \u00e9t\u00e9 multipli\u00e9 par deux en une d\u00e9cennie, ce qui repr\u00e9sente 4% des d\u00e9placements quotidiens\u00a0\u00bb, exposait <a href=\"https:\/\/www.laprovence.com\/article\/region\/4445679346054114\/pollution-de-lair-parents-enfants-et-associations-se-mobilisent-contre-le-tout-voiture-a-marseille\" target=\"_blank\" rel=\"noopener\">le collectif Marsmob<\/a> en\u00a02024.<\/p>\n","protected":false},"excerpt":{"rendered":"Suffit-il d\u2019augmenter le nombre de deux roues pour en faciliter la pratique\u00a0? \u00c0 l\u2019heure o\u00f9 les Marseillais \u00e9valuent&hellip;\n","protected":false},"author":2,"featured_media":94512,"comment_status":"","ping_status":"","sticky":false,"template":"","format":"standard","meta":{"footnotes":""},"categories":[2814],"tags":[17,1111,11,10628,1777,674,1011,27,151,3135,884,12,882,16,25,7053,3356,4925],"class_list":{"0":"post-94511","1":"post","2":"type-post","3":"status-publish","4":"format-standard","5":"has-post-thumbnail","7":"category-marseille","8":"tag-17","9":"tag-actu","10":"tag-actualites","11":"tag-cyclistes","12":"tag-eu","13":"tag-europe","14":"tag-fr","15":"tag-france","16":"tag-les","17":"tag-littoral","18":"tag-marseille","19":"tag-news","20":"tag-provence-alpes-cote-dazur","21":"tag-region","22":"tag-republique-francaise","23":"tag-sud","24":"tag-sur","25":"tag-veulent"},"share_on_mastodon":{"url":"https:\/\/pubeurope.com\/@fr\/114495545886231289","error":""},"_links":{"self":[{"href":"https:\/\/www.europesays.com\/fr\/wp-json\/wp\/v2\/posts\/94511","targetHints":{"allow":["GET"]}}],"collection":[{"href":"https:\/\/www.europesays.com\/fr\/wp-json\/wp\/v2\/posts"}],"about":[{"href":"https:\/\/www.europesays.com\/fr\/wp-json\/wp\/v2\/types\/post"}],"author":[{"embeddable":true,"href":"https:\/\/www.europesays.com\/fr\/wp-json\/wp\/v2\/users\/2"}],"replies":[{"embeddable":true,"href":"https:\/\/www.europesays.com\/fr\/wp-json\/wp\/v2\/comments?post=94511"}],"version-history":[{"count":0,"href":"https:\/\/www.europesays.com\/fr\/wp-json\/wp\/v2\/posts\/94511\/revisions"}],"wp:featuredmedia":[{"embeddable":true,"href":"https:\/\/www.europesays.com\/fr\/wp-json\/wp\/v2\/media\/94512"}],"wp:attachment":[{"href":"https:\/\/www.europesays.com\/fr\/wp-json\/wp\/v2\/media?parent=94511"}],"wp:term":[{"taxonomy":"category","embeddable":true,"href":"https:\/\/www.europesays.com\/fr\/wp-json\/wp\/v2\/categories?post=94511"},{"taxonomy":"post_tag","embeddable":true,"href":"https:\/\/www.europesays.com\/fr\/wp-json\/wp\/v2\/tags?post=94511"}],"curies":[{"name":"wp","href":"https:\/\/api.w.org\/{rel}","templated":true}]}}