{"id":94513,"date":"2025-05-12T15:22:10","date_gmt":"2025-05-12T15:22:10","guid":{"rendered":"https:\/\/www.europesays.com\/fr\/94513\/"},"modified":"2025-05-12T15:22:10","modified_gmt":"2025-05-12T15:22:10","slug":"prison-ferme-pour-un-ancien-boucher-charcutier-devenu-marchand-de-sommeil","status":"publish","type":"post","link":"https:\/\/www.europesays.com\/fr\/94513\/","title":{"rendered":"prison ferme pour un ancien boucher-charcutier devenu marchand de sommeil"},"content":{"rendered":"<p>Un ancien boucher-charcutier de 85 ans a \u00e9t\u00e9 condamn\u00e9 pour avoir lou\u00e9 des taudis dans le quartier populaire de Noailles, gangren\u00e9 par le mal-logement. Son \u00e9pouse a \u00e9galement \u00e9t\u00e9 condamn\u00e9e.<\/p>\n<p class=\"fig-paragraph\">Ancien boucher-charcutier devenu multipropri\u00e9taire dans le c\u0153ur populaire de Marseille, Rapha\u00ebl Z., 85 ans, a \u00e9t\u00e9 condamn\u00e9 lundi \u00e0 quatre ans de prison dont trois avec sursis probatoire pour avoir\u00a0<a href=\"http:\/\/www.lefigaro.fr\/marseille\/marseille-prison-ferme-contre-deux-marchands-de-sommeil-20250310\" data-fig-type=\"NewsFlash\" data-gtm-custom-categorie=\"navigation\" data-gtm-custom-action=\"crossclick\" data-gtm-custom-label=\"Contextuel\" data-gtm-event=\"customEventSPE\" data-fig-domain=\"LEFIGARO\" rel=\"nofollow noopener\" target=\"_blank\">lou\u00e9\u00a0<\/a>des\u00a0<a href=\"http:\/\/www.lefigaro.fr\/marseille\/marseille-prison-ferme-requise-contre-un-ancien-boucher-charcutier-devenu-marchand-de-sommeil-20250314\" data-fig-type=\"NewsFlash\" data-gtm-custom-categorie=\"navigation\" data-gtm-custom-action=\"crossclick\" data-gtm-custom-label=\"Contextuel\" data-gtm-event=\"customEventSPE\" data-fig-domain=\"LEFIGARO\" rel=\"nofollow noopener\" target=\"_blank\">appartements insalubres ou dangereux.<\/a><\/p>\n<p class=\"fig-paragraph\">L&rsquo;octog\u00e9naire, qui purgera son ann\u00e9e de d\u00e9tention ferme sous bracelet \u00e9lectronique, s&rsquo;est aussi vu infliger une amende de 50.000 euros, avec interdictions pendant cinq ans d&rsquo;exercer toute activit\u00e9 dans le domaine immobilier et, pendant dix ans, d&rsquo;acheter des biens destin\u00e9s \u00e0 l&rsquo;h\u00e9bergement.<\/p>\n<p class=\"fig-paragraph\">Son \u00e9pouse, qui faisait office de comptable de leurs deux soci\u00e9t\u00e9s familiales immobili\u00e8res, est condamn\u00e9e \u00e0 trois ans de prison avec sursis probatoire, \u00e0 une amende de 25.000 euros, et aux m\u00eames interdictions que son mari.<\/p>\n<p>Rentabilit\u00e9 maximum<\/p>\n<p class=\"fig-paragraph\">Depuis le milieu des ann\u00e9es 1990, le couple avait acquis une soixantaine d&rsquo;appartements, dont certains immeubles entiers, notamment dans le quartier de\u00a0<a href=\"https:\/\/photo.lefigaro.fr\/marseille\/le-quartier-de-noailles-envahi-par-des-vendeurs-a-la-sauvette-20250123\" data-fig-type=\"SlideShowResource\" data-gtm-custom-categorie=\"navigation\" data-gtm-custom-action=\"crossclick\" data-gtm-custom-label=\"Contextuel\" data-gtm-event=\"customEventSPE\" data-fig-domain=\"LEFIGARO\" rel=\"nofollow noopener\" target=\"_blank\">Noailles<\/a>.<\/p>\n<p class=\"fig-paragraph\">Dans son jugement, la pr\u00e9sidente a point\u00e9 \u00abun syst\u00e8me\u00bb fond\u00e9 sur trois crit\u00e8res: la division des lots permettant une rentabilit\u00e9 maximum, la s\u00e9lection de locataires choisis pour leur vuln\u00e9rabilit\u00e9 et b\u00e9n\u00e9ficiaires des aides au logement vers\u00e9s par la\u00a0<a href=\"http:\/\/www.lefigaro.fr\/argent\/logements-classes-g-la-caf-peut-imposer-une-baisse-de-loyer-au-proprietaire-20250301\" data-fig-type=\"Article\" data-gtm-custom-categorie=\"navigation\" data-gtm-custom-action=\"crossclick\" data-gtm-custom-label=\"Contextuel\" data-gtm-event=\"customEventSPE\" data-fig-domain=\"LEFIGARO\" rel=\"nofollow noopener\" target=\"_blank\">Caisse d&rsquo;allocations familiales<\/a>, et la r\u00e9alisation de travaux \u00e0 la va-vite lorsqu&rsquo;ils \u00e9taient impos\u00e9s par des arr\u00eat\u00e9s de p\u00e9ril ou d&rsquo;insalubrit\u00e9.<\/p>\n<p class=\"fig-paragraph\">Baux lacunaires, superficie major\u00e9e, travaux mis \u00e0 la charge des locataires, cautions jamais restitu\u00e9es\u00a0: le couple utilisait aussi la menace, comme l&rsquo;a soulign\u00e9 le tribunal, avec des expulsions abusives fond\u00e9es sur des actes mensongers et la difficult\u00e9 de locataires vuln\u00e9rables \u00e0 faire valoir leur droit.<\/p>\n<p class=\"fig-paragraph\">Lors des d\u00e9bats, en mars, une locataire avait racont\u00e9 comment son b\u00e9b\u00e9 \u00ab\u00e9tait arriv\u00e9 dans l&rsquo;humidit\u00e9, dans les\u00a0<a href=\"http:\/\/www.lefigaro.fr\/marseille\/marseille-renouvelle-son-partenariat-avec-les-furets-pour-chasser-les-rats-des-parcs-20241023\" data-fig-type=\"NewsFlash\" data-gtm-custom-categorie=\"navigation\" data-gtm-custom-action=\"crossclick\" data-gtm-custom-label=\"Contextuel\" data-gtm-event=\"customEventSPE\" data-fig-domain=\"LEFIGARO\" rel=\"nofollow noopener\" target=\"_blank\">rats<\/a> , dans l&rsquo;insalubrit\u00e9, et \u00e7a a dur\u00e9 pendant quatre ans\u00bb. Pour laver son nourrisson, la jeune m\u00e8re devait faire chauffer l&rsquo;eau \u00e0 la casserole.<\/p>\n<p>Plus de 68.000 euros confisqu\u00e9s<\/p>\n<p class=\"fig-paragraph\">Le procureur avait eu des mots tr\u00e8s durs contre les pr\u00e9venus, qu&rsquo;il avait accus\u00e9s d&rsquo;avoir construit leur patrimoine immobilier avec l&rsquo;argent de la solidarit\u00e9 nationale: \u00ab\u00c0 Noailles, un des quartiers les plus pauvres de France, ce sont de nouveaux alchimistes, ils prennent la pierre en p\u00e9ril et la transforment en or\u00bb, avait d\u00e9nonc\u00e9 le magistrat.<\/p>\n<p class=\"fig-paragraph\">Les deux SCI familiales du couple ont \u00e9t\u00e9 condamn\u00e9es \u00e0 respectivement 200.000 et 50.000 euros d&rsquo;amende et le tribunal a prononc\u00e9 la confiscation des sommes d&rsquo;argent saisies \u2014 plus de 68.000 euros \u2014 ainsi que de nombreux biens immobiliers, pour pr\u00e8s d&rsquo;un million d&rsquo;euros au total.<\/p>\n<p class=\"fig-paragraph\">Jug\u00e9s pour soumission de personnes vuln\u00e9rables \u00e0 des conditions d&rsquo;h\u00e9bergement indigne, menace ou intimidation, perception indue de loyers et mise en danger d&rsquo;autrui, les pr\u00e9venus ont \u00e9t\u00e9 condamn\u00e9s par le tribunal \u00e0 verser imm\u00e9diatement plus de 70.000 euros de dommages et int\u00e9r\u00eats \u00e0 huit locataires.<\/p>\n","protected":false},"excerpt":{"rendered":"Un ancien boucher-charcutier de 85 ans a \u00e9t\u00e9 condamn\u00e9 pour avoir lou\u00e9 des taudis dans le quartier populaire&hellip;\n","protected":false},"author":2,"featured_media":94514,"comment_status":"","ping_status":"","sticky":false,"template":"","format":"standard","meta":{"footnotes":""},"categories":[2814],"tags":[1111,11,885,1182,1180,1181,4073,1777,674,1011,27,1116,1184,1185,884,12,1177,1176,149,20721,1186,882,25,1178,1183,1179],"class_list":{"0":"post-94513","1":"post","2":"type-post","3":"status-publish","4":"format-standard","5":"has-post-thumbnail","7":"category-marseille","8":"tag-actu","9":"tag-actualites","10":"tag-bouches-du-rhone","11":"tag-calanques","12":"tag-canebiere","13":"tag-cite-phoceenne","14":"tag-condamnation","15":"tag-eu","16":"tag-europe","17":"tag-fr","18":"tag-france","19":"tag-immobilier","20":"tag-la-timone","21":"tag-les-baumettes-mediterranee","22":"tag-marseille","23":"tag-news","24":"tag-notre-dame-de-la-garde","25":"tag-olympique-de-marseille","26":"tag-om","27":"tag-proprietaires","28":"tag-provence","29":"tag-provence-alpes-cote-dazur","30":"tag-republique-francaise","31":"tag-saint-charles","32":"tag-sormiou","33":"tag-vieux-port"},"share_on_mastodon":{"url":"https:\/\/pubeurope.com\/@fr\/114495549919124718","error":""},"_links":{"self":[{"href":"https:\/\/www.europesays.com\/fr\/wp-json\/wp\/v2\/posts\/94513","targetHints":{"allow":["GET"]}}],"collection":[{"href":"https:\/\/www.europesays.com\/fr\/wp-json\/wp\/v2\/posts"}],"about":[{"href":"https:\/\/www.europesays.com\/fr\/wp-json\/wp\/v2\/types\/post"}],"author":[{"embeddable":true,"href":"https:\/\/www.europesays.com\/fr\/wp-json\/wp\/v2\/users\/2"}],"replies":[{"embeddable":true,"href":"https:\/\/www.europesays.com\/fr\/wp-json\/wp\/v2\/comments?post=94513"}],"version-history":[{"count":0,"href":"https:\/\/www.europesays.com\/fr\/wp-json\/wp\/v2\/posts\/94513\/revisions"}],"wp:featuredmedia":[{"embeddable":true,"href":"https:\/\/www.europesays.com\/fr\/wp-json\/wp\/v2\/media\/94514"}],"wp:attachment":[{"href":"https:\/\/www.europesays.com\/fr\/wp-json\/wp\/v2\/media?parent=94513"}],"wp:term":[{"taxonomy":"category","embeddable":true,"href":"https:\/\/www.europesays.com\/fr\/wp-json\/wp\/v2\/categories?post=94513"},{"taxonomy":"post_tag","embeddable":true,"href":"https:\/\/www.europesays.com\/fr\/wp-json\/wp\/v2\/tags?post=94513"}],"curies":[{"name":"wp","href":"https:\/\/api.w.org\/{rel}","templated":true}]}}