{"id":94517,"date":"2025-05-12T15:24:09","date_gmt":"2025-05-12T15:24:09","guid":{"rendered":"https:\/\/www.europesays.com\/fr\/94517\/"},"modified":"2025-05-12T15:24:09","modified_gmt":"2025-05-12T15:24:09","slug":"sncf-trafic-interrompu-sur-la-ligne-lyon-grenoble-ce-quil-se-passe","status":"publish","type":"post","link":"https:\/\/www.europesays.com\/fr\/94517\/","title":{"rendered":"SNCF. Trafic interrompu sur la ligne Lyon-Grenoble : ce qu&rsquo;il se passe"},"content":{"rendered":"<p>            Par<br \/>\n        <strong><br \/>\n            <a href=\"https:\/\/actu.fr\/auteur\/lisa-rodrigues\" title=\"Consulter tous les articles de Lisa Rodrigues\" target=\"_blank\" rel=\"noopener\">Lisa Rodrigues<\/a><br \/>\n        <\/strong><\/p>\n<p>        Publi\u00e9 le<\/p>\n<p>            12 mai 2025 \u00e0 16h50        <\/p>\n<p>Fin de journ\u00e9e compliqu\u00e9e pour les usagers de la ligne Lyon-<a href=\"https:\/\/actu.fr\/auvergne-rhone-alpes\/grenoble_38185\" target=\"_blank\" rel=\"noopener\">Grenoble<\/a>, lundi 12 mai. Depuis environ 15h30, le <strong>trafic est interrompu<\/strong> dans le sens Lyon-Grenoble et perturb\u00e9 dans l\u2019autre, \u00e0 cause d\u2019un train en panne au niveau de Saint-Quentin-Fallavier (Is\u00e8re).<\/p>\n<p>    <a href=\"https:\/\/www.google.com\/maps\/embed?pb=!1m18!1m12!1m3!1d44633.26314288294!2d5.071563806012876!3d45.63919419552758!2m3!1f0!2f0!3f0!3m2!1i1024!2i768!4f13.1!3m3!1m2!1s0x47f4cdff3f43e4d1%3A0x408ab2ae4be6870!2s38070%20Saint-Quentin-Fallavier!5e0!3m2!1sfr!2sfr!4v1747060494584!5m2!1sfr!2sfr\" title=\"Ouvrie le lien\" target=\"_blank\" rel=\"noopener\">Cliquez ici pour visualiser le contenu<\/a><\/p>\n<p class=\" wall-content\">Au d\u00e9part de Grenoble, \u00e0 16h30, les TER de la fin de journ\u00e9e en direction de Lyon sont <strong>supprim\u00e9s<\/strong> ou annonc\u00e9s avec des <strong>retards importants<\/strong>, comme celui de 16h51 avec une heure de retard estim\u00e9e.<\/p>\n<p>D\u00e9pannage en cours<\/p>\n<p class=\" wall-content\">Selon la SNCF, \u00ab\u00a0l\u2019aide d\u2019un autre train pour r\u00e9aliser le d\u00e9pannage est n\u00e9cessaire\u00a0\u00bb pour \u00e9vacuer la rame en panne.<\/p>\n<p class=\" wall-content\">\n<p class=\" wall-content\">Les op\u00e9rations de d\u00e9pannage sont en cours et la reprise du trafic est estim\u00e9e \u00e0 18h20.<\/p>\n<p>Vid\u00e9os : en ce moment sur Actu<\/p>\n<p class=\" wall-content\">Suivez toute l\u2019actualit\u00e9 de vos villes et m\u00e9dias favoris en vous inscrivant \u00e0 <a href=\"https:\/\/moncompte.actu.fr\" title=\"D\u00e9couvez Mon Actu\" rel=\"nofollow noopener\" data-trk=\"{&quot;cta&quot;:{&quot;action&quot;:&quot;https:\\\/\\\/moncompte.actu.fr&quot;,&quot;category&quot;:&quot;mon compte&quot;,&quot;from&quot;:&quot;article footer&quot;,&quot;name&quot;:&quot;Mon actu&quot;,&quot;type&quot;:&quot;cta&quot;}}\" target=\"_blank\">Mon Actu<\/a>.<\/p>\n","protected":false},"excerpt":{"rendered":"Par Lisa Rodrigues Publi\u00e9 le 12 mai 2025 \u00e0 16h50 Fin de journ\u00e9e compliqu\u00e9e pour les usagers de&hellip;\n","protected":false},"author":2,"featured_media":94518,"comment_status":"","ping_status":"","sticky":false,"template":"","format":"standard","meta":{"footnotes":""},"categories":[1889],"tags":[1111,11,2430,1777,674,1011,27,2428,12,10899,25,2215,104],"class_list":{"0":"post-94517","1":"post","2":"type-post","3":"status-publish","4":"format-standard","5":"has-post-thumbnail","7":"category-lyon","8":"tag-actu","9":"tag-actualites","10":"tag-auvergne-rhone-alpes","11":"tag-eu","12":"tag-europe","13":"tag-fr","14":"tag-france","15":"tag-lyon","16":"tag-news","17":"tag-panne","18":"tag-republique-francaise","19":"tag-sncf","20":"tag-societe"},"share_on_mastodon":{"url":"https:\/\/pubeurope.com\/@fr\/114495558053808009","error":""},"_links":{"self":[{"href":"https:\/\/www.europesays.com\/fr\/wp-json\/wp\/v2\/posts\/94517","targetHints":{"allow":["GET"]}}],"collection":[{"href":"https:\/\/www.europesays.com\/fr\/wp-json\/wp\/v2\/posts"}],"about":[{"href":"https:\/\/www.europesays.com\/fr\/wp-json\/wp\/v2\/types\/post"}],"author":[{"embeddable":true,"href":"https:\/\/www.europesays.com\/fr\/wp-json\/wp\/v2\/users\/2"}],"replies":[{"embeddable":true,"href":"https:\/\/www.europesays.com\/fr\/wp-json\/wp\/v2\/comments?post=94517"}],"version-history":[{"count":0,"href":"https:\/\/www.europesays.com\/fr\/wp-json\/wp\/v2\/posts\/94517\/revisions"}],"wp:featuredmedia":[{"embeddable":true,"href":"https:\/\/www.europesays.com\/fr\/wp-json\/wp\/v2\/media\/94518"}],"wp:attachment":[{"href":"https:\/\/www.europesays.com\/fr\/wp-json\/wp\/v2\/media?parent=94517"}],"wp:term":[{"taxonomy":"category","embeddable":true,"href":"https:\/\/www.europesays.com\/fr\/wp-json\/wp\/v2\/categories?post=94517"},{"taxonomy":"post_tag","embeddable":true,"href":"https:\/\/www.europesays.com\/fr\/wp-json\/wp\/v2\/tags?post=94517"}],"curies":[{"name":"wp","href":"https:\/\/api.w.org\/{rel}","templated":true}]}}