{"id":94519,"date":"2025-05-12T15:25:09","date_gmt":"2025-05-12T15:25:09","guid":{"rendered":"https:\/\/www.europesays.com\/fr\/94519\/"},"modified":"2025-05-12T15:25:09","modified_gmt":"2025-05-12T15:25:09","slug":"a-paris-et-en-ile-de-france-des-perturbations-attendues-dans-les-ecoles","status":"publish","type":"post","link":"https:\/\/www.europesays.com\/fr\/94519\/","title":{"rendered":"\u00e0 Paris et en \u00cele-de-France, des perturbations attendues dans les \u00e9coles"},"content":{"rendered":"<p>            Par<br \/>\n        <strong><br \/>\n            <a href=\"https:\/\/actu.fr\/auteur\/redaction-paris\" title=\"Consulter tous les articles de R\u00e9daction Paris\" target=\"_blank\" rel=\"noopener\">R\u00e9daction Paris<\/a><br \/>\n        <\/strong><\/p>\n<p>        Publi\u00e9 le<\/p>\n<p>            12 mai 2025 \u00e0 17h14        <\/p>\n<p>\u00ab\u2009Pour nos salaires, nos carri\u00e8res, nos m\u00e9tiers et pour dire non \u00e0 l\u2019aust\u00e9rit\u00e9\u2009\u00bb. Plusieurs <a href=\"https:\/\/actu.fr\/tag\/syndicats\" target=\"_blank\" rel=\"noopener\">syndicats<\/a>, dont la CGT, l\u2019UNSA, la FSU, Solidaires, la CFE-CGC ont lanc\u00e9 un appel \u00e0 la <a href=\"https:\/\/actu.fr\/tag\/greve\" target=\"_blank\" rel=\"noopener\">gr\u00e8ve<\/a> pour mardi 13\u00a0mai 2025. Des <strong>perturbations<\/strong> sont attendues dans certaines \u00e9coles \u00e0 Paris et en petite couronne.<\/p>\n<p>La gr\u00e8ve suivie \u00e0 Alfortville, Colombes, Bondy\u2026<\/p>\n<p class=\" wall-content\">Parmi les syndicats, celui des enseignements de second degr\u00e9 (SNES-FSU).\u00a0Ils d\u00e9noncent le manque de \u00ab\u2009revalorisation g\u00e9n\u00e9rale pour l\u2019ensemble des personnels\u2009\u00bb, la \u00ab\u2009crise d\u2019attractivit\u00e9 persistante\u2009\u00bb mais aussi <strong>l\u2019absence de progr\u00e8s<\/strong> \u00ab\u2009pour la scolarisation des \u00e9l\u00e8ves en situation de handicap, faute de moyens\u2009\u00bb\u2026\u00a0<\/p>\n<p class=\" wall-content\">Une <a href=\"https:\/\/actu.fr\/tag\/manifestations\" target=\"_blank\" rel=\"noopener\">manifestation<\/a> est organis\u00e9e \u00e0 Paris \u00e0 14\u00a0heures. Elle partira de Bercy pour rejoindre la place de la Nation. Plusieurs municipalit\u00e9s ont d\u00e9j\u00e0 annonc\u00e9 que des <strong>perturbations<\/strong> sont \u00e0 pr\u00e9voir dans les \u00e9coles. C\u2019est le cas par exemple \u00e0 Alfortville dans le <a href=\"https:\/\/actu.fr\/ile-de-france\/val-de-marne_94\" target=\"_blank\" rel=\"noopener\">Val-de-Marne<\/a> o\u00f9 la prise en charge des enfants pour la restauration scolaire, \u00e0 l\u2019\u00e9cole maternelle Victor Hugo et dans certaines cr\u00e8ches sera limit\u00e9e.<\/p>\n<p class=\" wall-content\">\n<p class=\" wall-content\">M\u00eame sc\u00e9nario \u00e0 Clamart dans les <a href=\"https:\/\/actu.fr\/ile-de-france\/hauts-de-seine_92\" target=\"_blank\" rel=\"noopener\">Hauts-de-Seine<\/a>. \u00ab\u2009Des perturbations sont possibles dans les \u00e9coles (accueil du matin et du soir, restauration, activit\u00e9s p\u00e9riscolaires)\u2009\u00bb, pr\u00e9vient la municipalit\u00e9 sur son site. Et \u00e0 Colombes o\u00f9 \u00ab\u2009plusieurs \u00e9tablissements scolaires de la ville sont impact\u00e9s\u2009\u00bb, pr\u00e9cise la mairie.<\/p>\n<p class=\" wall-content\">https:\/\/twitter.com\/VilleColombes\/status\/1921915866851000355<\/p>\n<p>Vid\u00e9os : en ce moment sur Actu<\/p>\n<p class=\" wall-content\">En <a href=\"https:\/\/actu.fr\/ile-de-france\/seine-saint-denis_93\" target=\"_blank\" rel=\"noopener\">Seine-Saint-Denis<\/a>, Bobigny a communiqu\u00e9 <a href=\"https:\/\/www.bobigny.fr\/connaitre-bobigny\/actualite-109\/greves-la-situation-dans-les-ecoles-et-en-mairie-6801.html?cHash=e4ec1c94b4220f1761da4b3bbc9c0a5c\" target=\"_blank\" rel=\"noopener\">sur son site<\/a> sur les \u00e9coles qui seront impact\u00e9es par le <strong>mouvement de gr\u00e8ve<\/strong>.\u00a0Pareil \u00e0 Bondy o\u00f9 un service minimum sera mis en place dans les \u00e9coles concern\u00e9es.<\/p>\n<p>    <a href=\"https:\/\/www.facebook.com\/plugins\/post.php?href=https%3A%2F%2Fwww.facebook.com%2FVilledeBondy%2Fposts%2Fpfbid0yD3d3R1GV7frsgqR93xFLbiT2hTwP96KPx8f9ZPAAsn1UwrT8PQs5VTBmnKtGYBxl&amp;show_text=true&amp;width=350\" title=\"Ouvrie le lien\" target=\"_blank\" rel=\"noopener\">Cliquez ici pour visualiser le contenu<\/a><\/p>\n<p class=\" wall-content\">Les mairies devraient <strong>communiquer peu \u00e0 peu<\/strong> sur la situation dans chaque ville.<\/p>\n<p class=\" wall-content\">Suivez toute l\u2019actualit\u00e9 de vos villes et m\u00e9dias favoris en vous inscrivant \u00e0 <a href=\"https:\/\/moncompte.actu.fr\" title=\"D\u00e9couvez Mon Actu\" rel=\"nofollow noopener\" data-trk=\"{&quot;cta&quot;:{&quot;action&quot;:&quot;https:\\\/\\\/moncompte.actu.fr&quot;,&quot;category&quot;:&quot;mon compte&quot;,&quot;from&quot;:&quot;article footer&quot;,&quot;name&quot;:&quot;Mon actu&quot;,&quot;type&quot;:&quot;cta&quot;}}\" target=\"_blank\">Mon Actu<\/a>.<\/p>\n<p>                    <script async src=\"https:\/\/platform.twitter.com\/widgets.js\" charset=\"utf-8\"><\/script><\/p>\n","protected":false},"excerpt":{"rendered":"Par R\u00e9daction Paris Publi\u00e9 le 12 mai 2025 \u00e0 17h14 \u00ab\u2009Pour nos salaires, nos carri\u00e8res, nos m\u00e9tiers et&hellip;\n","protected":false},"author":2,"featured_media":94520,"comment_status":"","ping_status":"","sticky":false,"template":"","format":"standard","meta":{"footnotes":""},"categories":[1592],"tags":[1111,11,1057,1777,674,1011,27,6151,662,12,626,25,104],"class_list":{"0":"post-94519","1":"post","2":"type-post","3":"status-publish","4":"format-standard","5":"has-post-thumbnail","7":"category-ile-de-france","8":"tag-actu","9":"tag-actualites","10":"tag-education","11":"tag-eu","12":"tag-europe","13":"tag-fr","14":"tag-france","15":"tag-greve","16":"tag-ile-de-france","17":"tag-news","18":"tag-paris","19":"tag-republique-francaise","20":"tag-societe"},"share_on_mastodon":{"url":"https:\/\/pubeurope.com\/@fr\/114495561708149753","error":""},"_links":{"self":[{"href":"https:\/\/www.europesays.com\/fr\/wp-json\/wp\/v2\/posts\/94519","targetHints":{"allow":["GET"]}}],"collection":[{"href":"https:\/\/www.europesays.com\/fr\/wp-json\/wp\/v2\/posts"}],"about":[{"href":"https:\/\/www.europesays.com\/fr\/wp-json\/wp\/v2\/types\/post"}],"author":[{"embeddable":true,"href":"https:\/\/www.europesays.com\/fr\/wp-json\/wp\/v2\/users\/2"}],"replies":[{"embeddable":true,"href":"https:\/\/www.europesays.com\/fr\/wp-json\/wp\/v2\/comments?post=94519"}],"version-history":[{"count":0,"href":"https:\/\/www.europesays.com\/fr\/wp-json\/wp\/v2\/posts\/94519\/revisions"}],"wp:featuredmedia":[{"embeddable":true,"href":"https:\/\/www.europesays.com\/fr\/wp-json\/wp\/v2\/media\/94520"}],"wp:attachment":[{"href":"https:\/\/www.europesays.com\/fr\/wp-json\/wp\/v2\/media?parent=94519"}],"wp:term":[{"taxonomy":"category","embeddable":true,"href":"https:\/\/www.europesays.com\/fr\/wp-json\/wp\/v2\/categories?post=94519"},{"taxonomy":"post_tag","embeddable":true,"href":"https:\/\/www.europesays.com\/fr\/wp-json\/wp\/v2\/tags?post=94519"}],"curies":[{"name":"wp","href":"https:\/\/api.w.org\/{rel}","templated":true}]}}