{"id":945255,"date":"2026-05-20T10:58:29","date_gmt":"2026-05-20T10:58:29","guid":{"rendered":"https:\/\/www.europesays.com\/fr\/945255\/"},"modified":"2026-05-20T10:58:29","modified_gmt":"2026-05-20T10:58:29","slug":"christine-bravo-en-pince-pour-un-homme-politique-qui-a-le-vent-en-poupe-david-lisnard-lui-repond","status":"publish","type":"post","link":"https:\/\/www.europesays.com\/fr\/945255\/","title":{"rendered":"Christine Bravo en pince pour un homme politique qui a le vent en poupe\u00a0: David Lisnard lui r\u00e9pond"},"content":{"rendered":"<p>        R\u00e9sum\u00e9<\/p>\n<p>Dans \u00ab\u00a0TBT9\u00a0\u00bb ce 19 mai Christine Bravo a exprim\u00e9 son admiration pour David Lisnard. Le maire de Cannes, qui lui a alors sobrement r\u00e9pondu.<\/p>\n<p>          Sommaire<\/p>\n<p>Le 6\u00a0novembre 2025, Cyril Hanouna fra\u00eechement arriv\u00e9 sur W9 a annonc\u00e9 qu&rsquo;il allait accueillir<strong> une nouvelle chroniqueuse dans \u00ab\u00a0Tout beau tout neuf\u00a0\u00bb<\/strong>. Ainsi, quelques semaines plus tard, <strong>Christine Bravo <\/strong>a fait ses premiers pas sur le plateau de \u00ab\u00a0Baba\u00a0\u00bb. Une <strong>jolie recrue <\/strong>qui, en plus d&rsquo;\u00eatre une vedette du petit \u00e9cran, n&rsquo;est <strong>pas du genre \u00e0 avoir la langue dans sa poche.<\/strong> Et, ce mardi 19\u00a0mai, elle l&rsquo;a une nouvelle fois prouv\u00e9e alors que Laurence Boccolini \u00e9tait invit\u00e9e sur le plateau pour le lancement de <a href=\"https:\/\/www.public.fr\/laurence-boccolini-de-retour-a-la-television-qui-sont-ses-premiers-invites-ce-mardi-19-mai-sur-w9\" id=\"https:\/\/www.public.fr\/laurence-boccolini-de-retour-a-la-television-qui-sont-ses-premiers-invites-ce-mardi-19-mai-sur-w9\" rel=\"nofollow noopener\" target=\"_blank\">son jeu \u00ab\u00a0On conna\u00eet la chanson\u00a0\u00bb.<\/a><\/p>\n<p>\u00c0 cette occasion, <a href=\"https:\/\/www.public.fr\/eurovision-2026-laurence-boccolini-qui-sest-fait-piquer-sa-place-danimatrice-par-camille-cerf-fait-passer-un-message-fort\" id=\"https:\/\/www.public.fr\/eurovision-2026-laurence-boccolini-qui-sest-fait-piquer-sa-place-danimatrice-par-camille-cerf-fait-passer-un-message-fort\" rel=\"nofollow noopener\" target=\"_blank\">l&rsquo;animatrice de 63 ans<\/a> est notamment revenue sur son <strong>\u00e9viction brutale de France T\u00e9l\u00e9visions<\/strong> l&rsquo;an dernier. Une situation qu&rsquo;a aussi bien connue Christine Bravo. \u00ab\u00a0<strong>On a \u00e9t\u00e9 jet\u00e9 comme de la merde. Moi, vingt ans avant elle<\/strong>\u00ab\u00a0, a-t-elle rappel\u00e9 sans m\u00e2cher ses mots. \u00ab\u00a0Parce que c&rsquo;est comme \u00e7a, parce que c&rsquo;est magouille [&#8230;] Les femmes, ont \u00e9t\u00e9 ostracis\u00e9es. Regardez<strong> tous les vieux blancs m\u00e2les, ils sont l\u00e0<\/strong>. Ils ont plus que mon \u00e2ge et moi, ils m&rsquo;ont jet\u00e9 \u00e0 la poubelle\u00a0\u00bb a \u00e9galement d\u00e9plor\u00e9 <a href=\"https:\/\/www.public.fr\/christine-bravo-grand-pere-deporte-petit-boulot-chez-tati-premier-job-dinstitutrice-tout-ce-que-vous-ignoriez-sur-elle\" id=\"https:\/\/www.public.fr\/christine-bravo-grand-pere-deporte-petit-boulot-chez-tati-premier-job-dinstitutrice-tout-ce-que-vous-ignoriez-sur-elle\" rel=\"nofollow noopener\" target=\"_blank\">l&rsquo;ancienne animatrice d'\u00a0\u00bbUnion Libre\u00a0\u00bb<\/a>.<\/p>\n<p>Au fait, <strong>pourquoi Christine Bravo a-t-elle \u00e9t\u00e9 vir\u00e9e <\/strong>de France T\u00e9l\u00e9visions en 2007 apr\u00e8s \u00ab\u00a0On a tout essay\u00e9\u2026 m\u00eame sans le patron\u00a0\u00bb\u00a0? Il y aurait une raison simple, \u00ab\u00a0<strong>le patron ne m&rsquo;aimait pas<\/strong>\u00ab\u00a0, a-t-elle assur\u00e9 avant de se rem\u00e9morer un souvenir douloureux. \u00ab\u00a0Un jour, on \u00e9tait dans son bureau, il y avait Philippe Gildas. Et l\u00e0, je lui ai dit\u00a0: &lsquo;Pourquoi vous ne m&rsquo;aimez pas&rsquo;. Il m&rsquo;a r\u00e9pondu\u00a0: &lsquo;<strong>Je ne suis pas comme vous, je ne suis pas n\u00e9 dans l&rsquo;a\u00efoli<\/strong>&lsquo;\u00a0\u00bb, en r\u00e9f\u00e9rence \u00e0 ses origines espagnoles. Toutefois, <a href=\"https:\/\/www.public.fr\/son-pronostic-vital-est-engage-christine-bravo-redoute-le-pire-pour-sa-jument-malade\" id=\"https:\/\/www.public.fr\/son-pronostic-vital-est-engage-christine-bravo-redoute-le-pire-pour-sa-jument-malade\" rel=\"nofollow noopener\" target=\"_blank\">la Parisienne de 70 ans<\/a> est ravi d&rsquo;\u00eatre rest\u00e9e la femme qu&rsquo;elle est, \u00ab\u00a0pas ing\u00e9rable\u00a0\u00bb. \u00ab\u00a0On ne dit pas oui \u00e0 tout et on ne tortille pas de miches pour aller allumer les mecs\u00a0\u00bb, a-t-elle conclu \u00e0 ce sujet.<\/p>\n<p>Christine Bravo sous le charme de David Lisnard, le maire de Cannes<\/p>\n<p>Depuis le 12\u00a0mai dernier, tous les regards sont tourn\u00e9s vers Cannes o\u00f9 a lieu actuellement la <strong>79e \u00e9dition du Festival international du film<\/strong>. Dans \u00ab\u00a0TBT9\u00a0\u00bb, Cyril Hanouna a diffus\u00e9 une vid\u00e9o de David Lisnard dans laquelle <a href=\"https:\/\/www.public.fr\/ingrat-masochiste-et-imbecile-cannes-2026-david-lisnard-le-maire-de-la-ville-atomise-les-signataires-de-la-tribune-anti-bollore\" id=\"https:\/\/www.public.fr\/ingrat-masochiste-et-imbecile-cannes-2026-david-lisnard-le-maire-de-la-ville-atomise-les-signataires-de-la-tribune-anti-bollore\" rel=\"nofollow noopener\" target=\"_blank\">le maire de la commune fustige la signataire de <strong>la tribune<\/strong><\/a><strong> d\u00e9non\u00e7ant \u00ab\u00a0l\u2019emprise grandissante de l\u2019extr\u00eame droite\u00a0\u00bb sur le cin\u00e9ma<\/strong>. L&rsquo;\u00e9lu Nouvelle \u00c9nergie (NE) les accuse de \u00ab\u00a0mordre la main qui (les) nourrit\u00a0\u00bb.<\/p>\n<p>De retour en plateau, Cyril Hanouna a salu\u00e9 la prise de parole de David Lisnard. \u00ab\u00a0Il a tout dit\u00a0!\u00a0\u00bb a reconnu <a href=\"https:\/\/www.google.com\/url?sa=t&amp;source=web&amp;rct=j&amp;opi=89978449&amp;url=https:\/\/vsd.fr\/95605-je-suis-admiratif-philippe-risoli-encense-cyril-hanouna\/&amp;ved=2ahUKEwjGvZSOpseUAxVQTKQEHW4mC8AQFnoECCAQAQ&amp;usg=AOvVaw0fbkJc2wIg1-73HBYbxlqP\" id=\"https:\/\/www.google.com\/url?sa=t&amp;source=web&amp;rct=j&amp;opi=89978449&amp;url=https:\/\/vsd.fr\/95605-je-suis-admiratif-philippe-risoli-encense-cyril-hanouna\/&amp;ved=2ahUKEwjGvZSOpseUAxVQTKQEHW4mC8AQFnoECCAQAQ&amp;usg=AOvVaw0fbkJc2wIg1-73HBYbxlqP\" rel=\"nofollow noopener\" target=\"_blank\">l&rsquo;animateur<\/a> avant que Christine Bravo ne donne son opinion. \u00ab\u00a0Il est tr\u00e8s tr\u00e8s bien. Je l&rsquo;ai un peu crois\u00e9\u00a0\u00bb, a-t-elle confi\u00e9. Puis, la septuag\u00e9naire a fait savoir qu&rsquo;elle n&rsquo;\u00e9tait pas insensible au charme du <a href=\"https:\/\/www.public.fr\/festival-de-cannes-la-fete-est-finie-le-maire-david-lisnard-reclame-une-operation-anti-drogue-denvergure\" id=\"https:\/\/www.public.fr\/festival-de-cannes-la-fete-est-finie-le-maire-david-lisnard-reclame-une-operation-anti-drogue-denvergure\" rel=\"nofollow noopener\" target=\"_blank\">maire de Cannes<\/a>. \u00ab\u00a0<strong>Il est pas mal. Moi, je l&rsquo;aime bien, j&rsquo;ai un faible pour lui<\/strong>. Ma m\u00e8re habitait Cannes, c&rsquo;est une vieille dame qu&rsquo;il aimait bien. Il conna\u00eet tous ses administr\u00e9s. C&rsquo;est un maire \u00e0 l&rsquo;ancienne. Pour une grande ville, c&rsquo;est rare\u00a0\u00bb, a-t-elle ajout\u00e9. <strong>\u00ab\u00a0Il a du charisme, c&rsquo;est un orateur, il tient les gens<\/strong>\u00ab\u00a0, a poursuivi <a href=\"https:\/\/www.public.fr\/christine-bravo-victime-dun-drame-en-se-rendant-aux-obseques-disabelle-mergault-son-etat-se-degrade\" id=\"https:\/\/www.public.fr\/christine-bravo-victime-dun-drame-en-se-rendant-aux-obseques-disabelle-mergault-son-etat-se-degrade\" rel=\"nofollow noopener\" target=\"_blank\">la chroniqueuse.<\/a><\/p>\n<p>Alors, <strong>David Lisnard a-t-il fini par r\u00e9pondre \u00e0 son admiratrice<\/strong>\u00a0? La r\u00e9ponse est\u2026 oui\u00a0! En commentaires de cet extrait diffus\u00e9 par TBT9, l&rsquo;homme de 59 ans a sobrement r\u00e9torqu\u00e9\u00a0: \u00ab\u00a0<strong>BRAVO<\/strong>\u00a0\u00bb en lettres capitales. Mari\u00e9 \u00e0 la journaliste Jacqueline Pozzi depuis 2016, l&rsquo;\u00e9lu azur\u00e9en a <strong>trois enfants<\/strong> issus de deux relations pr\u00e9c\u00e9dentes. Christine Bravo, quant \u00e0 elle, est mari\u00e9e \u00e0 St\u00e9phane Bachot depuis 2022 et a eu<strong> deux enfants <\/strong>par le pass\u00e9.<\/p>\n<p>\n          Hits &amp; People en continu\n        <\/p>\n<p>\n          Public Radio\n        <\/p>\n<p>      Mentionn\u00e9s dans cet article<\/p>\n<p>      Sur le m\u00eame sujet<\/p>\n","protected":false},"excerpt":{"rendered":"R\u00e9sum\u00e9 Dans \u00ab\u00a0TBT9\u00a0\u00bb ce 19 mai Christine Bravo a exprim\u00e9 son admiration pour David Lisnard. Le maire de&hellip;\n","protected":false},"author":2,"featured_media":945256,"comment_status":"","ping_status":"","sticky":false,"template":"","format":"standard","meta":{"footnotes":"","_share_on_mastodon":"0"},"categories":[1359],"tags":[7306,31049,7307,1083,58,59,1011,27,5107,973,22498,22497,2395],"class_list":["post-945255","post","type-post","status-publish","format-standard","has-post-thumbnail","category-people","tag-cannes","tag-christine-bravo","tag-croisette","tag-cyril-hanouna","tag-divertissement","tag-entertainment","tag-fr","tag-france","tag-maire","tag-people","tag-tout-9-tbt9","tag-tout-beau","tag-w9"],"share_on_mastodon":{"url":"https:\/\/pubeurope.com\/@fr\/116606553796243898","error":""},"_links":{"self":[{"href":"https:\/\/www.europesays.com\/fr\/wp-json\/wp\/v2\/posts\/945255","targetHints":{"allow":["GET"]}}],"collection":[{"href":"https:\/\/www.europesays.com\/fr\/wp-json\/wp\/v2\/posts"}],"about":[{"href":"https:\/\/www.europesays.com\/fr\/wp-json\/wp\/v2\/types\/post"}],"author":[{"embeddable":true,"href":"https:\/\/www.europesays.com\/fr\/wp-json\/wp\/v2\/users\/2"}],"replies":[{"embeddable":true,"href":"https:\/\/www.europesays.com\/fr\/wp-json\/wp\/v2\/comments?post=945255"}],"version-history":[{"count":0,"href":"https:\/\/www.europesays.com\/fr\/wp-json\/wp\/v2\/posts\/945255\/revisions"}],"wp:featuredmedia":[{"embeddable":true,"href":"https:\/\/www.europesays.com\/fr\/wp-json\/wp\/v2\/media\/945256"}],"wp:attachment":[{"href":"https:\/\/www.europesays.com\/fr\/wp-json\/wp\/v2\/media?parent=945255"}],"wp:term":[{"taxonomy":"category","embeddable":true,"href":"https:\/\/www.europesays.com\/fr\/wp-json\/wp\/v2\/categories?post=945255"},{"taxonomy":"post_tag","embeddable":true,"href":"https:\/\/www.europesays.com\/fr\/wp-json\/wp\/v2\/tags?post=945255"}],"curies":[{"name":"wp","href":"https:\/\/api.w.org\/{rel}","templated":true}]}}