{"id":94536,"date":"2025-05-12T15:33:08","date_gmt":"2025-05-12T15:33:08","guid":{"rendered":"https:\/\/www.europesays.com\/fr\/94536\/"},"modified":"2025-05-12T15:33:08","modified_gmt":"2025-05-12T15:33:08","slug":"milliards-et-palace-aerien-les-affaires-au-coeur-de-la-tournee-de-trump-dans-le-golfe","status":"publish","type":"post","link":"https:\/\/www.europesays.com\/fr\/94536\/","title":{"rendered":"Milliards et \u201cpalace a\u00e9rien\u201d, les affaires au c\u0153ur de la tourn\u00e9e de Trump dans le Golfe"},"content":{"rendered":"\n<p>\u201cTrump se rend au Moyen-Orient avec un unique but\u00a0: les affaires, les affaires et encore les affaires\u201d, <a href=\"https:\/\/www.nytimes.com\/2025\/05\/12\/us\/politics\/trump-middle-east-visit-saudi-arabia-qatar-uae.html\" rel=\"nofollow noopener\" target=\"_blank\">r\u00e9sume en titre <strong>The New York Times<\/strong><\/a><strong>,<\/strong> lundi 12\u00a0mai. \u201cAvions, centrales nucl\u00e9aires, armes\u201d\u00a0: tout est bon pour le pr\u00e9sident des \u00c9tats-Unis, qui aurait d\u00e9clar\u00e9 \u00e0 ses conseillers vouloir annoncer des \u201cdeals\u201d pour plus de 1\u00a0000\u00a0milliards de dollars.<\/p>\n<p>Contrairement \u00e0 ses pr\u00e9d\u00e9cesseurs en visite au Moyen-Orient, Donald Trump ne semble gu\u00e8re avoir de grand objectif strat\u00e9gique, souligne le journal. La diplomatie passe au second plan de ce premier grand voyage \u00e0 l\u2019\u00e9tranger depuis son retour au pouvoir, <a href=\"https:\/\/www.washingtonpost.com\/politics\/2025\/05\/11\/trump-mideast-trip\/\" rel=\"nofollow noopener\" target=\"_blank\">confirme <strong>The Washington Post<\/strong><\/a><strong>,<\/strong> alors m\u00eame que la r\u00e9gion est en proie \u00e0 des questions br\u00fblantes\u00a0: <a href=\"https:\/\/www.courrierinternational.com\/article\/israel-approuve-un-plan-de-conquete-de-gaza-un-desastre-pour-les-familles-d-otages_230577\" rel=\"nofollow noopener\" target=\"_blank\">guerre \u00e0 Gaza<\/a>, <a href=\"https:\/\/www.courrierinternational.com\/article\/nucleaire-iranien-le-report-des-negociations-signe-t-il-la-fin-du-processus-diplomatique_230604\" rel=\"nofollow noopener\" target=\"_blank\">nucl\u00e9aire iranien<\/a>\u2026 Fait significatif, Isra\u00ebl ne figure pas au menu de la tourn\u00e9e qui d\u00e9bute ce 13\u00a0mai \u00e0 Riyad, en Arabie saoudite.<\/p>\n<p>\u201cCe programme est opportun\u00e9ment en phase avec les projets d\u2019affaires de Donald Trump, qui ne cessent de prendre de l\u2019ampleur\u201d, souligne le New York<\/p>\n","protected":false},"excerpt":{"rendered":"\u201cTrump se rend au Moyen-Orient avec un unique but\u00a0: les affaires, les affaires et encore les affaires\u201d, r\u00e9sume&hellip;\n","protected":false},"author":2,"featured_media":94537,"comment_status":"","ping_status":"","sticky":false,"template":"","format":"standard","meta":{"footnotes":""},"categories":[1589],"tags":[11,3822,4947,75,73,1866,1892,3257,12,2542,770,1864,1865,1863,308],"class_list":{"0":"post-94536","1":"post","2":"type-post","3":"status-publish","4":"format-standard","5":"has-post-thumbnail","7":"category-etats-unis","8":"tag-actualites","9":"tag-amu00e9riques","10":"tag-arabie-saoudite","11":"tag-donald-trump","12":"tag-etats-unis","13":"tag-etats-unis-damerique","14":"tag-gu00e9opolitique","15":"tag-moyen-orient","16":"tag-news","17":"tag-u00e9conomie","18":"tag-u00e9tats-unis","19":"tag-united-states","20":"tag-united-states-of-america","21":"tag-us","22":"tag-usa"},"share_on_mastodon":{"url":"https:\/\/pubeurope.com\/@fr\/114495593226882375","error":""},"_links":{"self":[{"href":"https:\/\/www.europesays.com\/fr\/wp-json\/wp\/v2\/posts\/94536","targetHints":{"allow":["GET"]}}],"collection":[{"href":"https:\/\/www.europesays.com\/fr\/wp-json\/wp\/v2\/posts"}],"about":[{"href":"https:\/\/www.europesays.com\/fr\/wp-json\/wp\/v2\/types\/post"}],"author":[{"embeddable":true,"href":"https:\/\/www.europesays.com\/fr\/wp-json\/wp\/v2\/users\/2"}],"replies":[{"embeddable":true,"href":"https:\/\/www.europesays.com\/fr\/wp-json\/wp\/v2\/comments?post=94536"}],"version-history":[{"count":0,"href":"https:\/\/www.europesays.com\/fr\/wp-json\/wp\/v2\/posts\/94536\/revisions"}],"wp:featuredmedia":[{"embeddable":true,"href":"https:\/\/www.europesays.com\/fr\/wp-json\/wp\/v2\/media\/94537"}],"wp:attachment":[{"href":"https:\/\/www.europesays.com\/fr\/wp-json\/wp\/v2\/media?parent=94536"}],"wp:term":[{"taxonomy":"category","embeddable":true,"href":"https:\/\/www.europesays.com\/fr\/wp-json\/wp\/v2\/categories?post=94536"},{"taxonomy":"post_tag","embeddable":true,"href":"https:\/\/www.europesays.com\/fr\/wp-json\/wp\/v2\/tags?post=94536"}],"curies":[{"name":"wp","href":"https:\/\/api.w.org\/{rel}","templated":true}]}}