{"id":94557,"date":"2025-05-12T15:46:08","date_gmt":"2025-05-12T15:46:08","guid":{"rendered":"https:\/\/www.europesays.com\/fr\/94557\/"},"modified":"2025-05-12T15:46:08","modified_gmt":"2025-05-12T15:46:08","slug":"le-meilleur-resultat-de-lorenzo-savadori-en-motogp","status":"publish","type":"post","link":"https:\/\/www.europesays.com\/fr\/94557\/","title":{"rendered":"Le meilleur r\u00e9sultat de Lorenzo Savadori en MotoGP."},"content":{"rendered":"<p>Lorenzo Savadori a remplac\u00e9 le bless\u00e9 Jorge Mart\u00edn en MotoGP, et ce dimanche, il a r\u00e9alis\u00e9 son meilleur r\u00e9sultat jamais obtenu dans la cat\u00e9gorie reine.<\/p>\n<p>L\u2019Italien, qui est pilote d\u2019essai pour Aprilia, est loin d\u2019avoir le rythme comp\u00e9titif des pilotes \u00e0 plein temps \u2013 surtout qu\u2019il n\u2019a jamais disput\u00e9 une saison compl\u00e8te en MotoGP.<\/p>\n<p>Mais lors d\u2019une course avec des conditions tra\u00eetres et une certaine incertitude quant au choix des pneus au d\u00e9part en raison de la m\u00e9t\u00e9o, Savadori a r\u00e9ussi un neuvi\u00e8me place inattendue.<\/p>\n<p>Une performance sans erreur et des d\u00e9cisions judicieuses lui ont valu ce r\u00e9sultat historique dans sa carri\u00e8re \u2013 marquant \u00e9galement sa deuxi\u00e8me fois de la saison \u00e0 marquer des points apr\u00e8s avoir termin\u00e9 15e au GP des Am\u00e9riques.<\/p>\n<p>Auparavant, Savadori n\u2019avait jamais d\u00e9pass\u00e9 la 11e place en MotoGP. Dans les Championnats du Monde, il a enregistr\u00e9 une neuvi\u00e8me place en 125cc, ainsi qu\u2019une septi\u00e8me et une dixi\u00e8me en MotoE.<\/p>\n","protected":false},"excerpt":{"rendered":"Lorenzo Savadori a remplac\u00e9 le bless\u00e9 Jorge Mart\u00edn en MotoGP, et ce dimanche, il a r\u00e9alis\u00e9 son meilleur&hellip;\n","protected":false},"author":2,"featured_media":94558,"comment_status":"","ping_status":"","sticky":false,"template":"","format":"standard","meta":{"footnotes":""},"categories":[1413],"tags":[20724,1011,27,15545,5130,1457,1456,1458,20725,60],"class_list":{"0":"post-94557","1":"post","2":"type-post","3":"status-publish","4":"format-standard","5":"has-post-thumbnail","7":"category-moto","8":"tag-aprilia-racing","9":"tag-fr","10":"tag-france","11":"tag-gp-de-france","12":"tag-lorenzo-savadori","13":"tag-moto","14":"tag-motocycle","15":"tag-motogp","16":"tag-motogp-le-mans","17":"tag-sports"},"share_on_mastodon":{"url":"https:\/\/pubeurope.com\/@fr\/114495644184405354","error":""},"_links":{"self":[{"href":"https:\/\/www.europesays.com\/fr\/wp-json\/wp\/v2\/posts\/94557","targetHints":{"allow":["GET"]}}],"collection":[{"href":"https:\/\/www.europesays.com\/fr\/wp-json\/wp\/v2\/posts"}],"about":[{"href":"https:\/\/www.europesays.com\/fr\/wp-json\/wp\/v2\/types\/post"}],"author":[{"embeddable":true,"href":"https:\/\/www.europesays.com\/fr\/wp-json\/wp\/v2\/users\/2"}],"replies":[{"embeddable":true,"href":"https:\/\/www.europesays.com\/fr\/wp-json\/wp\/v2\/comments?post=94557"}],"version-history":[{"count":0,"href":"https:\/\/www.europesays.com\/fr\/wp-json\/wp\/v2\/posts\/94557\/revisions"}],"wp:featuredmedia":[{"embeddable":true,"href":"https:\/\/www.europesays.com\/fr\/wp-json\/wp\/v2\/media\/94558"}],"wp:attachment":[{"href":"https:\/\/www.europesays.com\/fr\/wp-json\/wp\/v2\/media?parent=94557"}],"wp:term":[{"taxonomy":"category","embeddable":true,"href":"https:\/\/www.europesays.com\/fr\/wp-json\/wp\/v2\/categories?post=94557"},{"taxonomy":"post_tag","embeddable":true,"href":"https:\/\/www.europesays.com\/fr\/wp-json\/wp\/v2\/tags?post=94557"}],"curies":[{"name":"wp","href":"https:\/\/api.w.org\/{rel}","templated":true}]}}