{"id":94561,"date":"2025-05-12T15:48:14","date_gmt":"2025-05-12T15:48:14","guid":{"rendered":"https:\/\/www.europesays.com\/fr\/94561\/"},"modified":"2025-05-12T15:48:14","modified_gmt":"2025-05-12T15:48:14","slug":"des-equipiers-de-van-aert-et-van-der-poel-sur-le-depart-vers-une-association-entre-lotto-et-une-equipe-francaise-le-mercato-cycliste-est-deja-lance","status":"publish","type":"post","link":"https:\/\/www.europesays.com\/fr\/94561\/","title":{"rendered":"Des \u00e9quipiers de Van Aert et Van der Poel sur le d\u00e9part, vers une association entre Lotto et une \u00e9quipe fran\u00e7aise ? Le mercato cycliste est d\u00e9j\u00e0 lanc\u00e9"},"content":{"rendered":"<p class=\"ap-StoryElement ap-StoryElement--mb ap-StoryText\">Si nous vous annoncions il y a quelques jours <a href=\"https:\/\/www.dhnet.be\/sports\/cyclisme\/2025\/05\/07\/stuyven-dans-lequipe-devenepoel-et-de-nombreux-mouvements-chez-visma-lease-a-bike-le-mercato-cycliste-sannonce-chaud-IP5KOSUCSRFGJE63BB6QPGANSQ\/\" target=\"_blank\" rel=\"nofollow noopener\">la probable arriv\u00e9e de Jasper Stuyven (Lidl-Trek) et Edward Planckaert (Alpecin-Deceuninck) du c\u00f4t\u00e9 de Soudal Quick-Step<\/a>, ce ne sera pas le cas de Timo Kielich. Le Belge de 25 ans aurait re\u00e7u une proposition de la part de Visma | Lease a Bike et pourrait donc troquer Mathieu van der Poel pour Wout van Aert. Un renfort logique pour les classiques car l&rsquo;\u00e9quipe n\u00e9erlandaise va voir plusieurs coureurs quitter le navire \u00e0 l&rsquo;intersaison. Ainsi, Tiesj Benoot rejoindra l&rsquo;ambitieuse \u00e9quipe Decathlon-AG2R La Mondiale la saison prochaine. Il devrait \u00eatre accompagn\u00e9 dans l&rsquo;\u00e9quipe fran\u00e7aise par le sprinter Olav Kooij, qui devrait signer son nouveau contrat apr\u00e8s le Tour d&rsquo;Italie.<\/p>\n<p><a href=\"https:\/\/www.dhnet.be\/sports\/cyclisme\/2025\/05\/07\/stuyven-dans-lequipe-devenepoel-et-de-nombreux-mouvements-chez-visma-lease-a-bike-le-mercato-cycliste-sannonce-chaud-IP5KOSUCSRFGJE63BB6QPGANSQ\/\" target=\"_blank\" rel=\"noopener noreferrer nofollow\" class=\"ap-StoryInterstitialLink ap-StoryElement ap-StoryElement--mb\">Stuyven dans l&rsquo;\u00e9quipe d&rsquo;Evenepoel et de nombreux mouvements chez Visma | Lease a Bike : le mercato cycliste s&rsquo;annonce chaud !<\/a><\/p>\n<p class=\"ap-StoryElement ap-StoryElement--mb ap-StoryText\">Peu en vue durant les Classiques printani\u00e8res, Dylan van Baarle devrait \u00e9galement quitter les \u00ab\u00a0abeilles\u00a0\u00bb. En revanche, l&rsquo;\u00e9quipe Visma | Lease a Bike est pr\u00eate \u00e0 mettre tout en \u0153uvre pour prolonger le contrat de Matteo Jorgenson, dont le contrat arrive \u00e0 terme en 2026.<\/p>\n<p class=\"ap-StoryElement ap-StoryElement--mb ap-StoryText\">Si Wout van Aert va donc perdre plusieurs fid\u00e8les \u00e9quipiers pour la saison prochaine, ce sera aussi le cas de Mathieu van der Poel. Outre Kielich et Planckaert, l&rsquo;\u00e9quipe Alpecin-Deceuninck (qui est toujours \u00e0 la recherche d&rsquo;un rempla\u00e7ant pour le sponsor Deceuninck) risque de perdre Xandro Meurisse, Quinten Hermans et Gianni Vermeersch. Selon les informations de HLN, les deux premiers cit\u00e9s ont re\u00e7u une proposition de l&rsquo;\u00e9quipe Q36.5 de Tom Pidcock, alors que le second suscite l&rsquo;int\u00e9r\u00eat de Red Bull \u2013 Bora \u2013 Hansgrohe.<\/p>\n<p><a href=\"https:\/\/www.dhnet.be\/dernieres-depeches\/2025\/05\/07\/mercato-cycliste-mikel-landa-reste-chez-soudal-quick-step-jusquen-2026-U22S2WWJWRF4NDZVUYYLDQVVXQ\/\" target=\"_blank\" rel=\"noopener noreferrer nofollow\" class=\"ap-StoryInterstitialLink ap-StoryElement ap-StoryElement--mb\">Mercato cycliste &#8211; Mikel Landa reste chez Soudal Quick-Step jusqu&rsquo;en 2026<\/a>Lotto associ\u00e9 \u00e0 une \u00e9quipe fran\u00e7aise ?<\/p>\n<p class=\"ap-StoryElement ap-StoryElement--mb ap-StoryText\">Enfin, cela bouge aussi du c\u00f4t\u00e9 de l&rsquo;\u00e9quipe Lotto. Selon nos confr\u00e8res n\u00e9erlandophones, le conseil d&rsquo;administration de la Loterie Nationale a donn\u00e9 le feu vert \u00e0 l&rsquo;\u00e9quipe cycliste de trouver un deuxi\u00e8me sponsor titre, voire m\u00eame un nouveau sponsor principal. D\u00e8s lors, St\u00e9phane Heulot pourrait se tourner vers\u2026 Ark\u00e9a. L\u00a0\u00bbincertitude r\u00e8gne au sein de l&rsquo;\u00e9quipe fran\u00e7aise depuis que le co-sponsor B &amp; B Hotels a annonc\u00e9 son retrait en fin de saison. La soci\u00e9t\u00e9 Ark\u00e9a (dans le cyclisme depuis 2019) souhaiterait continuer dans le WorldTour et pourrait donc s&rsquo;associer \u00e0 l&rsquo;\u00e9quipe d&rsquo;Arnaud De Lie et Lennert Van Eetvelt.<\/p>\n<p class=\"ap-StoryElement ap-StoryElement--mb ap-StoryText\">Dans ses rangs, l&rsquo;actuelle \u00e9quipe Ark\u00e9a-B &amp; B Hotels poss\u00e8dent plusieurs solides coureurs tels que K\u00e9vin Vauquelin, Arnaud D\u00e9mare, Luca Mozzato, Cristian Rodriguez\u2026 mais aussi les Belges Amaury Capiot, Jenthe Biermans et Laurens Huys. Mais la plupart de ces coureurs arrivent en fin de contrat et sont peut-\u00eatre d\u00e9j\u00e0 en train de n\u00e9gocier avec d&rsquo;autres \u00e9quipes pour la saison prochaine.<\/p>\n<p><a href=\"https:\/\/www.dhnet.be\/sports\/cyclisme\/2025\/03\/28\/stephane-heulot-revient-sur-le-debut-de-saison-darnaud-de-lie-il-sait-quil-a-aussi-des-devoirs-GWD7SUJZG5HDJPGRVFWVL4ZFXE\/\" target=\"_blank\" rel=\"noopener noreferrer nofollow\" class=\"ap-StoryInterstitialLink ap-StoryElement ap-StoryElement--mb\">St\u00e9phane Heulot revient sur le d\u00e9but de saison d&rsquo;Arnaud de Lie: \u00ab\u00a0Il sait qu&rsquo;il a aussi des devoirs\u00a0\u00bb<\/a><\/p>\n<p class=\"ap-StoryElement ap-StoryElement--mb ap-StoryText\">En attendant, l&rsquo;exode continue au sein de l&rsquo;\u00e9quipe belge : en fin de contrat \u00e0 la fin de la saison, Brent Van Moer devrait quitter l&rsquo;\u00e9quipe. Il aurait re\u00e7u des propositions de Q36.5, Soudal Quick-Step et Alpecin-Deceuninck en vue de la saison prochaine.<\/p>\n","protected":false},"excerpt":{"rendered":"Si nous vous annoncions il y a quelques jours la probable arriv\u00e9e de Jasper Stuyven (Lidl-Trek) et Edward&hellip;\n","protected":false},"author":2,"featured_media":94562,"comment_status":"","ping_status":"","sticky":false,"template":"","format":"standard","meta":{"footnotes":""},"categories":[1411],"tags":[1154,207,443,1011,27,13074,60,11698],"class_list":{"0":"post-94561","1":"post","2":"type-post","3":"status-publish","4":"format-standard","5":"has-post-thumbnail","7":"category-cyclisme","8":"tag-cycling","9":"tag-cyclisme","10":"tag-euromillions","11":"tag-fr","12":"tag-france","13":"tag-le-giro-le-tour-ditalie","14":"tag-sports","15":"tag-wout-van-aert"},"share_on_mastodon":{"url":"https:\/\/pubeurope.com\/@fr\/114495652154273132","error":""},"_links":{"self":[{"href":"https:\/\/www.europesays.com\/fr\/wp-json\/wp\/v2\/posts\/94561","targetHints":{"allow":["GET"]}}],"collection":[{"href":"https:\/\/www.europesays.com\/fr\/wp-json\/wp\/v2\/posts"}],"about":[{"href":"https:\/\/www.europesays.com\/fr\/wp-json\/wp\/v2\/types\/post"}],"author":[{"embeddable":true,"href":"https:\/\/www.europesays.com\/fr\/wp-json\/wp\/v2\/users\/2"}],"replies":[{"embeddable":true,"href":"https:\/\/www.europesays.com\/fr\/wp-json\/wp\/v2\/comments?post=94561"}],"version-history":[{"count":0,"href":"https:\/\/www.europesays.com\/fr\/wp-json\/wp\/v2\/posts\/94561\/revisions"}],"wp:featuredmedia":[{"embeddable":true,"href":"https:\/\/www.europesays.com\/fr\/wp-json\/wp\/v2\/media\/94562"}],"wp:attachment":[{"href":"https:\/\/www.europesays.com\/fr\/wp-json\/wp\/v2\/media?parent=94561"}],"wp:term":[{"taxonomy":"category","embeddable":true,"href":"https:\/\/www.europesays.com\/fr\/wp-json\/wp\/v2\/categories?post=94561"},{"taxonomy":"post_tag","embeddable":true,"href":"https:\/\/www.europesays.com\/fr\/wp-json\/wp\/v2\/tags?post=94561"}],"curies":[{"name":"wp","href":"https:\/\/api.w.org\/{rel}","templated":true}]}}