{"id":94593,"date":"2025-05-12T16:04:11","date_gmt":"2025-05-12T16:04:11","guid":{"rendered":"https:\/\/www.europesays.com\/fr\/94593\/"},"modified":"2025-05-12T16:04:11","modified_gmt":"2025-05-12T16:04:11","slug":"loire-a-saint-etienne-et-ses-alentours-meme-les-plus-demunis-ont-droit-au-bio-grace-a-cette-association","status":"publish","type":"post","link":"https:\/\/www.europesays.com\/fr\/94593\/","title":{"rendered":"Loire. \u00c0 Saint-\u00c9tienne et ses alentours, m\u00eame les plus d\u00e9munis ont droit au bio gr\u00e2ce \u00e0 cette association"},"content":{"rendered":"<p>Du riz, des p\u00e2tes, des noisettes et du th\u00e9\u2026 dans la grande salle du centre social Le Colibri, \u00e0 La Cotonne, un dr\u00f4le de petit march\u00e9 s\u2019est install\u00e9 ce mercredi apr\u00e8s-midi. Derri\u00e8re les tables, charg\u00e9es de seaux de farine et de sucre, de bidons d\u2019huile ou de lessive, des b\u00e9n\u00e9voles enfilent leurs gants.<\/p>\n<p>\u00ab\u00a0On a command\u00e9 trois kilos de noix de cajou\u00a0\u00bb, annoncent deux adolescents, en tendant un grand sachet. Une bonne quantit\u00e9 qui sera factur\u00e9e \u00e0 cette famille 21\u00a0euros, soit 7\u00a0euros le kilo\u2026 contre environ 17\u00a0euros dans un magasin bio traditionnel.<\/p>\n<p>Des prix moiti\u00e9 moins chers pour les plus pr\u00e9caires<\/p>\n<p><a href=\"https:\/\/www.leprogres.fr\/economie\/2021\/07\/27\/vrac-veut-democratiser-le-bio-dans-les-quartiers-populaires\" target=\"_blank\" rel=\"nofollow noopener\">Cr\u00e9\u00e9e en 2021, l\u2019antenne st\u00e9phanoise du r\u00e9seau national Vrac<\/a> \u0153uvre pour permettre aux plus pr\u00e9caires d\u2019avoir acc\u00e8s \u00e0 une alimentation bio \u00e0 petits prix. Chaque mois, les adh\u00e9rents passent commande parmi une liste fournie par l\u2019association, qui centralise le tout, ach\u00e8te les aliments en grosse quantit\u00e9 puis les revend, au d\u00e9tail, \u00e0 prix co\u00fbtant\u2026 voire moins.<\/p>\n<p>Car, selon leur lieu de vie et leur&#8230;<\/p>\n","protected":false},"excerpt":{"rendered":"Du riz, des p\u00e2tes, des noisettes et du th\u00e9\u2026 dans la grande salle du centre social Le Colibri,&hellip;\n","protected":false},"author":2,"featured_media":94594,"comment_status":"","ping_status":"","sticky":false,"template":"","format":"standard","meta":{"footnotes":""},"categories":[9653],"tags":[1111,11,2430,130,33,7539,1777,674,107,1011,27,3367,12,25,4001,7538],"class_list":{"0":"post-94593","1":"post","2":"type-post","3":"status-publish","4":"format-standard","5":"has-post-thumbnail","7":"category-saint-etienne","8":"tag-actu","9":"tag-actualites","10":"tag-auvergne-rhone-alpes","11":"tag-consommation","12":"tag-economie","13":"tag-edition-loire-sud","14":"tag-eu","15":"tag-europe","16":"tag-fil-info","17":"tag-fr","18":"tag-france","19":"tag-loire","20":"tag-news","21":"tag-republique-francaise","22":"tag-saint-etienne","23":"tag-saint-etienne-ville"},"share_on_mastodon":{"url":"https:\/\/pubeurope.com\/@fr\/114495715279933052","error":""},"_links":{"self":[{"href":"https:\/\/www.europesays.com\/fr\/wp-json\/wp\/v2\/posts\/94593","targetHints":{"allow":["GET"]}}],"collection":[{"href":"https:\/\/www.europesays.com\/fr\/wp-json\/wp\/v2\/posts"}],"about":[{"href":"https:\/\/www.europesays.com\/fr\/wp-json\/wp\/v2\/types\/post"}],"author":[{"embeddable":true,"href":"https:\/\/www.europesays.com\/fr\/wp-json\/wp\/v2\/users\/2"}],"replies":[{"embeddable":true,"href":"https:\/\/www.europesays.com\/fr\/wp-json\/wp\/v2\/comments?post=94593"}],"version-history":[{"count":0,"href":"https:\/\/www.europesays.com\/fr\/wp-json\/wp\/v2\/posts\/94593\/revisions"}],"wp:featuredmedia":[{"embeddable":true,"href":"https:\/\/www.europesays.com\/fr\/wp-json\/wp\/v2\/media\/94594"}],"wp:attachment":[{"href":"https:\/\/www.europesays.com\/fr\/wp-json\/wp\/v2\/media?parent=94593"}],"wp:term":[{"taxonomy":"category","embeddable":true,"href":"https:\/\/www.europesays.com\/fr\/wp-json\/wp\/v2\/categories?post=94593"},{"taxonomy":"post_tag","embeddable":true,"href":"https:\/\/www.europesays.com\/fr\/wp-json\/wp\/v2\/tags?post=94593"}],"curies":[{"name":"wp","href":"https:\/\/api.w.org\/{rel}","templated":true}]}}