{"id":946,"date":"2025-04-02T02:44:18","date_gmt":"2025-04-02T02:44:18","guid":{"rendered":"https:\/\/www.europesays.com\/fr\/946\/"},"modified":"2025-04-02T02:44:18","modified_gmt":"2025-04-02T02:44:18","slug":"le-nouveau-premier-ministre-martele-que-trump-nobtiendra-pas-le-territoire","status":"publish","type":"post","link":"https:\/\/www.europesays.com\/fr\/946\/","title":{"rendered":"Le nouveau Premier ministre mart\u00e8le que Trump n\u2019obtiendra pas le territoire"},"content":{"rendered":"<p>Le bras de fer se poursuit en Am\u00e9rique du Nord. Les Etats-Unis \u00ab\u00a0n\u2019obtiendront pas\u00a0\u00bb le <a href=\"https:\/\/www.20minutes.fr\/dossier\/groenland\" target=\"_blank\" class=\"color-ultramarine c-link\" rel=\"noopener\">Groenland<\/a> qui d\u00e9cidera seul de son propre avenir, a r\u00e9pondu dimanche \u00e0 <a href=\"https:\/\/www.20minutes.fr\/dossier\/donald_trump\" target=\"_blank\" class=\"color-ultramarine c-link\" rel=\"noopener\">Donald Trump<\/a> le nouveau Premier ministre du territoire autonome danois, Jens-Frederik Nielsen.<\/p>\n<p>\u00ab\u00a0Le pr\u00e9sident Trump affirme que les <a href=\"https:\/\/www.20minutes.fr\/monde\/etats-unis\/\" target=\"_blank\" class=\"color-ultramarine c-link\" rel=\"noopener\">Etats-Unis<\/a> \u00ab\u00a0obtiendront le Groenland\u00a0\u00bb. Soyons clairs\u00a0: Les Etats-Unis n\u2019obtiendront pas le Groenland. Nous n\u2019appartenons \u00e0 personne d\u2019autre. Nous d\u00e9cidons de notre propre avenir\u00a0\u00bb, a-t-il dit dans un message sur Facebook. \u00ab\u00a0Nous allons obtenir le Groenland. Oui, \u00e0 100\u00a0%\u00a0!\u00a0\u00bb, a pour sa part encore r\u00e9p\u00e9t\u00e9 Donald Trump dimanche, dans une interview accord\u00e9e \u00e0 NBC News.<\/p>\n<p>Une visite qui ravive les tensions<\/p>\n<p>Ce nouvel \u00e9change d\u2019invectives cl\u00f4t une semaine de fortes tensions entre les Etats-Unis, le <a href=\"https:\/\/www.20minutes.fr\/dossier\/danemark\" target=\"_blank\" class=\"color-ultramarine c-link\" rel=\"noopener\">Danemark<\/a> et le Groenland, marqu\u00e9e par la visite du vice-pr\u00e9sident JD Vance sur la seule base militaire am\u00e9ricaine de l\u2019immense \u00eele arctique. La diplomatie danoise a reproch\u00e9 samedi le \u00ab\u00a0ton employ\u00e9\u00a0\u00bb par JD Vance qui a jug\u00e9 que le Danemark \u00ab\u00a0n\u2019a pas fait du bon travail\u00a0\u00bb.<\/p>\n<\/p>\n<p>La Premi\u00e8re ministre danoise Mette Frederiksen va pour sa part se rendre de mercredi \u00e0 vendredi au Groenland pour \u00ab\u00a0renforcer l\u2019unit\u00e9\u00a0\u00bb du royaume avec le territoire arctique.<\/p>\n<p><a href=\"https:\/\/www.20minutes.fr\/monde\/etats-unis\/\" target=\"_blank\" class=\"c-link c-btn c-btn--primary\" rel=\"noopener\">Notre dossier sur les Etats-Unis<\/a><\/p>\n<p>Quatre des cinq partis repr\u00e9sent\u00e9s au Parlement groenlandais ont annonc\u00e9 vendredi la formation d\u2019un gouvernement de coalition. Les principaux partis groenlandais souhaitent tous l\u2019ind\u00e9pendance, mais ils divergent sur la feuille de route. La pression am\u00e9ricaine les a convaincus de former au plus vite une coalition. Seul le parti Naleraq, partisan d\u2019une ind\u00e9pendance rapide, sera dans l\u2019opposition.<\/p>\n","protected":false},"excerpt":{"rendered":"Le bras de fer se poursuit en Am\u00e9rique du Nord. Les Etats-Unis \u00ab\u00a0n\u2019obtiendront pas\u00a0\u00bb le Groenland qui d\u00e9cidera&hellip;\n","protected":false},"author":2,"featured_media":947,"comment_status":"","ping_status":"","sticky":false,"template":"","format":"standard","meta":{"footnotes":""},"categories":[5],"tags":[47,11,145,75,73,146,14,74,12,133,28],"class_list":{"0":"post-946","1":"post","2":"type-post","3":"status-publish","4":"format-standard","5":"has-post-thumbnail","7":"category-international","8":"tag-actualite","9":"tag-actualites","10":"tag-danemark","11":"tag-donald-trump","12":"tag-etats-unis","13":"tag-groenland","14":"tag-international","15":"tag-monde","16":"tag-news","17":"tag-video","18":"tag-world"},"share_on_mastodon":{"url":"https:\/\/pubeurope.com\/@fr\/114266076871514138","error":""},"_links":{"self":[{"href":"https:\/\/www.europesays.com\/fr\/wp-json\/wp\/v2\/posts\/946","targetHints":{"allow":["GET"]}}],"collection":[{"href":"https:\/\/www.europesays.com\/fr\/wp-json\/wp\/v2\/posts"}],"about":[{"href":"https:\/\/www.europesays.com\/fr\/wp-json\/wp\/v2\/types\/post"}],"author":[{"embeddable":true,"href":"https:\/\/www.europesays.com\/fr\/wp-json\/wp\/v2\/users\/2"}],"replies":[{"embeddable":true,"href":"https:\/\/www.europesays.com\/fr\/wp-json\/wp\/v2\/comments?post=946"}],"version-history":[{"count":0,"href":"https:\/\/www.europesays.com\/fr\/wp-json\/wp\/v2\/posts\/946\/revisions"}],"wp:featuredmedia":[{"embeddable":true,"href":"https:\/\/www.europesays.com\/fr\/wp-json\/wp\/v2\/media\/947"}],"wp:attachment":[{"href":"https:\/\/www.europesays.com\/fr\/wp-json\/wp\/v2\/media?parent=946"}],"wp:term":[{"taxonomy":"category","embeddable":true,"href":"https:\/\/www.europesays.com\/fr\/wp-json\/wp\/v2\/categories?post=946"},{"taxonomy":"post_tag","embeddable":true,"href":"https:\/\/www.europesays.com\/fr\/wp-json\/wp\/v2\/tags?post=946"}],"curies":[{"name":"wp","href":"https:\/\/api.w.org\/{rel}","templated":true}]}}