{"id":94613,"date":"2025-05-12T16:14:10","date_gmt":"2025-05-12T16:14:10","guid":{"rendered":"https:\/\/www.europesays.com\/fr\/94613\/"},"modified":"2025-05-12T16:14:10","modified_gmt":"2025-05-12T16:14:10","slug":"un-appel-a-la-greve-ce-mardi-et-une-manifestation-a-grenoble","status":"publish","type":"post","link":"https:\/\/www.europesays.com\/fr\/94613\/","title":{"rendered":"un appel \u00e0 la gr\u00e8ve ce mardi et une manifestation \u00e0 Grenoble"},"content":{"rendered":"<p>C\u2019est un mouvement national et intersyndical qui se tient ce mardi 13\u00a0mai \u00e0 Grenoble. Les agents de la fonction publique, fonctionnaires et contractuels is\u00e9rois sont appel\u00e9s \u00e0 faire gr\u00e8ve, <a href=\"https:\/\/www.ledauphine.com\/social\/2024\/12\/05\/isere-greve-de-la-fonction-publique-jeudi-5-decembre-le-reseau-de-transport-perturbe-a-grenoble\" target=\"_blank\" rel=\"noopener\"> comme le 5\u00a0d\u00e9cembre dernier<\/a>. Les syndicats CGT, CNT, FO, FSU, Solidaires et UNSA\u00a0demandent notamment au gouvernement de r\u00e9tablir la r\u00e9mun\u00e9ration compl\u00e8te, sans carence, pendant les jours d\u2019arr\u00eat maladie ordinaire et les conditions budg\u00e9taires de versement de la GIPA (Garantie individuelle du pouvoir d\u2019achat) pour 2025.<\/p>\n<p>Les personnels demandent aussi des moyens budg\u00e9taires \u00ab\u00a0\u00e0 la hauteur des missions des services et des politiques publiques\u00a0\u00bb ou encore les cr\u00e9ations d\u2019emplois \u00ab\u00a0partout o\u00f9 c\u2019est n\u00e9cessaire et l\u2019acc\u00e8s \u00e0 l\u2019emploi titulaire des agents contractuels\u00a0\u00bb.<\/p>\n<p>Convergences avec les professeurs en col\u00e8re<\/p>\n<p>\u00c0 Grenoble, une manifestation est organis\u00e9e. Le rendez-vous est donn\u00e9 ce mardi \u00e0 10 heures place Victor-Hugo. Les enseignants et personnels de dizaines d\u2019\u00e9coles et coll\u00e8ges de l\u2019agglom\u00e9ration (et aussi d\u2019ailleurs dans le d\u00e9partement), <a href=\"https:\/\/www.ledauphine.com\/education\/2025\/05\/05\/isere-grenoble-des-enseignants-en-greve-pour-denoncer-des-ecoles-cocottes-minute-sur-le-point-d-exploser\" target=\"_blank\" rel=\"noopener\">mobilis\u00e9s le 5\u00a0mai dernier<\/a> pour r\u00e9clamer plus de moyens, viendront grossir les rangs du cort\u00e8ge. Ce dernier se dirigera vers les boulevards Agutte-Sambat et Mar\u00e9chal-Lyautey, puis direction les rues du Man\u00e8ge, Fantin-Latour, la place de Verdun, les rues Eug\u00e8ne-Faure, Joseph-Chanrion, de l\u2019Alma et Abb\u00e9-de-la-Salle avant l\u2019arriv\u00e9e place de Verdun.<\/p>\n","protected":false},"excerpt":{"rendered":"C\u2019est un mouvement national et intersyndical qui se tient ce mardi 13\u00a0mai \u00e0 Grenoble. Les agents de la&hellip;\n","protected":false},"author":2,"featured_media":94614,"comment_status":"","ping_status":"","sticky":false,"template":"","format":"standard","meta":{"footnotes":""},"categories":[9566],"tags":[1111,11,2430,9671,115,112,113,116,111,114,1057,341,1777,674,1011,27,2731,2732,108,12,25,801],"class_list":{"0":"post-94613","1":"post","2":"type-post","3":"status-publish","4":"format-standard","5":"has-post-thumbnail","7":"category-grenoble","8":"tag-actu","9":"tag-actualites","10":"tag-auvergne-rhone-alpes","11":"tag-conflit-social","12":"tag-edition-bourgoin-jallieu-nord-dauphine","13":"tag-edition-grenoble-agglomeration","14":"tag-edition-gresivaudan-oisans","15":"tag-edition-la-tour-du-pin-nord-dauphine","16":"tag-edition-vienne-roussillon","17":"tag-edition-voiron-saint-marcellin","18":"tag-education","19":"tag-emploi","20":"tag-eu","21":"tag-europe","22":"tag-fr","23":"tag-france","24":"tag-grenoble","25":"tag-grenoble-bassin","26":"tag-isere","27":"tag-news","28":"tag-republique-francaise","29":"tag-social"},"share_on_mastodon":{"url":"https:\/\/pubeurope.com\/@fr\/114495754401279751","error":""},"_links":{"self":[{"href":"https:\/\/www.europesays.com\/fr\/wp-json\/wp\/v2\/posts\/94613","targetHints":{"allow":["GET"]}}],"collection":[{"href":"https:\/\/www.europesays.com\/fr\/wp-json\/wp\/v2\/posts"}],"about":[{"href":"https:\/\/www.europesays.com\/fr\/wp-json\/wp\/v2\/types\/post"}],"author":[{"embeddable":true,"href":"https:\/\/www.europesays.com\/fr\/wp-json\/wp\/v2\/users\/2"}],"replies":[{"embeddable":true,"href":"https:\/\/www.europesays.com\/fr\/wp-json\/wp\/v2\/comments?post=94613"}],"version-history":[{"count":0,"href":"https:\/\/www.europesays.com\/fr\/wp-json\/wp\/v2\/posts\/94613\/revisions"}],"wp:featuredmedia":[{"embeddable":true,"href":"https:\/\/www.europesays.com\/fr\/wp-json\/wp\/v2\/media\/94614"}],"wp:attachment":[{"href":"https:\/\/www.europesays.com\/fr\/wp-json\/wp\/v2\/media?parent=94613"}],"wp:term":[{"taxonomy":"category","embeddable":true,"href":"https:\/\/www.europesays.com\/fr\/wp-json\/wp\/v2\/categories?post=94613"},{"taxonomy":"post_tag","embeddable":true,"href":"https:\/\/www.europesays.com\/fr\/wp-json\/wp\/v2\/tags?post=94613"}],"curies":[{"name":"wp","href":"https:\/\/api.w.org\/{rel}","templated":true}]}}