{"id":94621,"date":"2025-05-12T16:18:15","date_gmt":"2025-05-12T16:18:15","guid":{"rendered":"https:\/\/www.europesays.com\/fr\/94621\/"},"modified":"2025-05-12T16:18:15","modified_gmt":"2025-05-12T16:18:15","slug":"les-ecologistes-temporisent-a-strasbourg","status":"publish","type":"post","link":"https:\/\/www.europesays.com\/fr\/94621\/","title":{"rendered":"les \u00e9cologistes temporisent \u00e0 Strasbourg"},"content":{"rendered":"<p>\u00ab\u00a0Ceci n\u2019est pas un bilan\u00a0\u00bb, aurait pu d\u00e9crire le peintre Magritte. Au moment de pr\u00e9senter son \u00ab\u00a0Panorama de cinq ans d\u2019actions\u00a0\u00bb, le groupe Strasbourg \u00e9cologiste &amp; citoyenne (qui n\u2019inclut pas les communistes), qui repr\u00e9sente la majorit\u00e9 au conseil municipal, met les points sur les \u201ci\u201d.<\/p>\n<p>\u00ab\u00a0Je vais commencer par dire ce que n\u2019est pas ce document\u00a0: ce n\u2019est pas un bilan du mandat\u00a0\u00bb, \u00e9claircit Benjamin Soulet, adjoint \u00e0 la maire de Strasbourg et co-pr\u00e9sident du groupe politique. Sous ses yeux, un livret de vingt pages distribu\u00e9 aux Strasbourgeois depuis vendredi.<\/p>\n<p>Ce qui a \u00e9t\u00e9 fait, chiffres \u00e0 l&rsquo;appui<\/p>\n<p>\u00ab\u00a0Ce document montre ce que nos actions ont chang\u00e9 dans la vie&#8230;<\/p>\n","protected":false},"excerpt":{"rendered":"\u00ab\u00a0Ceci n\u2019est pas un bilan\u00a0\u00bb, aurait pu d\u00e9crire le peintre Magritte. Au moment de pr\u00e9senter son \u00ab\u00a0Panorama de&hellip;\n","protected":false},"author":2,"featured_media":94622,"comment_status":"","ping_status":"","sticky":false,"template":"","format":"standard","meta":{"footnotes":""},"categories":[2820],"tags":[1111,11,2389,2649,2880,5949,4188,1777,674,107,1011,27,775,3539,12,316,25,640,2879],"class_list":{"0":"post-94621","1":"post","2":"type-post","3":"status-publish","4":"format-standard","5":"has-post-thumbnail","7":"category-strasbourg","8":"tag-actu","9":"tag-actualites","10":"tag-alsace","11":"tag-bas-rhin","12":"tag-edition-strasbourg","13":"tag-elections","14":"tag-elections-municipales","15":"tag-eu","16":"tag-europe","17":"tag-fil-info","18":"tag-fr","19":"tag-france","20":"tag-grand-est","21":"tag-les-ecologistes","22":"tag-news","23":"tag-politique","24":"tag-republique-francaise","25":"tag-strasbourg","26":"tag-strasbourg-ville"},"share_on_mastodon":{"url":"https:\/\/pubeurope.com\/@fr\/114495770073325265","error":""},"_links":{"self":[{"href":"https:\/\/www.europesays.com\/fr\/wp-json\/wp\/v2\/posts\/94621","targetHints":{"allow":["GET"]}}],"collection":[{"href":"https:\/\/www.europesays.com\/fr\/wp-json\/wp\/v2\/posts"}],"about":[{"href":"https:\/\/www.europesays.com\/fr\/wp-json\/wp\/v2\/types\/post"}],"author":[{"embeddable":true,"href":"https:\/\/www.europesays.com\/fr\/wp-json\/wp\/v2\/users\/2"}],"replies":[{"embeddable":true,"href":"https:\/\/www.europesays.com\/fr\/wp-json\/wp\/v2\/comments?post=94621"}],"version-history":[{"count":0,"href":"https:\/\/www.europesays.com\/fr\/wp-json\/wp\/v2\/posts\/94621\/revisions"}],"wp:featuredmedia":[{"embeddable":true,"href":"https:\/\/www.europesays.com\/fr\/wp-json\/wp\/v2\/media\/94622"}],"wp:attachment":[{"href":"https:\/\/www.europesays.com\/fr\/wp-json\/wp\/v2\/media?parent=94621"}],"wp:term":[{"taxonomy":"category","embeddable":true,"href":"https:\/\/www.europesays.com\/fr\/wp-json\/wp\/v2\/categories?post=94621"},{"taxonomy":"post_tag","embeddable":true,"href":"https:\/\/www.europesays.com\/fr\/wp-json\/wp\/v2\/tags?post=94621"}],"curies":[{"name":"wp","href":"https:\/\/api.w.org\/{rel}","templated":true}]}}