{"id":94629,"date":"2025-05-12T16:22:11","date_gmt":"2025-05-12T16:22:11","guid":{"rendered":"https:\/\/www.europesays.com\/fr\/94629\/"},"modified":"2025-05-12T16:22:11","modified_gmt":"2025-05-12T16:22:11","slug":"psychiatrie-dans-le-mur-en-loire-atlantique-letat-doit-prendre-ses","status":"publish","type":"post","link":"https:\/\/www.europesays.com\/fr\/94629\/","title":{"rendered":"Psychiatrie \u00ab\u00a0dans le mur\u00a0\u00bb en Loire-Atlantique\u00a0: \u00ab\u00a0L\u2019\u00c9tat doit prendre ses"},"content":{"rendered":"<p>Suite \u00e0 un audit d\u00e9partemental sur l\u2019\u00e9tat des lieux de la psychiatrie,<a href=\"https:\/\/nantes.maville.com\/actu\/actudet_-psychiatrie-en-loire-atlantique-creation-de-nouveaux-postes-de-soignants-finances-par-l-ars-_8-6788533_actu.Htm\" target=\"_self\" rel=\"noopener\"> l\u2019Agence r\u00e9gionale de sant\u00e9 a annonc\u00e9 des renforts d\u2019effectifs au niveau d\u00e9partemental<\/a>. \u00a0Lors du comit\u00e9 social d\u2019\u00e9tablissement du 5\u00a0mai 2025, nous avons ainsi appris que 25\u00a0\u00e9quivalents temps plein seraient allou\u00e9s au CHU de Nantes.\u00a0 Une \u00a0mesure trop timide\u00a0, pour \u00c9lise Le Bail et Olivier Sabin, d\u00e9l\u00e9gu\u00e9s syndicaux CGT.<\/p>\n<p>\u00ab\u00a0On n\u2019est pas dupes, ces annonces ne r\u00e9pondent pas \u00e0 l\u2019urgence\u00a0\u00bb<\/p>\n<p>\u00a0La situation de la psychiatrie et de la p\u00e9dopsychiatrie est et demeure alarmante, avec une mise en danger r\u00e9elle des patients. \u00c7a fait 20\u00a0ans qu\u2019on alerte, mais l\u00e0 on est dans le mur\u00a0, regrette la secr\u00e9taire adjointe de la CGT du CHU. En France, 10\u00a0000\u00a0lits de psychiatrie et p\u00e9dopsychiatrie ont ferm\u00e9 en 15\u00a0ans. Sur le d\u00e9partement, le syndicat annonce 130\u00a0lits ferm\u00e9s en deux ans. \u00a0Le centre Epsylan, \u00e0 Blain, a ferm\u00e9 tous ses lits d\u2019admission, par manque de psychiatre. \u00c0 Saint-Nazaire, 20\u00a0lits d\u2019admission ont \u00e9t\u00e9 ferm\u00e9s. \u00c0 Daum\u00e9zon, \u00e0 Bouguenais, un secteur d\u2019admission est fragilis\u00e9.\u00a0<\/p>\n<p><a href=\"https:\/\/nantes.maville.com\/actu\/actudet_-soignants-et-usagers-rassembles-a-nantes-pour-denoncer-la-situation-gravissime-de-la-psychiatrie-_8-6654160_actu.Htm\" target=\"_self\" rel=\"noopener\">La p\u00e9dopsychiatrie ne compte plus que 14\u00a0lits en Loire-Atlantique<\/a>. \u00a0Les 11\u00a0lits de l\u2019unit\u00e9 nazairienne pour adolescents Shado sont toujours ferm\u00e9s, faute de p\u00e9dopsychiatre. En 2024, 159\u00a0mineurs ont \u00e9t\u00e9 hospitalis\u00e9s en unit\u00e9 adulte, ce qui peut conduire \u00e0 des drames humains. Certains sont orient\u00e9s en p\u00e9diatrie\u00a0: mais le personnel se retrouve avec des tentatives de suicide alors qu\u2019ils g\u00e8rent des d\u00e9tresses de nourrissons\u00a0!\u00a0 162\u00a0mineurs sont retourn\u00e9s chez eux en 2024, faute de place en p\u00e9dopsychiatrie, note le syndicat.<\/p>\n<p>Face \u00e0 cette situation, la direction a annonc\u00e9 l\u2019ouverture d\u2019une nouvelle unit\u00e9 d\u2019hospitalisation Philae de 8\u00a0lits pour les 15-20 ans, en 2025, \u00e0 l\u2019h\u00f4pital Saint-Jacques de Nantes \u00e0 la place d\u2019une unit\u00e9 pour les adultes de 14\u00a0lits. \u00a0Mais que deviennent les moins de 15\u00a0ans\u00a0?\u00a0, interroge \u00c9lise Le Bail. 16\u00a0nouveaux lits de p\u00e9dopsychiatrie sont annonc\u00e9s \u00e0 Daum\u00e9zon \u00e0 Bouguenais. \u00a0Mais apr\u00e8s 2026, on nous parle de 2028\u00a0!\u00a0<\/p>\n<p>\u00a0Nous ne sommes pas dupes, ces annonces ne r\u00e9pondront pas \u00e0 l\u2019urgence de la situation\u00a0, alertent les d\u00e9l\u00e9gu\u00e9s syndicaux qui craignent que la cr\u00e9ation de 5\u00a0postes de m\u00e9decins et 20\u00a0param\u00e9dicaux ne servent qu\u2019\u00e0 pallier les arr\u00eats maladie. \u00a0Rien que pour les p\u00e9dopsychiatres, il y avait 12\u00a0postes vacants en 2024 sur 35.\u00a0<\/p>\n<p>La CGT-CHU demande alors \u00e0 l\u2019\u00c9tat \u00a0de prendre ses responsabilit\u00e9s\u00a0, avec la formation de professionnels en masse, la r\u00e9ouverture des lits ferm\u00e9s, la cr\u00e9ation de lits en p\u00e9dopsychiatrie et plus d\u2019embauche.<\/p>\n<p>\u00a0<\/p>\n","protected":false},"excerpt":{"rendered":"Suite \u00e0 un audit d\u00e9partemental sur l\u2019\u00e9tat des lieux de la psychiatrie, l\u2019Agence r\u00e9gionale de sant\u00e9 a annonc\u00e9&hellip;\n","protected":false},"author":2,"featured_media":94630,"comment_status":"","ping_status":"","sticky":false,"template":"","format":"standard","meta":{"footnotes":""},"categories":[2818],"tags":[1111,11,16309,1777,674,1011,27,3047,12597,766,12,2636,4571,235,25,16401],"class_list":{"0":"post-94629","1":"post","2":"type-post","3":"status-publish","4":"format-standard","5":"has-post-thumbnail","7":"category-nantes","8":"tag-actu","9":"tag-actualites","10":"tag-etat","11":"tag-eu","12":"tag-europe","13":"tag-fr","14":"tag-france","15":"tag-loire-atlantique","16":"tag-mur","17":"tag-nantes","18":"tag-news","19":"tag-pays-de-la-loire","20":"tag-prendre","21":"tag-psychiatrie","22":"tag-republique-francaise","23":"tag-responsabilites"},"share_on_mastodon":{"url":"https:\/\/pubeurope.com\/@fr\/114495785782052954","error":""},"_links":{"self":[{"href":"https:\/\/www.europesays.com\/fr\/wp-json\/wp\/v2\/posts\/94629","targetHints":{"allow":["GET"]}}],"collection":[{"href":"https:\/\/www.europesays.com\/fr\/wp-json\/wp\/v2\/posts"}],"about":[{"href":"https:\/\/www.europesays.com\/fr\/wp-json\/wp\/v2\/types\/post"}],"author":[{"embeddable":true,"href":"https:\/\/www.europesays.com\/fr\/wp-json\/wp\/v2\/users\/2"}],"replies":[{"embeddable":true,"href":"https:\/\/www.europesays.com\/fr\/wp-json\/wp\/v2\/comments?post=94629"}],"version-history":[{"count":0,"href":"https:\/\/www.europesays.com\/fr\/wp-json\/wp\/v2\/posts\/94629\/revisions"}],"wp:featuredmedia":[{"embeddable":true,"href":"https:\/\/www.europesays.com\/fr\/wp-json\/wp\/v2\/media\/94630"}],"wp:attachment":[{"href":"https:\/\/www.europesays.com\/fr\/wp-json\/wp\/v2\/media?parent=94629"}],"wp:term":[{"taxonomy":"category","embeddable":true,"href":"https:\/\/www.europesays.com\/fr\/wp-json\/wp\/v2\/categories?post=94629"},{"taxonomy":"post_tag","embeddable":true,"href":"https:\/\/www.europesays.com\/fr\/wp-json\/wp\/v2\/tags?post=94629"}],"curies":[{"name":"wp","href":"https:\/\/api.w.org\/{rel}","templated":true}]}}