{"id":94631,"date":"2025-05-12T16:23:09","date_gmt":"2025-05-12T16:23:09","guid":{"rendered":"https:\/\/www.europesays.com\/fr\/94631\/"},"modified":"2025-05-12T16:23:09","modified_gmt":"2025-05-12T16:23:09","slug":"une-librairie-lgbt-vandalisee-dans-le-centre-ville-de-nantes","status":"publish","type":"post","link":"https:\/\/www.europesays.com\/fr\/94631\/","title":{"rendered":"Une librairie LGBT vandalis\u00e9e dans le centre-ville de Nantes"},"content":{"rendered":"<p>La boutique, ouverte en juin 2024 et sp\u00e9cialis\u00e9e dans les \u00ablitt\u00e9ratures queers\u00bb, avait l\u2019objet de plusieurs intimidations, avant d\u2019\u00eatre l\u2019objet de d\u00e9gradations. Une plainte a \u00e9t\u00e9 d\u00e9pos\u00e9e.<\/p>\n<p class=\"fig-paragraph\">\u00abOn reste ouvert. La lutte continue\u00bb, indique un collage sur la devanture bris\u00e9e, au milieu d\u2019une ribambelle de drapeaux multicouleurs. Situ\u00e9e rue de Strasbourg, dans le centre-ville\u00a0<a href=\"https:\/\/www.lefigaro.fr\/nantes\" target=\"_blank\" data-fig-type=\"Section\" rel=\"noopener\" data-gtm-custom-categorie=\"navigation\" data-gtm-custom-action=\"crossclick\" data-gtm-custom-label=\"Contextuel\" data-gtm-event=\"customEventSPE\" data-fig-domain=\"LEFIGARO\">de Nantes<\/a>\u00a0(Loire-Atlantique), la librairie ind\u00e9pendante Les Vagues a \u00e9t\u00e9 vandalis\u00e9e dans la nuit du jeudi 8 au vendredi 9 mai. Deux vitres de sa fa\u00e7ade bleue ont \u00e9t\u00e9 bris\u00e9es. Une d\u00e9gradation d\u00e9crite comme une\u00a0<a href=\"https:\/\/www.lefigaro.fr\/actualite-france\/le-gouvernement-devoile-un-plan-de-mesures-contre-les-lgbt-phobies-20201014\" target=\"_blank\" data-fig-type=\"Article\" rel=\"noopener\" data-gtm-custom-categorie=\"navigation\" data-gtm-custom-action=\"crossclick\" data-gtm-custom-label=\"Contextuel\" data-gtm-event=\"customEventSPE\" data-fig-domain=\"LEFIGARO\">\u00abattaque LGBTphobe\u00bb<\/a>, par les g\u00e9rants de cette boutique sp\u00e9cialis\u00e9e dans les \u00ablitt\u00e9ratures queers\u00bb, qui affirment avoir d\u00e9j\u00e0 \u00e9t\u00e9 victimes de pr\u00e9c\u00e9dentes intimidations.<\/p>\n<p class=\"fig-paragraph\">\u00abL\u2019intimidation et la destruction ne gagneront jamais face \u00e0 notre communaut\u00e9 et ses alli\u00e9s\u00bb, ont r\u00e9agi lundi, sur leurs r\u00e9seaux sociaux, les responsables des Vagues, en ajoutant avoir \u00e9prouv\u00e9 une \u00abgrande tristesse\u00bb ainsi qu\u2019un sentiment de \u00abr\u00e9volte\u00bb \u00e0 la d\u00e9couverte des d\u00e9gradations. \u00abNous condamnons fermement l\u2019attaque subie par cette librairie\u00bb, a fait savoir lundi, par communiqu\u00e9, l\u2019association des librairies ind\u00e9pendantes en Pays de la Loire, en rappelant que l\u2019\u00e9tablissement est \u00abun lieu du d\u00e9bat, des rencontres d\u2019id\u00e9es, o\u00f9 s\u2019expriment les opinions les plus diverses dans la limite des r\u00e8gles de droit qui encadrent la libert\u00e9 d\u2019expression\u00bb.<\/p>\n<p class=\"fig-paragraph\">\u00abCe n\u2019est pas la premi\u00e8re fois que l\u2019on a des actes malveillants: on a d\u00e9j\u00e0 eu un livre d\u00e9grad\u00e9, et des personnes mena\u00e7antes qui sont rentr\u00e9es dans la librairie\u00bb, a indiqu\u00e9 au quotidien\u00a0<a href=\"https:\/\/www.ouest-france.fr\/societe\/faits-divers\/jai-beaucoup-de-colere-la-vitrine-de-la-librairie-queer-les-vagues-a-nantes-a-ete-fracturee-e6c1b956-2cd8-11f0-a098-f31d02249152\" target=\"_blank\" rel=\"noopener\" data-gtm-custom-categorie=\"navigation\" data-gtm-custom-action=\"crossclick\" data-gtm-custom-label=\"Contextuel\" data-gtm-event=\"customEventSPE\">Presse Oc\u00e9an<\/a> \u00a0l\u2019un des responsables des Vagues, qui a ouvert ses portes en juin 2024. L\u2019un des deux incidents consistait en un message de haine, d\u00e9couvert gliss\u00e9 entre les pages d\u2019un livre jeunesse, a pr\u00e9cis\u00e9 la librairie, \u00e0 nos confr\u00e8res\u00a0<a href=\"https:\/\/www.francebleu.fr\/infos\/faits-divers-justice\/nantes-une-librairie-lgbt-vandalisee-c-est-un-acte-odieux-4617960\" target=\"_blank\" rel=\"noopener\" data-gtm-custom-categorie=\"navigation\" data-gtm-custom-action=\"crossclick\" data-gtm-custom-label=\"Contextuel\" data-gtm-event=\"customEventSPE\">d\u2019Ici Loire Oc\u00e9an<\/a>. \u00abS\u2019attaquer \u00e0 une librairie, c\u2019est quand m\u00eame le summum du pitoyable\u00bb, commente une g\u00e9rante, pour\u00a0<a href=\"https:\/\/france3-regions.francetvinfo.fr\/pays-de-la-loire\/loire-atlantique\/nantes\/s-attaquer-a-une-librairie-c-est-quand-meme-le-summum-du-pitoyable-les-vagues-specialisee-dans-la-culture-queer-vandalisee-a-nantes-3150740.html\" target=\"_blank\" rel=\"noopener\" data-gtm-custom-categorie=\"navigation\" data-gtm-custom-action=\"crossclick\" data-gtm-custom-label=\"Contextuel\" data-gtm-event=\"customEventSPE\">France 3<\/a>. Une plainte a \u00e9t\u00e9 d\u00e9pos\u00e9e au commissariat de Nantes. Les g\u00e9rants de la librairie ont lanc\u00e9\u00a0<a href=\"https:\/\/www.ouest-france.fr\/societe\/faits-divers\/jai-beaucoup-de-colere-la-vitrine-de-la-librairie-queer-les-vagues-a-nantes-a-ete-fracturee-e6c1b956-2cd8-11f0-a098-f31d02249152\" target=\"_blank\" rel=\"noopener\" data-gtm-custom-categorie=\"navigation\" data-gtm-custom-action=\"crossclick\" data-gtm-custom-label=\"Contextuel\" data-gtm-event=\"customEventSPE\">une cagnotte en ligne de soutien<\/a>, pour financer une meilleure s\u00e9curisation du site. \u00abNous sommes plus solides que nos vitrines!\u00bb, assure les responsables de la librairie.<\/p>\n","protected":false},"excerpt":{"rendered":"La boutique, ouverte en juin 2024 et sp\u00e9cialis\u00e9e dans les \u00ablitt\u00e9ratures queers\u00bb, avait l\u2019objet de plusieurs intimidations, avant&hellip;\n","protected":false},"author":2,"featured_media":94632,"comment_status":"","ping_status":"","sticky":false,"template":"","format":"standard","meta":{"footnotes":""},"categories":[2818],"tags":[1111,11,20727,1777,674,462,1011,27,2640,2642,766,2638,2643,2637,2639,2646,2645,2641,2635,2644,2647,12,2636,25,11942],"class_list":{"0":"post-94631","1":"post","2":"type-post","3":"status-publish","4":"format-standard","5":"has-post-thumbnail","7":"category-nantes","8":"tag-actu","9":"tag-actualites","10":"tag-communaute-lgbt","11":"tag-eu","12":"tag-europe","13":"tag-fc-nantes","14":"tag-fr","15":"tag-france","16":"tag-hauts-paves-saint-felix","17":"tag-ile-de-nantes","18":"tag-nantes","19":"tag-nantes-bellevue-chantenay-sainte-anne","20":"tag-nantes-breil-barberie","21":"tag-nantes-centre-ville","22":"tag-nantes-dervallieres-zola","23":"tag-nantes-doulon-bottiere","24":"tag-nantes-erdre","25":"tag-nantes-malakoff-saint-donatien","26":"tag-nantes-metropole","27":"tag-nantes-nord","28":"tag-nantes-sud","29":"tag-news","30":"tag-pays-de-la-loire","31":"tag-republique-francaise","32":"tag-vandalisme"},"share_on_mastodon":{"url":"https:\/\/pubeurope.com\/@fr\/114495789786365463","error":""},"_links":{"self":[{"href":"https:\/\/www.europesays.com\/fr\/wp-json\/wp\/v2\/posts\/94631","targetHints":{"allow":["GET"]}}],"collection":[{"href":"https:\/\/www.europesays.com\/fr\/wp-json\/wp\/v2\/posts"}],"about":[{"href":"https:\/\/www.europesays.com\/fr\/wp-json\/wp\/v2\/types\/post"}],"author":[{"embeddable":true,"href":"https:\/\/www.europesays.com\/fr\/wp-json\/wp\/v2\/users\/2"}],"replies":[{"embeddable":true,"href":"https:\/\/www.europesays.com\/fr\/wp-json\/wp\/v2\/comments?post=94631"}],"version-history":[{"count":0,"href":"https:\/\/www.europesays.com\/fr\/wp-json\/wp\/v2\/posts\/94631\/revisions"}],"wp:featuredmedia":[{"embeddable":true,"href":"https:\/\/www.europesays.com\/fr\/wp-json\/wp\/v2\/media\/94632"}],"wp:attachment":[{"href":"https:\/\/www.europesays.com\/fr\/wp-json\/wp\/v2\/media?parent=94631"}],"wp:term":[{"taxonomy":"category","embeddable":true,"href":"https:\/\/www.europesays.com\/fr\/wp-json\/wp\/v2\/categories?post=94631"},{"taxonomy":"post_tag","embeddable":true,"href":"https:\/\/www.europesays.com\/fr\/wp-json\/wp\/v2\/tags?post=94631"}],"curies":[{"name":"wp","href":"https:\/\/api.w.org\/{rel}","templated":true}]}}