{"id":946316,"date":"2026-05-20T21:46:30","date_gmt":"2026-05-20T21:46:30","guid":{"rendered":"https:\/\/www.europesays.com\/fr\/946316\/"},"modified":"2026-05-20T21:46:30","modified_gmt":"2026-05-20T21:46:30","slug":"des-sushis-dans-sa-chambre-matthieu-delormeau-sa-belle-histoire-avec-virginie-efira","status":"publish","type":"post","link":"https:\/\/www.europesays.com\/fr\/946316\/","title":{"rendered":"\u00ab\u00a0Des sushis dans sa chambre\u00a0\u00bb : Matthieu Delormeau, sa belle histoire avec Virginie Efira"},"content":{"rendered":"<p>On peut avoir du mal \u00e0 les imaginer ensemble, et pourtant. Avant que <a href=\"https:\/\/www.public.fr\/tag\/matthieu-delormeau\" rel=\"nofollow noopener\" target=\"_blank\">Matthieu Delormeau<\/a> ne devienne l&rsquo;une des figures clivantes du PAF, notamment au sein de la bande de <a href=\"https:\/\/www.public.fr\/tag\/cyril-hanouna\" rel=\"nofollow noopener\" target=\"_blank\">Cyril Hanouna<\/a>, et avant que <a href=\"https:\/\/www.public.fr\/tag\/virginie-efira\" rel=\"nofollow noopener\" target=\"_blank\">Virginie Efira<\/a> ne s&rsquo;impose comme l&rsquo;une des actrices fran\u00e7aises les plus prim\u00e9es de sa g\u00e9n\u00e9ration<strong>, les deux se sont crois\u00e9s \u00e0 Paris dans des circonstances bien particuli\u00e8res.\u00a0<\/strong><\/p>\n<p>C&rsquo;est dans son livre <strong>Addictions : Il a suffi d&rsquo;une fois\u2026<\/strong>, sorti le 23 avril dernier, que l&rsquo;animateur de 52 ans revient sur cette p\u00e9riode m\u00e9connue de sa vie. Un t\u00e9moignage dans lequel il raconte, sans fard, comment <strong>la com\u00e9dienne belge a jou\u00e9 un r\u00f4le d\u00e9cisif dans le d\u00e9marrage de sa carri\u00e8re t\u00e9l\u00e9vis\u00e9e<\/strong>, \u00e0 une \u00e9poque o\u00f9 ni l&rsquo;un ni l&rsquo;autre n&rsquo;\u00e9tait encore ce qu&rsquo;ils allaient devenir.<\/p>\n<p><strong>Sushis nocturnes et balades en Smart : une complicit\u00e9 inattendue entre Matthieu Delormeau et Virginie Efira<\/strong><\/p>\n<p>Tout commence \u00e0 la gare. Comme le rel\u00e8vent nos confr\u00e8res de DH, <strong>Matthieu Delormeau est alors charg\u00e9 d&rsquo;accueillir Virginie Efira, fra\u00eechement d\u00e9barqu\u00e9e en France<\/strong> pour reprendre l&rsquo;\u00e9mission <strong>Absolument 80<\/strong> sur M6, apr\u00e8s le d\u00e9part pr\u00e9cipit\u00e9 de Benjamin Castaldi vers TF1.\u00a0<\/p>\n<p>Sa mission : <strong>l&rsquo;aider \u00e0 s&rsquo;installer, lui faire d\u00e9couvrir Paris, et travailler ses textes pour l&rsquo;\u00e9mission.<\/strong> Une collaboration modeste sur le papier, mais qui se transforme rapidement en une vraie complicit\u00e9. \u00ab\u00a0J&rsquo;ai \u00e9t\u00e9 la chercher \u00e0 la gare. J&rsquo;ai d\u00e9couvert une gentille nana avec l&rsquo;accent belge. On se baladait en Smart dans Paris, <strong>on bouffait des sushis la nuit dans sa chambre pendant que j&rsquo;\u00e9crivais ses textes pour l&rsquo;\u00e9mission<\/strong>\u00ab\u00a0, raconte-t-il dans l&rsquo;ouvrage.<\/p>\n<p>Le tableau est celui de deux jeunes gens anim\u00e9s par leurs ambitions respectives, loin encore de toute cons\u00e9cration. Lui voulait devenir animateur. Elle ne parlait que de cin\u00e9ma. \u00ab\u00a0Elle n&rsquo;arr\u00eatait pas de dire qu&rsquo;elle voulait faire du cin\u00e9ma. Moi, je lui disais que je voulais \u00eatre animateur\u00a0\u00bb, se souvient-il. Des r\u00eaves qui, pour l&rsquo;un comme pour l&rsquo;autre, ont fini par se r\u00e9aliser, mais pas sans que leurs chemins ne s&rsquo;entrem\u00ealent d&rsquo;abord utilement.<\/p>\n<p><strong>Un coup de pouce d\u00e9cisif pour lancer une carri\u00e8re<\/strong><\/p>\n<p>C&rsquo;est Virginie Efira qui, la premi\u00e8re, tend la main. Gr\u00e2ce \u00e0 elle, Matthieu Delormeau obtient la possibilit\u00e9 de passer un casting pour l&rsquo;\u00e9mission <strong>Nous ne sommes pas des anges<\/strong> sur Canal+, pr\u00e9sent\u00e9e par Ma\u00eftena Biraben. Il d\u00e9croche sa place, et c&rsquo;est le d\u00e9but d&rsquo;une longue histoire avec le petit \u00e9cran, celle qui le m\u00e8nera jusqu&rsquo;aux plateaux de <strong>Touche pas \u00e0 mon poste<\/strong> et <strong><a href=\"https:\/\/www.public.fr\/tag\/tout-beau-tout-9\" rel=\"nofollow noopener\" target=\"_blank\">Tout beau, tout n9uf<\/a><\/strong>.<\/p>\n<p>Mais le livre ne se limite pas \u00e0 cette p\u00e9riode lumineuse. Matthieu Delormeau y \u00e9voque aussi sa travers\u00e9e du d\u00e9sert apr\u00e8s son d\u00e9part de <strong>TPMP<\/strong> en 2023, marqu\u00e9e par des probl\u00e8mes de drogue et des d\u00e9m\u00eal\u00e9s avec la justice, ainsi que des difficult\u00e9s financi\u00e8res s\u00e9v\u00e8res : contr\u00f4le fiscal d&rsquo;un an et demi, dissolution de sa soci\u00e9t\u00e9, 21 salari\u00e9s licenci\u00e9s.\u00a0<\/p>\n<p>En septembre dernier, il avait amorc\u00e9 son retour sur le petit \u00e9cran dans Tout beau, tout neuf, aux c\u00f4t\u00e9s de <a href=\"https:\/\/vsd.fr\/tag\/cyril-hanouna\/\" rel=\"nofollow noopener\" target=\"_blank\">Cyril Hanouna<\/a>, o\u00f9 il s&rsquo;\u00e9tait d\u00e9j\u00e0 livr\u00e9 sur cette p\u00e9riode difficile. Le livre va plus loin, et replace au passage cette amiti\u00e9 de jeunesse avec Virginie Efira l\u00e0 o\u00f9 elle m\u00e9rite d&rsquo;\u00eatre : au commencement de tout.<\/p>\n<p>\n          Hits &amp; People en continu\n        <\/p>\n<p>\n          Public Radio\n        <\/p>\n<p>      Mentionn\u00e9s dans cet article<\/p>\n<p>      Sur le m\u00eame sujet<\/p>\n","protected":false},"excerpt":{"rendered":"On peut avoir du mal \u00e0 les imaginer ensemble, et pourtant. Avant que Matthieu Delormeau ne devienne l&rsquo;une&hellip;\n","protected":false},"author":2,"featured_media":946317,"comment_status":"","ping_status":"","sticky":false,"template":"","format":"standard","meta":{"footnotes":"","_share_on_mastodon":"0"},"categories":[1359],"tags":[58,59,1011,27,7830,973,549,22498,22497,13453],"class_list":["post-946316","post","type-post","status-publish","format-standard","has-post-thumbnail","category-people","tag-divertissement","tag-entertainment","tag-fr","tag-france","tag-matthieu-delormeau","tag-people","tag-touche-pas-a-mon-poste","tag-tout-9-tbt9","tag-tout-beau","tag-virginie-efira"],"share_on_mastodon":{"url":"https:\/\/pubeurope.com\/@fr\/116609101649789282","error":""},"_links":{"self":[{"href":"https:\/\/www.europesays.com\/fr\/wp-json\/wp\/v2\/posts\/946316","targetHints":{"allow":["GET"]}}],"collection":[{"href":"https:\/\/www.europesays.com\/fr\/wp-json\/wp\/v2\/posts"}],"about":[{"href":"https:\/\/www.europesays.com\/fr\/wp-json\/wp\/v2\/types\/post"}],"author":[{"embeddable":true,"href":"https:\/\/www.europesays.com\/fr\/wp-json\/wp\/v2\/users\/2"}],"replies":[{"embeddable":true,"href":"https:\/\/www.europesays.com\/fr\/wp-json\/wp\/v2\/comments?post=946316"}],"version-history":[{"count":0,"href":"https:\/\/www.europesays.com\/fr\/wp-json\/wp\/v2\/posts\/946316\/revisions"}],"wp:featuredmedia":[{"embeddable":true,"href":"https:\/\/www.europesays.com\/fr\/wp-json\/wp\/v2\/media\/946317"}],"wp:attachment":[{"href":"https:\/\/www.europesays.com\/fr\/wp-json\/wp\/v2\/media?parent=946316"}],"wp:term":[{"taxonomy":"category","embeddable":true,"href":"https:\/\/www.europesays.com\/fr\/wp-json\/wp\/v2\/categories?post=946316"},{"taxonomy":"post_tag","embeddable":true,"href":"https:\/\/www.europesays.com\/fr\/wp-json\/wp\/v2\/tags?post=946316"}],"curies":[{"name":"wp","href":"https:\/\/api.w.org\/{rel}","templated":true}]}}