{"id":94649,"date":"2025-05-12T16:32:08","date_gmt":"2025-05-12T16:32:08","guid":{"rendered":"https:\/\/www.europesays.com\/fr\/94649\/"},"modified":"2025-05-12T16:32:08","modified_gmt":"2025-05-12T16:32:08","slug":"pres-de-lyon-la-police-fait-une-inquietante-decouverte-dans-un-appartement","status":"publish","type":"post","link":"https:\/\/www.europesays.com\/fr\/94649\/","title":{"rendered":"Pr\u00e8s de Lyon. La police fait une inqui\u00e9tante d\u00e9couverte dans un appartement"},"content":{"rendered":"<p>            Par<br \/>\n        <strong><br \/>\n            <a href=\"https:\/\/actu.fr\/auteur\/julien-damboise\" title=\"Consulter tous les articles de Julien Damboise\" rel=\"nofollow noopener\" target=\"_blank\">Julien Damboise<\/a><br \/>\n        <\/strong><\/p>\n<p>        Publi\u00e9 le<\/p>\n<p>            12 mai 2025 \u00e0 18h18        <\/p>\n<p>Un gros <strong>stock d\u2019armes \u00e0 feu<\/strong> a \u00e9t\u00e9 r\u00e9cemment retrouv\u00e9 \u00e0 Villeurbanne, pr\u00e8s de <a href=\"https:\/\/actu.fr\/auvergne-rhone-alpes\/lyon_69123\" rel=\"nofollow noopener\" target=\"_blank\">Lyon<\/a>. C\u2019est dans le quartier des Buers que s\u2019est d\u00e9roul\u00e9e la saisie de la police, qui a \u00e9t\u00e9 bien aid\u00e9e par le flair d\u2019un chien. Voici ce que l\u2019on sait.<\/p>\n<p>    <a href=\"https:\/\/www.google.com\/maps\/embed?pb=!1m18!1m12!1m3!1d10192.069372367794!2d4.88257410354212!3d45.77705850432374!2m3!1f0!2f0!3f0!3m2!1i1024!2i768!4f13.1!3m3!1m2!1s0x47f4c03ee9578503%3A0x5e9d17fb719f59eb!2sBuers%2C%2069100%20Lyon!5e1!3m2!1sfr!2sfr!4v1747058731921!5m2!1sfr!2sfr\" title=\"Ouvrie le lien\" rel=\"nofollow noopener\" target=\"_blank\">Cliquez ici pour visualiser le contenu<\/a><\/p>\n<p>Une d\u00e9couverte improbable<\/p>\n<p class=\" wall-content\">Selon des informations du <a href=\"https:\/\/www.leprogres.fr\/faits-divers-justice\/2025\/05\/08\/cannabis-cocaine-et-kalachnikovs-a-villeurbanne-carton-plein-lors-d-une-operation-anti-stups\" rel=\"nofollow noopener\" target=\"_blank\">Progr\u00e8s<\/a>, confirm\u00e9es par notre r\u00e9daction, les policiers de <a href=\"https:\/\/actu.fr\/auvergne-rhone-alpes\/villeurbanne_69266\" rel=\"nofollow noopener\" target=\"_blank\">Villeurbanne<\/a> intervenaient dans le quartier du quartier des Buers quand un <strong>chien renifleur<\/strong> de drogues a marqu\u00e9 un appartement pr\u00e9cis.<\/p>\n<p class=\" wall-content\">Les forces de l\u2019ordre ont donc d\u00e9cider d\u2019aller voir ce qu\u2019il s\u2019y cachait.<\/p>\n<p>Un v\u00e9ritable arsenal<\/p>\n<p class=\" wall-content\">De l\u2019autre c\u00f4t\u00e9 de la porte, de nombreuses armes \u00e0 feu ont \u00e9t\u00e9 trouv\u00e9es. Selon une source proche du dossier, il y avait notamment des <strong>Kalachnikovs<\/strong>, des fusils d\u2019assaut parfois utilis\u00e9s dans la guerre entre narcotrafiquants. Une douzaine d\u2019armes de poing ont aussi \u00e9t\u00e9 saisies.<\/p>\n<p>Vid\u00e9os : en ce moment sur Actu<\/p>\n<p class=\" wall-content\">Dans l\u2019appartement transform\u00e9 en inqui\u00e9tant rep\u00e8re, de la drogue a aussi \u00e9t\u00e9 d\u00e9couverte, avec au moins un kilo de coca\u00efne et du <a href=\"https:\/\/actu.fr\/auvergne-rhone-alpes\/corbas_69273\/pres-de-lyon-la-police-arrete-un-camion-charge-comme-rarement-une-prise-exceptionnelle_62525728.html\" rel=\"nofollow noopener\" target=\"_blank\">cannabis<\/a>.<\/p>\n<p class=\" wall-content\">Questionn\u00e9 sur les gardes \u00e0 vue en cours, le parquet de Lyon n\u2019a pas encore donn\u00e9 de r\u00e9ponse. Une <strong>enqu\u00eate<\/strong> est en tout cas bel et bien ouverte.\u00a0<\/p>\n<p class=\" wall-content\">Suivez toute l\u2019actualit\u00e9 de vos villes et m\u00e9dias favoris en vous inscrivant \u00e0 <a href=\"https:\/\/moncompte.actu.fr\" title=\"D\u00e9couvez Mon Actu\" rel=\"nofollow noopener\" data-trk=\"{&quot;cta&quot;:{&quot;action&quot;:&quot;https:\\\/\\\/moncompte.actu.fr&quot;,&quot;category&quot;:&quot;mon compte&quot;,&quot;from&quot;:&quot;article footer&quot;,&quot;name&quot;:&quot;Mon actu&quot;,&quot;type&quot;:&quot;cta&quot;}}\" target=\"_blank\">Mon Actu<\/a>.<\/p>\n","protected":false},"excerpt":{"rendered":"Par Julien Damboise Publi\u00e9 le 12 mai 2025 \u00e0 18h18 Un gros stock d\u2019armes \u00e0 feu a \u00e9t\u00e9&hellip;\n","protected":false},"author":2,"featured_media":94650,"comment_status":"","ping_status":"","sticky":false,"template":"","format":"standard","meta":{"footnotes":""},"categories":[1889],"tags":[1111,11,2430,1777,674,118,1011,27,2428,813,12,1072,25],"class_list":{"0":"post-94649","1":"post","2":"type-post","3":"status-publish","4":"format-standard","5":"has-post-thumbnail","7":"category-lyon","8":"tag-actu","9":"tag-actualites","10":"tag-auvergne-rhone-alpes","11":"tag-eu","12":"tag-europe","13":"tag-faits-divers","14":"tag-fr","15":"tag-france","16":"tag-lyon","17":"tag-narcotrafiquants","18":"tag-news","19":"tag-police","20":"tag-republique-francaise"},"share_on_mastodon":{"url":"https:\/\/pubeurope.com\/@fr\/114495825109021694","error":""},"_links":{"self":[{"href":"https:\/\/www.europesays.com\/fr\/wp-json\/wp\/v2\/posts\/94649","targetHints":{"allow":["GET"]}}],"collection":[{"href":"https:\/\/www.europesays.com\/fr\/wp-json\/wp\/v2\/posts"}],"about":[{"href":"https:\/\/www.europesays.com\/fr\/wp-json\/wp\/v2\/types\/post"}],"author":[{"embeddable":true,"href":"https:\/\/www.europesays.com\/fr\/wp-json\/wp\/v2\/users\/2"}],"replies":[{"embeddable":true,"href":"https:\/\/www.europesays.com\/fr\/wp-json\/wp\/v2\/comments?post=94649"}],"version-history":[{"count":0,"href":"https:\/\/www.europesays.com\/fr\/wp-json\/wp\/v2\/posts\/94649\/revisions"}],"wp:featuredmedia":[{"embeddable":true,"href":"https:\/\/www.europesays.com\/fr\/wp-json\/wp\/v2\/media\/94650"}],"wp:attachment":[{"href":"https:\/\/www.europesays.com\/fr\/wp-json\/wp\/v2\/media?parent=94649"}],"wp:term":[{"taxonomy":"category","embeddable":true,"href":"https:\/\/www.europesays.com\/fr\/wp-json\/wp\/v2\/categories?post=94649"},{"taxonomy":"post_tag","embeddable":true,"href":"https:\/\/www.europesays.com\/fr\/wp-json\/wp\/v2\/tags?post=94649"}],"curies":[{"name":"wp","href":"https:\/\/api.w.org\/{rel}","templated":true}]}}