{"id":946837,"date":"2026-05-21T03:37:14","date_gmt":"2026-05-21T03:37:14","guid":{"rendered":"https:\/\/www.europesays.com\/fr\/946837\/"},"modified":"2026-05-21T03:37:14","modified_gmt":"2026-05-21T03:37:14","slug":"grande-braderie-solidaire-a-vaulx-en-velin","status":"publish","type":"post","link":"https:\/\/www.europesays.com\/fr\/946837\/","title":{"rendered":"Grande braderie solidaire \u00e0 Vaulx-en-Velin"},"content":{"rendered":"<p>Rendez-vous les jeudi 5 et vendredi 6 juin 2026 de 9h30 \u00e0 17h, 72 avenue Franklin Roosevelt \u00e0 Vaulx-en-Velin.<\/p>\n<p>L&rsquo;association Oasis d&rsquo;Amour\u00a0organise une grande <b>braderie solidaire<\/b> les 5 et 6 juin \u00e0 Vaulx-en-Velin afin de soutenir ses \u00e9piceries sociales ainsi que les familles accompagn\u00e9es par l&rsquo;association.<\/p>\n<p>L&rsquo;occasion parfaite pour trouver v\u00eatements, jeux, d\u00e9coration, jardinage, barbecue, produits d&rsquo;\u00e9t\u00e9 et de nombreux articles neufs qui seront propos\u00e9s \u00e0 petits prix. Le tout dans une ambiance <b>conviviale et solidaire<\/b> !<br \/>Les fonds r\u00e9colt\u00e9s permettront de financer l&rsquo;achat de denr\u00e9es alimentaires pour les \u00e9piceries sociales de l&rsquo;association. <\/p>\n<p>Rendez-vous les jeudi 5 et vendredi 6 juin 2026 de 9h30 \u00e0 17h, 72 avenue Franklin Roosevelt \u00e0 Vaulx-en-Velin.<\/p>\n<p>Infos pratiques :<br \/>Une restauration sur place sera propos\u00e9e tout au long de la journ\u00e9e.<br \/>Dates : les jeudi 5 et vendredi 6 juin <br \/>Horaires : de 9h30 \u00e0 17h <br \/>Lieu : 72 avenue Franklin Roosevelt \u00e0 Vaulx-en-Velin.<\/p>\n<p>Plus d&rsquo;infos sur la <a class=\"url\" href=\"https:\/\/www.instagram.com\/associationoasisdamour\/\" target=\"_blank\" rel=\"nofollow noopener\">page Instagram<\/a> et la <a class=\"url\" href=\"https:\/\/www.facebook.com\/Oasisdamour\" target=\"_blank\" rel=\"nofollow noopener\">page Facebook<\/a> de l&rsquo;association !<\/p>\n<p>Radio SCOOP est partenaire de l&rsquo;\u00e9v\u00e8nement<\/p>\n<tr>\n<td class=\"defaut\"><a href=\"https:\/\/www.radioscoop.com\/agenda\/javascript:void(0)\" onclick=\"parent.RS.diaporama.addMedia(739358) ;\" rel=\"nofollow noopener\" target=\"_blank\"><img loading=\"lazy\" decoding=\"async\" src=\"https:\/\/www.europesays.com\/fr\/wp-content\/uploads\/2026\/05\/1779334634_368_img.jpeg\" width=\"452\" height=\"640\" border=\"0\" title=\"yvuo\"\/><\/a><\/td>\n<\/tr>\n<p>\n<script async src=\"\/\/www.instagram.com\/embed.js\"><\/script><\/p>\n","protected":false},"excerpt":{"rendered":"Rendez-vous les jeudi 5 et vendredi 6 juin 2026 de 9h30 \u00e0 17h, 72 avenue Franklin Roosevelt \u00e0&hellip;\n","protected":false},"author":2,"featured_media":946838,"comment_status":"","ping_status":"","sticky":false,"template":"","format":"standard","meta":{"footnotes":"","_share_on_mastodon":"0"},"categories":[1889],"tags":[1111,11,4077,2430,17804,1777,674,1011,27,2428,18005,12,25,12280,16479,5070],"class_list":["post-946837","post","type-post","status-publish","format-standard","has-post-thumbnail","category-lyon","tag-actu","tag-actualites","tag-association","tag-auvergne-rhone-alpes","tag-braderie","tag-eu","tag-europe","tag-fr","tag-france","tag-lyon","tag-march","tag-news","tag-republique-francaise","tag-solidaire","tag-solidarit","tag-vaulx-en-velin"],"share_on_mastodon":{"url":"https:\/\/pubeurope.com\/@fr\/116610482051136442","error":""},"_links":{"self":[{"href":"https:\/\/www.europesays.com\/fr\/wp-json\/wp\/v2\/posts\/946837","targetHints":{"allow":["GET"]}}],"collection":[{"href":"https:\/\/www.europesays.com\/fr\/wp-json\/wp\/v2\/posts"}],"about":[{"href":"https:\/\/www.europesays.com\/fr\/wp-json\/wp\/v2\/types\/post"}],"author":[{"embeddable":true,"href":"https:\/\/www.europesays.com\/fr\/wp-json\/wp\/v2\/users\/2"}],"replies":[{"embeddable":true,"href":"https:\/\/www.europesays.com\/fr\/wp-json\/wp\/v2\/comments?post=946837"}],"version-history":[{"count":0,"href":"https:\/\/www.europesays.com\/fr\/wp-json\/wp\/v2\/posts\/946837\/revisions"}],"wp:featuredmedia":[{"embeddable":true,"href":"https:\/\/www.europesays.com\/fr\/wp-json\/wp\/v2\/media\/946838"}],"wp:attachment":[{"href":"https:\/\/www.europesays.com\/fr\/wp-json\/wp\/v2\/media?parent=946837"}],"wp:term":[{"taxonomy":"category","embeddable":true,"href":"https:\/\/www.europesays.com\/fr\/wp-json\/wp\/v2\/categories?post=946837"},{"taxonomy":"post_tag","embeddable":true,"href":"https:\/\/www.europesays.com\/fr\/wp-json\/wp\/v2\/tags?post=946837"}],"curies":[{"name":"wp","href":"https:\/\/api.w.org\/{rel}","templated":true}]}}