{"id":946867,"date":"2026-05-21T03:55:16","date_gmt":"2026-05-21T03:55:16","guid":{"rendered":"https:\/\/www.europesays.com\/fr\/946867\/"},"modified":"2026-05-21T03:55:16","modified_gmt":"2026-05-21T03:55:16","slug":"f1-le-grand-prix-de-france-historique-un-cru-magistral-en-photos","status":"publish","type":"post","link":"https:\/\/www.europesays.com\/fr\/946867\/","title":{"rendered":"F1 Le Grand-Prix de France historique : un cru magistral en photos !"},"content":{"rendered":"<p>Alors que notre r\u00e9daction \u00e9tait du voyage dans le Sud de la France, sur le circuit du Paul Ricard, \u00e0 l\u2019occasion du Grand-Prix de France F1 historique, il est temps de vous r\u00e9v\u00e9ler nos clich\u00e9s, captur\u00e9s sur l\u2019\u00e9v\u00e9nement. Remerciements, au passage, \u00e0 l\u2019auteur de ces photos illustrant parfaitement l\u2019\u00e9v\u00e9nement, Yann Villaret.<\/p>\n<p>Article publi\u00e9 le 21\/05\/2026 \u00e0 5h35<\/p>\n<p>                                            <img loading=\"lazy\" alt=\"\" class=\"avatar avatar-100 photo lazyload\" height=\"100\" width=\"100\" decoding=\"async\" src=\"https:\/\/www.europesays.com\/fr\/wp-content\/uploads\/2026\/05\/1779335716_703_ffbb894c35ea5189d599d4ea062c98b86ffb67cc602fa683ebcbf422a80fc47a.png\"  data-eio-rwidth=\"100\" data-eio-rheight=\"100\"\/><\/p>\n<p class=\"h2\">\n                                            Julien Barthet\n                                        <\/p>\n<p>R\u00e9dacteur professionnel (titulaire de la carte de presse pendant 3 ans), je suis le Fondateur, Directeur et R\u00e9dacteur en chef des magazines <a href=\"https:\/\/lemagsportauto.ouest-france.fr\/\" rel=\"nofollow noopener\" target=\"_blank\">Le Mag Sport Auto<\/a>, <a href=\"https:\/\/www.lemagautoprestige.com\/\" rel=\"nofollow noopener\" target=\"_blank\">Le Mag Auto Prestige<\/a> et <a href=\"https:\/\/lemagjeuxhightech.com\/\" rel=\"nofollow noopener\" target=\"_blank\">Le Mag Jeux High-Tech<\/a>.<\/p>\n<p><strong>Exp\u00e9rience de Pilote Automobile<\/strong> : Fort d&rsquo;une solide exp\u00e9rience en comp\u00e9tition avec 55 courses au compteur, j&rsquo;ai \u00e9volu\u00e9 dans diverses cat\u00e9gories :&#13;<br \/>\n<br \/><strong>Monoplace &amp; Circuit<\/strong> : Formule Ford &#8211; F. Campus &#8211; Mitjet&#13;<br \/>\n<br \/><strong>Berlines &amp; Coupes de marque<\/strong> : Coupe 206 (Sprint et Relais) &#8211; Saxo &#8211; Ford Fiesta Allemagne&#13;<br \/>\n<br \/><strong>Palmar\u00e8s<\/strong> : 1 Victoire&#13;\n<\/p>\n<p>J&rsquo;ai \u00e9galement r\u00e9alis\u00e9 de nombreux essais techniques sur des v\u00e9hicules de haut niveau, notamment en F3, Nascar Euro, Caterham et Formule Renault.&#13;<br \/>\n<br \/>&#13;<br \/>\nEnfin, j&rsquo;ai r\u00e9cemment \u00e9t\u00e9 intervenant en tant que sp\u00e9cialiste F1 sur l&rsquo;\u00e9mission de Thomas Hugues, sur la cha\u00eene TV B Smart. Retrouvez-moi sur <a href=\"https:\/\/www.linkedin.com\/in\/julienbarthet\/\" rel=\"nofollow noopener\" target=\"_blank\">LinkedIn<\/a>, <a href=\"https:\/\/x.com\/Julien133\" rel=\"nofollow\">X<\/a>, <a href=\"https:\/\/www.tiktok.com\/@julien.barthet.le\" rel=\"nofollow noopener\" target=\"_blank\">TikTok<\/a>, <a href=\"https:\/\/www.youtube.com\/c\/Lemagsportauto\" rel=\"nofollow noopener\" target=\"_blank\">YouTube<\/a><\/p>\n<p>                                                                                                                            <a href=\"https:\/\/lemagsportauto.ouest-france.fr\/author\/lmsa_adm\/\" title=\"Julien Barthet\" rel=\"nofollow noopener\" target=\"_blank\"><br \/>\n                                                Voir les publications de l&rsquo;auteur<br \/>\n                                            <\/a><\/p>\n<p>                                <script async src=\"\/\/www.tiktok.com\/embed.js\"><\/script><\/p>\n","protected":false},"excerpt":{"rendered":"Alors que notre r\u00e9daction \u00e9tait du voyage dans le Sud de la France, sur le circuit du Paul&hellip;\n","protected":false},"author":2,"featured_media":946868,"comment_status":"","ping_status":"","sticky":false,"template":"","format":"standard","meta":{"footnotes":"","_share_on_mastodon":"0"},"categories":[4],"tags":[11,1451,1011,27,12,99157,25],"class_list":["post-946867","post","type-post","status-publish","format-standard","has-post-thumbnail","category-france","tag-actualites","tag-f1","tag-fr","tag-france","tag-news","tag-paul-ricard","tag-republique-francaise"],"share_on_mastodon":{"url":"https:\/\/pubeurope.com\/@fr\/116610552881123919","error":""},"_links":{"self":[{"href":"https:\/\/www.europesays.com\/fr\/wp-json\/wp\/v2\/posts\/946867","targetHints":{"allow":["GET"]}}],"collection":[{"href":"https:\/\/www.europesays.com\/fr\/wp-json\/wp\/v2\/posts"}],"about":[{"href":"https:\/\/www.europesays.com\/fr\/wp-json\/wp\/v2\/types\/post"}],"author":[{"embeddable":true,"href":"https:\/\/www.europesays.com\/fr\/wp-json\/wp\/v2\/users\/2"}],"replies":[{"embeddable":true,"href":"https:\/\/www.europesays.com\/fr\/wp-json\/wp\/v2\/comments?post=946867"}],"version-history":[{"count":0,"href":"https:\/\/www.europesays.com\/fr\/wp-json\/wp\/v2\/posts\/946867\/revisions"}],"wp:featuredmedia":[{"embeddable":true,"href":"https:\/\/www.europesays.com\/fr\/wp-json\/wp\/v2\/media\/946868"}],"wp:attachment":[{"href":"https:\/\/www.europesays.com\/fr\/wp-json\/wp\/v2\/media?parent=946867"}],"wp:term":[{"taxonomy":"category","embeddable":true,"href":"https:\/\/www.europesays.com\/fr\/wp-json\/wp\/v2\/categories?post=946867"},{"taxonomy":"post_tag","embeddable":true,"href":"https:\/\/www.europesays.com\/fr\/wp-json\/wp\/v2\/tags?post=946867"}],"curies":[{"name":"wp","href":"https:\/\/api.w.org\/{rel}","templated":true}]}}