{"id":94689,"date":"2025-05-12T16:55:08","date_gmt":"2025-05-12T16:55:08","guid":{"rendered":"https:\/\/www.europesays.com\/fr\/94689\/"},"modified":"2025-05-12T16:55:08","modified_gmt":"2025-05-12T16:55:08","slug":"deux-pilotes-moto-gp-de-renommee-mondiale-attendus-dans-cette-concession-pres-de-caen","status":"publish","type":"post","link":"https:\/\/www.europesays.com\/fr\/94689\/","title":{"rendered":"Deux pilotes Moto GP de renomm\u00e9e mondiale attendus dans cette concession pr\u00e8s de Caen\u00a0!"},"content":{"rendered":"<p>            Par<br \/>\n        <strong><br \/>\n            <a href=\"https:\/\/actu.fr\/auteur\/mathis-guerineaud\" title=\"Consulter tous les articles de Mathis Guerineaud\" target=\"_blank\" rel=\"noopener\">Mathis Guerineaud<\/a><br \/>\n        <\/strong><\/p>\n<p>        Publi\u00e9 le<\/p>\n<p>            12 mai 2025 \u00e0 18h14        <\/p>\n<p><b>Un parfum de Grand Prix<\/b> va souffler sur le Calvados le samedi 17 mai 2025, avec la venue exceptionnelle de deux pilotes du championnat du monde MotoGP \u00e0 <b>Bi\u00e9ville-Beuville (Calvados). <\/b>Le magasin Maxxess Caen\u00a0accueillera <b>deux pilotes<\/b>\u00a0actuellement engag\u00e9s dans le <b>championnat du monde de MotoGP<\/b>, le sud-africain <b>Brad Binder<\/b> (pilote KTM) et le portugais <b>Miguel Oliveira<\/b> (pilote Yamaha)\u00a0pour une rencontre exceptionnelle avec le public.<\/p>\n<p>Un \u00e9v\u00e8nement sans pr\u00e9c\u00e9dent<\/p>\n<p class=\" wall-content\"><b>C\u2019est une premi\u00e8re en Normandie<\/b> : deux figures du paddock MotoGP feront \u00e9tape dans le Calvados, pour un apr\u00e8s-midi plac\u00e9 sous le signe de la passion moto. L\u2019\u00e9v\u00e9nement est organis\u00e9 avec le soutien de <b>l\u2019\u00e9quipementier international Ixon<\/b>, partenaire des deux pilotes. La rencontre se tiendra <b>de 14h \u00e0 17h<\/b> et est <b>gratuit et ouvert \u00e0 tous, sans inscription pr\u00e9alable.<\/b><\/p>\n<p>D\u00e9dicaces, sensations fortes et exp\u00e9riences exclusives<\/p>\n<p class=\" wall-content\">L\u2019apr\u00e8s-midi promet d\u2019\u00eatre riche en \u00e9motions avec <b>un programme vari\u00e9<\/b> : une s\u00e9ance de d\u00e9dicaces ouverte \u00e0 tous permettra de rencontrer les pilotes, tandis que les amateurs de vitesse pourront tester leur talent sur les simulateurs MotoGP install\u00e9s pour l\u2019occasion.<\/p>\n<p class=\" wall-content\">En parall\u00e8le, des d\u00e9monstrations de d\u00e9clenchement de gilets airbag viendront illustrer l\u2019importance de la s\u00e9curit\u00e9 en course comme sur route. Les clients VIP auront quant \u00e0 eux la chance de vivre un moment privil\u00e9gi\u00e9 dans le camion officiel MotoGP, en immersion totale dans l\u2019univers de la comp\u00e9tition.<\/p>\n<p>Une escale caennaise apr\u00e8s Le\u00a0Mans<\/p>\n<p class=\" wall-content\">Cette rencontre exceptionnelle s\u2019inscrit quelques jours apr\u00e8s le <b>Grand Prix de France MotoGP<\/b>, qui s\u2019est disput\u00e9 le dimanche 11 mai sur le circuit Bugatti du Mans. Une semaine plus tard, Caen accueillera \u00e0 son tour ces deux stars du paddock, dans une <b>ambiance conviviale et passionn\u00e9e<\/b>.<\/p>\n<p>Vid\u00e9os : en ce moment sur Actu<\/p>\n<p class=\" wall-content\">Les passionn\u00e9s de moto, amateurs ou chevronn\u00e9s, ont donc rendez-vous le samedi 17 mai \u00e0 Bi\u00e9ville-Beuville pour un moment rare aux c\u00f4t\u00e9s de deux grands noms de la discipline.<\/p>\n<p class=\" wall-content\">Suivez toute l\u2019actualit\u00e9 de vos villes et m\u00e9dias favoris en vous inscrivant \u00e0 <a href=\"https:\/\/moncompte.actu.fr\" title=\"D\u00e9couvez Mon Actu\" rel=\"nofollow noopener\" data-trk=\"{&quot;cta&quot;:{&quot;action&quot;:&quot;https:\\\/\\\/moncompte.actu.fr&quot;,&quot;category&quot;:&quot;mon compte&quot;,&quot;from&quot;:&quot;article footer&quot;,&quot;name&quot;:&quot;Mon actu&quot;,&quot;type&quot;:&quot;cta&quot;}}\" target=\"_blank\">Mon Actu<\/a>.<\/p>\n","protected":false},"excerpt":{"rendered":"Par Mathis Guerineaud Publi\u00e9 le 12 mai 2025 \u00e0 18h14 Un parfum de Grand Prix va souffler sur&hellip;\n","protected":false},"author":2,"featured_media":94690,"comment_status":"","ping_status":"","sticky":false,"template":"","format":"standard","meta":{"footnotes":""},"categories":[1413],"tags":[1011,27,1457,1456,1745,60,10200],"class_list":{"0":"post-94689","1":"post","2":"type-post","3":"status-publish","4":"format-standard","5":"has-post-thumbnail","7":"category-moto","8":"tag-fr","9":"tag-france","10":"tag-moto","11":"tag-motocycle","12":"tag-sport-caen","13":"tag-sports","14":"tag-sports-mecaniques"},"share_on_mastodon":{"url":"https:\/\/pubeurope.com\/@fr\/114495915560649294","error":""},"_links":{"self":[{"href":"https:\/\/www.europesays.com\/fr\/wp-json\/wp\/v2\/posts\/94689","targetHints":{"allow":["GET"]}}],"collection":[{"href":"https:\/\/www.europesays.com\/fr\/wp-json\/wp\/v2\/posts"}],"about":[{"href":"https:\/\/www.europesays.com\/fr\/wp-json\/wp\/v2\/types\/post"}],"author":[{"embeddable":true,"href":"https:\/\/www.europesays.com\/fr\/wp-json\/wp\/v2\/users\/2"}],"replies":[{"embeddable":true,"href":"https:\/\/www.europesays.com\/fr\/wp-json\/wp\/v2\/comments?post=94689"}],"version-history":[{"count":0,"href":"https:\/\/www.europesays.com\/fr\/wp-json\/wp\/v2\/posts\/94689\/revisions"}],"wp:featuredmedia":[{"embeddable":true,"href":"https:\/\/www.europesays.com\/fr\/wp-json\/wp\/v2\/media\/94690"}],"wp:attachment":[{"href":"https:\/\/www.europesays.com\/fr\/wp-json\/wp\/v2\/media?parent=94689"}],"wp:term":[{"taxonomy":"category","embeddable":true,"href":"https:\/\/www.europesays.com\/fr\/wp-json\/wp\/v2\/categories?post=94689"},{"taxonomy":"post_tag","embeddable":true,"href":"https:\/\/www.europesays.com\/fr\/wp-json\/wp\/v2\/tags?post=94689"}],"curies":[{"name":"wp","href":"https:\/\/api.w.org\/{rel}","templated":true}]}}