{"id":94691,"date":"2025-05-12T16:56:15","date_gmt":"2025-05-12T16:56:15","guid":{"rendered":"https:\/\/www.europesays.com\/fr\/94691\/"},"modified":"2025-05-12T16:56:15","modified_gmt":"2025-05-12T16:56:15","slug":"suppression-de-la-lfp-droits-tv-masse-salariale-le-plan-choc-du-president-de-la-fff-philippe-diallo-pour-revolutionner-le-football-francais","status":"publish","type":"post","link":"https:\/\/www.europesays.com\/fr\/94691\/","title":{"rendered":"Suppression de la LFP, droits TV, masse salariale\u2026 Le plan choc du pr\u00e9sident de la FFF Philippe Diallo pour r\u00e9volutionner le football fran\u00e7ais"},"content":{"rendered":"<p>Le pr\u00e9sident de la F\u00e9d\u00e9ration fran\u00e7aise a d\u00e9voil\u00e9 des mesures pour tenter de sortir le football professionnel de la crise.<\/p>\n<p class=\"fig-paragraph\">Face \u00e0 la crise, place aux grandes man\u0153uvres. Si la semaine qui vient de s\u2019\u00e9couler fut majestueuse avec la\u00a0<a href=\"http:\/\/www.lefigaro.fr\/sports\/football\/ligue-des-champions\/psg-arsenal-sir-alex-ferguson-nouvelle-ere-john-textor-discours-de-nasser-al-khelaifi-les-coulisses-d-une-soiree-pour-l-histoire-20250508\" data-fig-type=\"NewsFlash\" data-gtm-custom-categorie=\"navigation\" data-gtm-custom-action=\"crossclick\" data-gtm-custom-label=\"Contextuel\" data-gtm-event=\"customEventSPE\" data-fig-domain=\"LEFIGARO\" target=\"_blank\" rel=\"noopener\">qualification en finale de la Ligue des champions du Paris SG<\/a>\u00a0et un rendez-vous historique face \u00e0 l\u2019Inter Milan le 31\u00a0mai \u00e0 Munich, cela n\u2019emp\u00eache pas de garder \u00e0 l\u2019esprit le tableau d\u2019ensemble catastrophique du football professionnel fran\u00e7ais. Le feu couve \u00e0 tous les \u00e9tages. Entre une image d\u00e9grad\u00e9e par des conflits multiples et des guerres intestines interminables, une Ligue\u00a01 quasi-invisible, la\u00a0<a href=\"http:\/\/www.lefigaro.fr\/medias\/droits-tv-les-pertes-abyssales-de-dazn-sur-la-ligue-1-precipitent-le-foot-francais-dans-un-grand-flou-20250409\" target=\"_blank\" data-fig-type=\"Article\" rel=\"noopener\" data-gtm-custom-categorie=\"navigation\" data-gtm-custom-action=\"crossclick\" data-gtm-custom-label=\"Contextuel\" data-gtm-event=\"customEventSPE\" data-fig-domain=\"LEFIGARO\">baisse colossale des droits TV<\/a>, l\u2019incertitude audiovisuelle qui plane sur la saison prochaine, le piratage ou encore le d\u00e9ficit des clubs estim\u00e9s \u00e0 1,3\u00a0milliard par la DNCG (Direction nationale du contr\u00f4le de gestion), la situation globale fait peur \u00e0 voir.\u00a0Le pr\u00e9cipice n\u2019a jamais \u00e9t\u00e9 aussi proche. Des clubs flirtent avec la banqueroute.<\/p>\n<p class=\"fig-paragraph\">Aux grands maux, les grands rem\u00e8des\u00a0: Philippe Diallo tente de frapper fort et de marquer les esprits. Il l\u2019a annonc\u00e9 ce lundi au si\u00e8ge de la F\u00e9d\u00e9ration fran\u00e7aise de football (FFF) au cours d\u2019une conf\u00e9rence de presse. Avec ni plus, ni moins, la volont\u00e9, entre autres, de supprimer la Ligue de football professionnel, en la rempla\u00e7ant par une soci\u00e9t\u00e9 commerciale de clubs. Apr\u00e8s avoir consult\u00e9, \u00e9cout\u00e9 et analys\u00e9 les retours des trois groupes de travail autour de la gouvernance, la r\u00e9gulation financi\u00e8re ou le d\u00e9veloppement \u00e9conomique, Philippe Diallo, avec l\u2019appui de la ministre des Sports, Marie Barsacq, pr\u00e9sente \u00e0 ses c\u00f4t\u00e9s, lance des propositions qu\u2019il souhaite voir valid\u00e9es par les diff\u00e9rents acteurs. \u00c9tats des lieux d\u2019une s\u00e9quence qui peut chambouler l\u2019avenir du football professionnel fran\u00e7ais.<\/p>\n<p class=\"fig-body-link\">\n            \u00c0 lire aussi<br \/>\n        <a class=\"fig-body-link__link fig-premium-mark\" href=\"http:\/\/www.lefigaro.fr\/sports\/football\/ligue-1\/psg-c-est-une-sorte-de-puzzle-comment-luis-enrique-va-gerer-son-effectif-avant-les-finales-20250509\" target=\"_blank\" data-fig-type=\"NewsFlash\" rel=\"noopener\" data-gtm-custom-categorie=\"navigation\" data-gtm-custom-action=\"crossclick\" data-gtm-custom-label=\"Contextuel\" data-gtm-event=\"customEventSPE\" data-fig-domain=\"LEFIGARO\">PSG\u00a0: \u00abC\u2019est une sorte de puzzle\u00bb, comment Luis Enrique va g\u00e9rer son effectif avant la Ligue des champions<br \/>\n    <\/a>\n<\/p>\n<p><strong>Une r\u00e9forme profonde du football fran\u00e7ais<\/strong><\/p>\n<p class=\"fig-paragraph\">\u00ab\u00a0Ce n\u2019est pas de la cosm\u00e9tique, c\u2019est un projet de rupture, innovant qui vise \u00e0 mettre les conditions d\u2019un futur rebond du football professionnel\u00a0\u00bb, annonce le pr\u00e9sident de la FFF, r\u00e9\u00e9lu en d\u00e9cembre dernier pour un mandat de quatre ans (2024-2028). La volont\u00e9 de ce dernier est claire\u00a0: r\u00e9former en profondeur. \u00ab\u00a0Ce n\u2019est pas une question d\u2019hommes, mais d\u2019architecture\u00a0\u00bb, pr\u00e9vient-il, sans citer le nom de Vincent Labrune, dont l\u2019avenir semble plus que condamn\u00e9 si les r\u00e9formes passent.<\/p>\n<p class=\"fig-paragraph\">\u00ab\u00a0Je propose des visions, une alternative, et ce que je fais, l\u00e0, aurait d\u00fb \u00eatre fait par la Ligue. C\u2019est elle qui aurait d\u00fb mener ce d\u00e9bat pour savoir comment sortir de la crise. Je me suis aper\u00e7u que ce n\u2019\u00e9tait pas possible parce qu\u2019il y avait trop de dissensions, alors je prends mes responsabilit\u00e9s. Et pas simplement pour mettre des rustines \u00e0 droite ou \u00e0 gauche car cela fait quatre ou cinq ans que l\u2019on est en difficult\u00e9 et que l\u2019on prend de mauvaises d\u00e9cisions.\u00a0\u00bb<\/p>\n<p class=\"fig-paragraph\">Avec un football professionnel fran\u00e7ais au bord du gouffre, Philippe Diallo a tenu \u00e0 d\u00e9voiler ses mesures phares. Le temps presse car, le 10\u00a0juin prochain, le S\u00e9nat examine une proposition de loi des s\u00e9nateurs Michel Savin (LR) et Laurent Lafon (UDI) sur la gouvernance du sport professionnel. Diallo, en fin politique, a son plan en t\u00eate, tout comme un calendrier bien pr\u00e9cis pour imaginer football de demain. Et stopper la spirale infernale.<\/p>\n<p class=\"fig-paragraph\">D\u00e9bat au S\u00e9nat en juin, puis \u00e0 l\u2019Assembl\u00e9e nationale et un vote \u00ab\u00a0avant la fin de l\u2019ann\u00e9e 2025\u00a0\u00bb avec une ex\u00e9cution de la loi \u00ab\u00a0au mieux lors de la saison 2026-2027\u00a0\u00bb. Et le successeur de\u00a0<a href=\"http:\/\/www.lefigaro.fr\/sports\/football\/foot-noel-le-graet-renonce-au-recours-contre-le-rapport-d-inspection-qui-avait-precipite-sa-chute-20250403\" target=\"_blank\" data-fig-type=\"NewsFlash\" rel=\"noopener\" data-gtm-custom-categorie=\"navigation\" data-gtm-custom-action=\"crossclick\" data-gtm-custom-label=\"Contextuel\" data-gtm-event=\"customEventSPE\" data-fig-domain=\"LEFIGARO\">No\u00ebl Le Gra\u00ebt<\/a>\u00a0d\u2019ajouter\u00a0: \u00ab\u00a0Si le football fran\u00e7ais est d\u2019accord, d\u00e8s le 12 au soir, nous entamerons les d\u00e9marches n\u00e9cessaires pour faire en sorte de convaincre la repr\u00e9sentation parlementaire de porter les dispositions qui permettent la mise en \u0153uvre effective de ce projet. Ce dispositif ne peut \u00eatre mis en \u0153uvre que si la proposition de loi est vot\u00e9e.\u00a0\u00bb<\/p>\n<p class=\"fig-body-link\">\n            \u00c0 lire aussi<br \/>\n        <a class=\"fig-body-link__link fig-premium-mark\" href=\"http:\/\/www.lefigaro.fr\/sports\/football\/cameras-embarquees-surveillance-des-domiciles-le-plan-de-bataille-de-la-fff-pour-lutter-contre-les-violences-envers-les-arbitres-20250418\" target=\"_blank\" data-fig-type=\"NewsFlash\" rel=\"noopener\" data-gtm-custom-categorie=\"navigation\" data-gtm-custom-action=\"crossclick\" data-gtm-custom-label=\"Contextuel\" data-gtm-event=\"customEventSPE\" data-fig-domain=\"LEFIGARO\">Cam\u00e9ras embarqu\u00e9es, surveillance des domiciles&#8230; Le plan de bataille de la FFF pour lutter contre les violences envers les arbitres<br \/>\n    <\/a>\n<\/p>\n<p><strong>Suppression de la LFP et passage \u00e0 une soci\u00e9t\u00e9 commerciale de clubs<\/strong><\/p>\n<p class=\"fig-paragraph\">C\u2019est la proposition phare qui sera la plus comment\u00e9e. Philippe Diallo souhaite que la FFF soit directement li\u00e9e \u00e0 une soci\u00e9t\u00e9 commerciale de clubs, et valider ainsi la suppression\/dissolution de la Ligue de football professionnel (LFP). Passer d\u2019une Ligue qui \u00e9tait une association loi 1901 \u00e0 une soci\u00e9t\u00e9 commerciale entra\u00eenerait des cons\u00e9quences profondes, en termes d\u2019image et de refonte. Pour un bouleversement total de l\u2019architecture du football fran\u00e7ais. Diallo sauterait sur l\u2019occasion de la proposition de loi qui permettrait aux f\u00e9d\u00e9rations de retirer aux ligues professionnelles la \u00ab\u00a0subd\u00e9l\u00e9gation de service public\u00a0\u00bb qu\u2019elles exercent en cas notamment de \u00ab\u00a0manquement \u00e0 l\u2019int\u00e9r\u00eat g\u00e9n\u00e9ral de la discipline\u00a0\u00bb ou encore de \u00ab\u00a0difficult\u00e9 s\u00e9rieuse de financement des activit\u00e9s sportives\u00a0\u00bb.<\/p>\n<p>    Marie Barsacq et Philippe Diallo.<br \/>\n                Baptiste Desprez<\/p>\n<p class=\"fig-paragraph\">La LFP coche toutes les cases avec sa mauvaise gestion des derni\u00e8res ann\u00e9es. \u00ab\u00a0Cela veut dire que, demain, il n\u2019y aura plus de pr\u00e9sident \u00e9lu \u00e0 la Ligue puisque je d\u00e9sire que le management soit constitu\u00e9 de professionnels r\u00e9mun\u00e9r\u00e9s pour diriger cette future entit\u00e9\u00a0\u00bb, avance le pr\u00e9sident, solide sur ses appuis et qui d\u00e9fend l\u2019id\u00e9e d\u2019une \u00ab\u00a0Premier League \u00e0 la fran\u00e7aise\u00a0\u00bb. \u00ab\u00a0Il faut que chacun passe au-dessus de ses int\u00e9r\u00eats individuels pour voir ce qui est bon pour le futur de notre football\u00a0\u00bb, persiste-t-il. Vincent Labrune appr\u00e9ciera.<\/p>\n<p>Quid de Vincent Labrune et de Nicolas de Tavernost\u00a0?<\/p>\n<p class=\"fig-paragraph\">Relanc\u00e9 sur l\u2019avenir de l\u2019actuel pr\u00e9sident de la LFP, r\u00e9\u00e9lu en septembre dernier malgr\u00e9 de vives tensions au sein des patrons de clubs professionnels, Philippe Diallo muscle son jeu et assure que\u00a0<a href=\"http:\/\/www.lefigaro.fr\/sports\/football\/ligue-des-champions\/ligue-des-champions-ce-succes-valorise-notre-championnat-vincent-labrune-se-felicite-du-parcours-europeen-des-clubs-francais-20250508\" target=\"_blank\" data-fig-type=\"NewsFlash\" rel=\"noopener\" data-gtm-custom-categorie=\"navigation\" data-gtm-custom-action=\"crossclick\" data-gtm-custom-label=\"Contextuel\" data-gtm-event=\"customEventSPE\" data-fig-domain=\"LEFIGARO\">Vincent Labrune<\/a>\u00a0\u00ab\u00a0partage les options retenues\u00a0\u00bb. Posture ou r\u00e9alit\u00e9\u00a0? La r\u00e9action du principal int\u00e9ress\u00e9 n\u2019a pas tard\u00e9. Selon une source proche du dossier, \u00ab\u00a0Labrune accompagne cette r\u00e9forme qui implique la suppression du poste de pr\u00e9sident de la Ligue et donc par d\u00e9finition, qu\u2019il n\u2019aille pas au terme de son mandat\u00a0\u00bb.<\/p>\n<p class=\"fig-paragraph\">Et Diallo de pr\u00e9ciser\u00a0: \u00ab\u00a0Si la proposition de loi (PPL) va \u00e0 son terme, le pr\u00e9sident, que je vois plus comme un CEO, aura \u00e9t\u00e9 choisi par les clubs, comme dans un entretien d\u2019embauche. Ma premi\u00e8re d\u00e9marche n\u2019est pas de destituer les uns et les autres mais de faire une analyse et des propositions. Apr\u00e8s, viendra le temps des hommes, \u00e0 savoir ceux qui seront les plus aptes \u00e0 mener ces projets. Si Vincent veut se pr\u00e9senter, il peut. Mais il y aura un changement profond de la gouvernance car cela signifie la disparition de la LFP. Ce que je souhaite, c\u2019est que le futur dirigeant de cette soci\u00e9t\u00e9 commerciale soit quelqu\u2019un qui soit recrut\u00e9 en tant que salari\u00e9, pour son exp\u00e9rience et ses comp\u00e9tences, et choisi par les clubs.\u00a0\u00bb<\/p>\n<blockquote class=\"fig-quote&#10;    \">\n<p class=\"fig-quote__text\">Aujourd\u2019hui, quand je regarde l\u2019Angleterre, l\u2019Allemagne, l\u2019Italie, l\u2019Espagne, nos voisins, je pense qu\u2019ils ont \u00e9t\u00e9 peut-\u00eatre plus innovants par anticipation sur leur mode d\u2019organisation<\/p>\n<p>            Philippe Diallo\n    <\/p><\/blockquote>\n<p class=\"fig-paragraph\">Quoi qu\u2019il se passe, Vincent Labrune tra\u00eenera comme un boulet sa fameuse formule d\u2019une Ligue\u00a01 qui vaudrait 1\u00a0milliard d\u2019euros. Aujourd\u2019hui, elle vaut \u00e0 peine 300\u00a0millions d\u2019euros. Un vrai fiasco. Quand on lui souffle le nom de\u00a0<a href=\"http:\/\/www.lefigaro.fr\/medias\/football-nicolas-de-tavernost-nomme-directeur-general-de-lfp-media-20250423\" target=\"_blank\" data-fig-type=\"NewsFlash\" rel=\"noopener\" data-gtm-custom-categorie=\"navigation\" data-gtm-custom-action=\"crossclick\" data-gtm-custom-label=\"Contextuel\" data-gtm-event=\"customEventSPE\" data-fig-domain=\"LEFIGARO\">Nicolas de Tavernost<\/a>\u00a0(ex-patron du groupe M6 et des Girondins de Bordeaux), appel\u00e9 \u00e0 la rescousse pour prendre en main LFP M\u00e9dia d\u00e9but avril, et qui tend vers la cr\u00e9ation d\u2019une cha\u00eene sur le dossier explosif et indispensable des droits audiovisuels, l\u2019ancien tr\u00e9sorier de la FFF adopte un discours plus en retenue et en rondeur.<\/p>\n<p class=\"fig-paragraph\">\u00ab\u00a0Aujourd\u2019hui, par exemple, ce serait lui le \u201cboss\u201d de la future soci\u00e9t\u00e9 commerciale des clubs, avance-t-il au sujet du dirigeant de 74\u00a0ans qu\u2019il a vu \u00e0 plusieurs reprises ces derniers jours et qu\u2019il tient en haute estime. Sa mission est importante pour r\u00e9enchanter notre univers et permettre aux clubs de retrouver la prosp\u00e9rit\u00e9 qui n\u2019aurait jamais d\u00fb les quitter. Nicolas a une vraie connaissance du milieu, des hommes et des structures. C\u2019est un professionnel des m\u00e9dias car il a dirig\u00e9 une cha\u00eene, et il peut nous apporter tout \u00e7a pour cr\u00e9er un produit, peut-\u00eatre une cha\u00eene demain, si c\u2019est l\u2019orientation qui est prise, avec certainement un partenaire, au moins, pour nous accompagner dans un m\u00e9tier qu\u2019on ne conna\u00eet pas, et qu\u2019on prenne les bonnes voies. Parce que je le redis, il y a une partie de circonstances dans la crise actuelle, puis il y a une partie de mauvaises d\u00e9cisions.\u00a0\u00bb Vincent Labrune, brouill\u00e9 avec Canal+, diffuseur historique du championnat de France, aura compris le message.<\/p>\n<p class=\"fig-body-link\">\n            \u00c0 lire aussi<br \/>\n        <a class=\"fig-body-link__link fig-premium-mark\" href=\"http:\/\/www.lefigaro.fr\/sports\/football\/c-est-une-enorme-bombe-cette-loi-qui-permettrait-a-la-fff-de-dissoudre-la-ligue-de-football-professionnel-20250321\" target=\"_blank\" data-fig-type=\"NewsFlash\" rel=\"noopener\" data-gtm-custom-categorie=\"navigation\" data-gtm-custom-action=\"crossclick\" data-gtm-custom-label=\"Contextuel\" data-gtm-event=\"customEventSPE\" data-fig-domain=\"LEFIGARO\">\u00abC\u2019est une \u00e9norme bombe\u00bb\u00a0: cette loi qui permettrait \u00e0 la FFF de dissoudre la Ligue de football professionnel<br \/>\n    <\/a>\n<\/p>\n<p>Le poids de la FFF renforc\u00e9<\/p>\n<p class=\"fig-paragraph\">Dans son intervention m\u00e9diatique, Philippe Diallo a voulu marquer son territoire et prouver que la FFF \u00e9tait bien l\u2019instance qui dirigeait le football fran\u00e7ais. Et non la LFP ou certains pr\u00e9sidents de clubs. Une mani\u00e8re de reprendre la main. Des paroles qui doivent d\u00e9sormais \u00eatre suivies d\u2019actes forts. Ici r\u00e9side la volont\u00e9 de Diallo de se muer en dirigeant qui veut changer la donne. Il n\u2019y arrivera pas tout seul, ni sans le soutien du monde professionnel. Si la loi est vot\u00e9e, le poids de la F\u00e9d\u00e9ration fran\u00e7aise de football sera renforc\u00e9 avec la DNCG qui passerait sous sa responsabilit\u00e9, ou encore la mise en place de droit de veto sur des \u00ab\u00a0questions d\u2019ordre g\u00e9n\u00e9ral\u00a0\u00bb (nombre de clubs dans l\u2019\u00e9lite, format des comp\u00e9titions\u2026).<\/p>\n<p class=\"fig-paragraph\">Sans le dire, il n\u2019a pas appr\u00e9ci\u00e9 les nombreuses critiques \u00e0 son \u00e9gard sur son suppos\u00e9 manque de poigne ou encore sur la libert\u00e9 totale offerte \u00e0 Vincent Labrune et certains dirigeants de clubs. \u00ab\u00a0Je veux que la FFF puisse avoir un regard plus \u00e9troit sur les d\u00e9cisions finales avec \u00e0 l\u2019avenir plus de capacit\u00e9s d\u2019intervention, ajoute le dirigeant de 61\u00a0ans. C\u2019est un changement majeur, mais comme on est dans une crise majeure, je pense que c\u2019est peut-\u00eatre aussi le bon moment de pr\u00e9voir quelque chose qui est en phase avec notre \u00e9poque. Aujourd\u2019hui, quand je regarde l\u2019Angleterre, l\u2019Allemagne, l\u2019Italie, l\u2019Espagne, nos voisins, je pense qu\u2019ils ont \u00e9t\u00e9 peut-\u00eatre plus innovants par anticipation sur leur mode d\u2019organisation.\u00a0\u00bb<\/p>\n<p class=\"fig-body-link\">\n            \u00c0 lire aussi<br \/>\n        <a class=\"fig-body-link__link fig-premium-mark\" href=\"http:\/\/www.lefigaro.fr\/sports\/rugby\/concession-du-stade-de-france-les-dessous-des-negociations-entre-les-federations-de-foot-et-de-rugby-et-gl-events-20250313\" target=\"_blank\" data-fig-type=\"Article\" rel=\"noopener\" data-gtm-custom-categorie=\"navigation\" data-gtm-custom-action=\"crossclick\" data-gtm-custom-label=\"Contextuel\" data-gtm-event=\"customEventSPE\" data-fig-domain=\"LEFIGARO\">Concession du Stade de France\u00a0: les dessous des n\u00e9gociations entre les f\u00e9d\u00e9rations de foot et de rugby et GL Events<br \/>\n    <\/a>\n<\/p>\n<p>DNCG, r\u00e9partition des droits TV, plafonnement de la masse salariale, limitation des effectifs, multipropri\u00e9t\u00e9\u2026<\/p>\n<p class=\"fig-paragraph\">Dans l\u2019attente de la validation du processus de r\u00e9forme, Philippe Diallo entend contenter aussi certains acteurs avec des mesures \u00e0 court et moyen terme. Outre le passage de la DNCG sous la responsabilit\u00e9 de la FFF, d\u2019autres propositions concr\u00e8tes sont formul\u00e9es\u00a0: la ren\u00e9gociation d\u2019une meilleure r\u00e9partition des droits TV entre les clubs, la mise en place d\u2019un plafonnement de la masse salariale des clubs \u00ab\u00a0avec des d\u00e9tails \u00e0 d\u00e9terminer\u00a0\u00bb, la limitation du nombre de joueurs par effectif ou encore une r\u00e9flexion sur la question de la multipropri\u00e9t\u00e9.<\/p>\n<p>\u00a0\u00bb<br \/>\n        data-script=\u00a0\u00bbhttps:\/\/static.lefigaro.fr\/widget-video\/short-ttl\/video\/index.js\u00a0\u00bb<br \/>\n    &gt;<\/p>\n<p class=\"fig-paragraph\">La r\u00e9alit\u00e9 est telle que les caisses des clubs, sauf \u00e0 de rares exceptions, sont vides, et que la perspective incertaine des droits audiovisuels terrorise une bonne partie des dirigeants. Selon nos informations, une petite dizaine d\u2019\u00e9quipes de Ligue\u00a01 et Ligue\u00a02 sont en proie \u00e0 de grandes difficult\u00e9s financi\u00e8res avant leur passage devant le gendarme financier. \u00ab\u00a0J\u2019essaie d\u2019\u00eatre porteur d\u2019une vision globale et j\u2019aurais pu rester dans mon fauteuil\u00a0\u00bb, plante Diallo qui avance \u00ab\u00a0ne pas partir la fleur au fusil\u00a0\u00bb, tout en insistant sur \u00ab\u00a0la poursuite des d\u00e9bats\u00a0\u00bb pour affiner les propositions dont certaines rel\u00e8vent du champ d\u2019action de la FFF et d\u2019autres du l\u00e9gislateur.<\/p>\n<p class=\"fig-paragraph\">Quid de la suite si la loi \u00e9tait retoqu\u00e9e pour diverses raisons\u00a0? Philippe Diallo se veut offensif\u00a0: \u00ab\u00a0Si le Parlement et les clubs n\u2019en veulent pas, c\u2019est leur probl\u00e8me. Si personne ne veut de rien, si tout le monde consid\u00e8re que c\u2019est bien qu\u2019il y ait des clubs qui d\u00e9posent le bilan\u2026 Je ne le prendrais pas \u00e0 titre personnel. Je propose des choses, j\u2019attends des projets alternatifs. Vous avez entendu, vous, des gens qui proposaient autre chose\u00a0? Il est temps que chacun prenne ses responsabilit\u00e9s.\u00a0\u00bb<\/p>\n","protected":false},"excerpt":{"rendered":"Le pr\u00e9sident de la F\u00e9d\u00e9ration fran\u00e7aise a d\u00e9voil\u00e9 des mesures pour tenter de sortir le football professionnel de&hellip;\n","protected":false},"author":2,"featured_media":94692,"comment_status":"","ping_status":"","sticky":false,"template":"","format":"standard","meta":{"footnotes":""},"categories":[1412],"tags":[525,1981,814,1451,85,2257,63,1452,1453,1454,1455,1011,27,3309,2330,66,1307,955,5713,1176,978,20728,93,1980,60,7429],"class_list":{"0":"post-94691","1":"post","2":"type-post","3":"status-publish","4":"format-standard","5":"has-post-thumbnail","7":"category-f1","8":"tag-calendrier","9":"tag-classement","10":"tag-direct","11":"tag-f1","12":"tag-fff","13":"tag-foot","14":"tag-football","15":"tag-formula-1","16":"tag-formula1","17":"tag-formule-1","18":"tag-formule1","19":"tag-fr","20":"tag-france","21":"tag-l1","22":"tag-lfp","23":"tag-ligue-1","24":"tag-lille","25":"tag-match","26":"tag-nicolas-de-tavernost","27":"tag-olympique-de-marseille","28":"tag-olympique-lyonnais","29":"tag-philippe-diallo","30":"tag-psg","31":"tag-resultats","32":"tag-sports","33":"tag-vincent-labrune"},"share_on_mastodon":{"url":"https:\/\/pubeurope.com\/@fr\/114495919464237839","error":""},"_links":{"self":[{"href":"https:\/\/www.europesays.com\/fr\/wp-json\/wp\/v2\/posts\/94691","targetHints":{"allow":["GET"]}}],"collection":[{"href":"https:\/\/www.europesays.com\/fr\/wp-json\/wp\/v2\/posts"}],"about":[{"href":"https:\/\/www.europesays.com\/fr\/wp-json\/wp\/v2\/types\/post"}],"author":[{"embeddable":true,"href":"https:\/\/www.europesays.com\/fr\/wp-json\/wp\/v2\/users\/2"}],"replies":[{"embeddable":true,"href":"https:\/\/www.europesays.com\/fr\/wp-json\/wp\/v2\/comments?post=94691"}],"version-history":[{"count":0,"href":"https:\/\/www.europesays.com\/fr\/wp-json\/wp\/v2\/posts\/94691\/revisions"}],"wp:featuredmedia":[{"embeddable":true,"href":"https:\/\/www.europesays.com\/fr\/wp-json\/wp\/v2\/media\/94692"}],"wp:attachment":[{"href":"https:\/\/www.europesays.com\/fr\/wp-json\/wp\/v2\/media?parent=94691"}],"wp:term":[{"taxonomy":"category","embeddable":true,"href":"https:\/\/www.europesays.com\/fr\/wp-json\/wp\/v2\/categories?post=94691"},{"taxonomy":"post_tag","embeddable":true,"href":"https:\/\/www.europesays.com\/fr\/wp-json\/wp\/v2\/tags?post=94691"}],"curies":[{"name":"wp","href":"https:\/\/api.w.org\/{rel}","templated":true}]}}