{"id":94700,"date":"2025-05-12T17:01:11","date_gmt":"2025-05-12T17:01:11","guid":{"rendered":"https:\/\/www.europesays.com\/fr\/94700\/"},"modified":"2025-05-12T17:01:11","modified_gmt":"2025-05-12T17:01:11","slug":"aurec-sur-loire-les-pages-du-chateau-organisent-une-seance-de-dedicace-du-livre-azaria-et-les-petits-cochons-le-17-mai","status":"publish","type":"post","link":"https:\/\/www.europesays.com\/fr\/94700\/","title":{"rendered":"Aurec-sur-Loire. Les Pages du Ch\u00e2teau organisent une s\u00e9ance de d\u00e9dicace du livre Azaria et les petits cochons, le 17\u00a0mai"},"content":{"rendered":"<p>Le samedi 17\u00a0mai sera l\u2019occasion pour les aur\u00e9cois de rencontrer l\u2019auteure de livres pour enfants Mathilde Fran\u00e7ois R autour d\u2019une s\u00e9ance de d\u00e9dicace organis\u00e9e par la librairie associative des Pages du Ch\u00e2teau. Sp\u00e9cialis\u00e9e dans la r\u00e9\u00e9criture des contes de notre enfance, elle y d\u00e9dicacera son ouvrage illustr\u00e9 par l\u2019aquarelliste Isabelle Moreno Azaria et les petits cochons , version modernis\u00e9e du c\u00e9l\u00e8bre conte o\u00f9 l\u2019on d\u00e9couvre une nouvelle venue dans la famille des porcid\u00e9s, \u00e0 la peau plus sombre.<\/p>\n","protected":false},"excerpt":{"rendered":"Le samedi 17\u00a0mai sera l\u2019occasion pour les aur\u00e9cois de rencontrer l\u2019auteure de livres pour enfants Mathilde Fran\u00e7ois R&hellip;\n","protected":false},"author":2,"featured_media":94701,"comment_status":"","ping_status":"","sticky":false,"template":"","format":"standard","meta":{"footnotes":""},"categories":[1357],"tags":[20736,13266,1379,1687,58,10446,59,1011,27,1380,2410],"class_list":{"0":"post-94700","1":"post","2":"type-post","3":"status-publish","4":"format-standard","5":"has-post-thumbnail","7":"category-livres","8":"tag-aurec-sur-loire","9":"tag-aurec-sur-loire-bassin","10":"tag-books","11":"tag-culture-loisirs","12":"tag-divertissement","13":"tag-edition-haute-loire","14":"tag-entertainment","15":"tag-fr","16":"tag-france","17":"tag-livres","18":"tag-livres-bd"},"share_on_mastodon":{"url":"https:\/\/pubeurope.com\/@fr\/114495939135501472","error":""},"_links":{"self":[{"href":"https:\/\/www.europesays.com\/fr\/wp-json\/wp\/v2\/posts\/94700","targetHints":{"allow":["GET"]}}],"collection":[{"href":"https:\/\/www.europesays.com\/fr\/wp-json\/wp\/v2\/posts"}],"about":[{"href":"https:\/\/www.europesays.com\/fr\/wp-json\/wp\/v2\/types\/post"}],"author":[{"embeddable":true,"href":"https:\/\/www.europesays.com\/fr\/wp-json\/wp\/v2\/users\/2"}],"replies":[{"embeddable":true,"href":"https:\/\/www.europesays.com\/fr\/wp-json\/wp\/v2\/comments?post=94700"}],"version-history":[{"count":0,"href":"https:\/\/www.europesays.com\/fr\/wp-json\/wp\/v2\/posts\/94700\/revisions"}],"wp:featuredmedia":[{"embeddable":true,"href":"https:\/\/www.europesays.com\/fr\/wp-json\/wp\/v2\/media\/94701"}],"wp:attachment":[{"href":"https:\/\/www.europesays.com\/fr\/wp-json\/wp\/v2\/media?parent=94700"}],"wp:term":[{"taxonomy":"category","embeddable":true,"href":"https:\/\/www.europesays.com\/fr\/wp-json\/wp\/v2\/categories?post=94700"},{"taxonomy":"post_tag","embeddable":true,"href":"https:\/\/www.europesays.com\/fr\/wp-json\/wp\/v2\/tags?post=94700"}],"curies":[{"name":"wp","href":"https:\/\/api.w.org\/{rel}","templated":true}]}}