{"id":94702,"date":"2025-05-12T17:02:15","date_gmt":"2025-05-12T17:02:15","guid":{"rendered":"https:\/\/www.europesays.com\/fr\/94702\/"},"modified":"2025-05-12T17:02:15","modified_gmt":"2025-05-12T17:02:15","slug":"il-a-cru-quil-allait-etre-un-survivant-de-lapocalypse-explique-daniel-zagury-expert-psychiatre","status":"publish","type":"post","link":"https:\/\/www.europesays.com\/fr\/94702\/","title":{"rendered":"\u00ab\u00a0Il a cru qu&rsquo;il allait \u00eatre un survivant de l&rsquo;Apocalypse\u00a0\u00bb, explique Daniel Zagury, expert psychiatre"},"content":{"rendered":"<p class=\"article-p mdl\">Depuis le printemps 2011, un nom hante la chronique criminelle fran\u00e7aise : Xavier Dupont de Ligonn\u00e8s. Le 21 avril, les policiers d\u00e9couvrent cinq corps ensevelis sous une dalle fra\u00eechement coul\u00e9e au domicile familial, au 55 boulevard Robert-Schuman \u00e0 Nantes : Agn\u00e8s, son \u00e9pouse, et leurs enfants Arthur, Thomas, Anne et Beno\u00eet. Tous ont \u00e9t\u00e9 tu\u00e9s par balles, sans doute dans leur sommeil.\u00a0<\/p>\n<p class=\"article-p mdl\">Leurs corps sont soigneusement dispos\u00e9s, orn\u00e9s de symboles religieux. Les deux chiens de la famille ont \u00e9galement \u00e9t\u00e9 abattus. Dans la maison, tout est en ordre : les traces de sang effac\u00e9es, les ordinateurs disparus et<strong> les cadres photos vid\u00e9s.<\/strong> Mais le p\u00e8re, Xavier Dupont de Ligonn\u00e8s, lui, s\u2019est \u00e9vapor\u00e9.<\/p>\n<p class=\"article-p mdl\"><a class=\"link\" href=\"https:\/\/www.rtl.fr\/actu\/justice-faits-divers\/selon-toute-probabilite-xavier-dupont-de-ligonnes-s-est-suicide-estime-daniel-zagury-sur-rtl-7900502254\" title=\"&quot;Selon toute probabilit\u00e9, Xavier Dupont de Ligonn\u00e8s s&#039;est suicid\u00e9&quot;, estime Daniel Zagury sur RTL\" target=\"_blank\" rel=\"noopener\">Daniel Zagury,\u00a0expert psychiatre<\/a>\u00a0aupr\u00e8s des tribunaux et auteur de\u00a0L&rsquo;\u00e9nigme publique\u00a0n\u00b01, aux \u00e9ditions du Seuil est persuad\u00e9 que le fugitif s&rsquo;est suicid\u00e9 : \u00ab\u00a0Ce que je pense, c&rsquo;est que Xavier Dupont de Ligonn\u00e8s avait des envies de suicide, qu&rsquo;il ne pouvait pas abandonner sa famille et qu&rsquo;il s&rsquo;agissait de partir ensemble. Il ne voulait pas qu&rsquo;on sache qu&rsquo;il s&rsquo;\u00e9tait suicid\u00e9, car ce n&rsquo;est pas chr\u00e9tien et il ne voulait pas faire de peine<a class=\"link\" href=\"https:\/\/www.rtl.fr\/actu\/justice-faits-divers\/affaire-xavier-dupont-de-ligonnes-pourquoi-sa-soeur-est-convaincue-de-son-innocence-7900362701\" title=\"Affaire Xavier Dupont de Ligonn\u00e8s : pourquoi sa s\u0153ur est convaincue de son innocence\" target=\"_blank\" rel=\"noopener\"> \u00e0 sa s\u0153ur et \u00e0 sa m\u00e8re.<\/a>\u00ab\u00a0<\/p>\n<p>            Portrait d&rsquo;un homme en chute libre<\/p>\n<p class=\"article-p mdl\">Tr\u00e8s vite, l\u2019enqu\u00eate r\u00e9v\u00e8le une pr\u00e9paration m\u00e9thodique. D\u00e8s mars 2011, Xavier ach\u00e8te silencieux, chaux vive, b\u00e2ches et ciment. Il fait croire \u00e0 un d\u00e9part imminent,\u00a0en r\u00e9siliant le bail et en renvoyant ses courriers. Ses derni\u00e8res apparitions sont soigneusement trac\u00e9es : h\u00f4tels, restaurants, retraits d\u2019esp\u00e8ces\u2026 Jusqu\u2019au 15 avril, \u00e0 Roquebrune-sur-Argens, o\u00f9 il est vu pour la derni\u00e8re fois. Il quitte son v\u00e9hicule \u00e0 pied, <strong>portant un gros sac.<\/strong> Depuis, plus rien.<\/p>\n<p class=\"article-p mdl\">Les enqu\u00eateurs reconstituent le profil d\u2019un homme en d\u00e9tresse : faillite professionnelle, dettes, troubles d\u00e9pressifs, perte de rep\u00e8res. En 2010, il \u00e9voquait dans une lettre \u00e0 des amis deux solutions : <strong>se suicider ou \u00ab\u00a0foutre le feu \u00e0 la baraque\u00a0\u00bb.<\/strong> Il choisira apparemment une troisi\u00e8me voie : l\u2019effacement total.<\/p>\n<p class=\"article-p mdl\">Les relations avec son \u00e9pouse Agn\u00e8s \u00e9taient orageuses, marqu\u00e9es par des tensions et infid\u00e9lit\u00e9s mutuelles. Elle-m\u00eame, quelques semaines avant le drame, demandait \u00e0 ses amies de prier pour son mari, qu\u2019elle disait \u00ab\u00a0menac\u00e9\u00a0\u00bb.<\/p>\n<p>            Le survivant de l&rsquo;Apocalypse<\/p>\n<p class=\"article-p mdl\">L\u2019affaire met aussi en lumi\u00e8re un environnement familial empreint de mysticisme. Genevi\u00e8ve, la m\u00e8re de Xavier, dirigeait un groupe de pri\u00e8res marginal, <strong>annon\u00e7ant l\u2019Apocalypse pour 1995.<\/strong>\u00a0Sa s\u0153ur Val\u00e9rie\u00a0parle d\u2019une enfance marqu\u00e9e par la peur du jugement dernier. Le jugement dernier n&rsquo;ayant pas eu lieu, Xavier Dupont de Ligonn\u00e8s, va alors prendre ses distances avec la foi, se d\u00e9clarer ath\u00e9e tout en continuant \u00e0 visiter assidument les sites catholiques.\u00a0<\/p>\n<p class=\"article-p mdl\">\u00ab\u00a0Il a \u00e9t\u00e9 \u00e9lev\u00e9 par une m\u00e8re pieuse et pr\u00e9dicatrice qui lui a transmis une doctrine : il allait \u00eatre un survivant de l&rsquo;Apocalypse. Et il l&rsquo;a cru jusqu&rsquo;\u00e0 l&rsquo;\u00e2ge de 35 ans, et il le dit. Ce en quoi il a cru, ce n&rsquo;est pas la religion, mais dans la doctrine de sa m\u00e8re, et quand il perd \u00e7a, il perd son identit\u00e9\u00a0\u00bb, explique\u00a0Daniel Zagury,\u00a0expert psychiatre, au micro de L&rsquo;Heure du crime.\u00a0<\/p>\n<p>            Toujours introuvable<\/p>\n<p class=\"article-p mdl\">Malgr\u00e9 plus de 1.700 signalements, des pistes jusqu\u2019en Tha\u00eflande ou en Am\u00e9rique latine, la traque reste vaine. En octobre 2019, un homme est arr\u00eat\u00e9 \u00e0 Glasgow : fausse alerte. En avril 2025,\u00a0<a class=\"link\" href=\"https:\/\/www.rtl.fr\/actu\/justice-faits-divers\/xavier-dupont-de-ligonnes-recherche-par-aqababe-aucun-element-factuel-et-verifiable-n-a-ete-recu-indique-le-procureur-de-nantes-7900499028\" title=\"INFO RTL - Xavier Dupont de Ligonn\u00e8s recherch\u00e9 par Aqababe : &quot;Aucun \u00e9l\u00e9ment factuel et v\u00e9rifiable&quot; n&#039;a \u00e9t\u00e9 re\u00e7u, indique le procureur de Nantes\" target=\"_blank\" rel=\"noopener\">l\u2019influenceur Aqababe<\/a>\u00a0relance la chasse, affirmant que Xavier se cacherait \u00e0 Malte sous une fausse identit\u00e9. Le parquet de Nantes temporise : \u00ab\u00a0aucun \u00e9l\u00e9ment factuel ne vient confirmer cette th\u00e8se\u00a0\u00bb.<\/p>\n<p>\u00ab\u00a0Pour moi, pourquoi tant pr\u00e9parer avec toute cette mise en sc\u00e8ne, de tourn\u00e9e si c&rsquo;est pour se suicider ? Je suis convaincue par sa s\u0153ur ain\u00e9e qui dit ce qui \u00e9tait son objectif le plus cher, <strong>c&rsquo;est que l&rsquo;on ne sache jamais.<\/strong> Et 15 ans apr\u00e8s, on en est bien l\u00e0, mort ou vivant, on n&rsquo;a toujours pas la r\u00e9ponse\u00a0\u00bb, explique\u00a0Anne-Sophie Martin, journaliste.\u00a0<\/p>\n<p>Encore aujourd&rsquo;hui, la fascination sur cette affaire reste intacte.<\/p>\n<p>    Les invit\u00e9s de \u00ab\u00a0L&rsquo;Heure du crime\u00a0\u00bb<\/p>\n<p class=\"article-p mdl\">\n<p><strong>&#8211;\u00a0Daniel Zagury,<\/strong>\u00a0expert psychiatre aupr\u00e8s des tribunaux et auteur de\u00a0L&rsquo;\u00e9nigme publique\u00a0n\u00b01, aux \u00e9ditions du Seuil.<br \/>&#8211;\u00a0<strong>Anne-Sophie Martin, <\/strong>journaliste, r\u00e9alisatrice et auteure du livre Le disparu,\u00a0publi\u00e9 aux \u00e9ditions Ring.\u00a0<\/p>\n<p>    La r\u00e9daction vous recommande<\/p>\n<p class=\"s-newsletter__title\">\n                L\u2019actualit\u00e9 par la r\u00e9daction de RTL dans votre bo\u00eete mail.\n            <\/p>\n<p class=\"s-newsletter__subtitle\">\n                Gr\u00e2ce \u00e0 votre compte RTL abonnez-vous \u00e0 la newsletter RTL info pour suivre toute l&rsquo;actualit\u00e9 au quotidien\n            <\/p>\n<p>\n                                    Lire la suite\n                                <\/p>\n","protected":false},"excerpt":{"rendered":"Depuis le printemps 2011, un nom hante la chronique criminelle fran\u00e7aise : Xavier Dupont de Ligonn\u00e8s. Le 21&hellip;\n","protected":false},"author":2,"featured_media":94703,"comment_status":"","ping_status":"","sticky":false,"template":"","format":"standard","meta":{"footnotes":""},"categories":[1356],"tags":[15632,271,58,59,118,652,107,1011,27,6224,5184,362,360,252,1364],"class_list":{"0":"post-94702","1":"post","2":"type-post","3":"status-publish","4":"format-standard","5":"has-post-thumbnail","7":"category-television","8":"tag-affaire-dupont-de-ligonnes","9":"tag-crime","10":"tag-divertissement","11":"tag-entertainment","12":"tag-faits-divers","13":"tag-famille","14":"tag-fil-info","15":"tag-fr","16":"tag-france","17":"tag-integral","18":"tag-morts","19":"tag-replay","20":"tag-replay-integral","21":"tag-television","22":"tag-tv"},"share_on_mastodon":{"url":"https:\/\/pubeurope.com\/@fr\/114495943160279800","error":""},"_links":{"self":[{"href":"https:\/\/www.europesays.com\/fr\/wp-json\/wp\/v2\/posts\/94702","targetHints":{"allow":["GET"]}}],"collection":[{"href":"https:\/\/www.europesays.com\/fr\/wp-json\/wp\/v2\/posts"}],"about":[{"href":"https:\/\/www.europesays.com\/fr\/wp-json\/wp\/v2\/types\/post"}],"author":[{"embeddable":true,"href":"https:\/\/www.europesays.com\/fr\/wp-json\/wp\/v2\/users\/2"}],"replies":[{"embeddable":true,"href":"https:\/\/www.europesays.com\/fr\/wp-json\/wp\/v2\/comments?post=94702"}],"version-history":[{"count":0,"href":"https:\/\/www.europesays.com\/fr\/wp-json\/wp\/v2\/posts\/94702\/revisions"}],"wp:featuredmedia":[{"embeddable":true,"href":"https:\/\/www.europesays.com\/fr\/wp-json\/wp\/v2\/media\/94703"}],"wp:attachment":[{"href":"https:\/\/www.europesays.com\/fr\/wp-json\/wp\/v2\/media?parent=94702"}],"wp:term":[{"taxonomy":"category","embeddable":true,"href":"https:\/\/www.europesays.com\/fr\/wp-json\/wp\/v2\/categories?post=94702"},{"taxonomy":"post_tag","embeddable":true,"href":"https:\/\/www.europesays.com\/fr\/wp-json\/wp\/v2\/tags?post=94702"}],"curies":[{"name":"wp","href":"https:\/\/api.w.org\/{rel}","templated":true}]}}