{"id":94717,"date":"2025-05-12T17:10:12","date_gmt":"2025-05-12T17:10:12","guid":{"rendered":"https:\/\/www.europesays.com\/fr\/94717\/"},"modified":"2025-05-12T17:10:12","modified_gmt":"2025-05-12T17:10:12","slug":"donald-trump-se-targue-davoir-arrete-un-conflit-nucleaire","status":"publish","type":"post","link":"https:\/\/www.europesays.com\/fr\/94717\/","title":{"rendered":"Donald Trump se targue d\u2019avoir arr\u00eat\u00e9 un \u00abconflit nucl\u00e9aire\u00bb"},"content":{"rendered":"<p>\u00abJe pense que cela aurait pu \u00eatre une mauvaise guerre nucl\u00e9aire, des millions de personnes auraient pu \u00eatre tu\u00e9es, alors je suis tr\u00e8s fier de cela\u00bb, a d\u00e9clar\u00e9 le pr\u00e9sident am\u00e9ricain depuis la Maison-Blanche.<\/p>\n<p class=\"fig-paragraph\"><a href=\"http:\/\/www.lefigaro.fr\/conjoncture\/guerre-commerciale-coup-d-envoi-des-negociations-entre-la-chine-et-les-etats-unis-20250507\" target=\"_blank\" data-fig-type=\"Article\" rel=\"noopener\" data-gtm-custom-categorie=\"navigation\" data-gtm-custom-action=\"crossclick\" data-gtm-custom-label=\"Contextuel\" data-gtm-event=\"customEventSPE\" data-fig-domain=\"LEFIGARO\">Donald Trump<\/a>\u00a0a d\u00e9clar\u00e9 lundi 12 mai 2025 avoir emp\u00each\u00e9 un \u00abconflit nucl\u00e9aire\u00bb entre l\u2019Inde et le Pakistan, deux jours apr\u00e8s un cessez-le-feu qui a mis un terme \u00e0 la plus grave confrontation militaire entre les pays voisins en deux d\u00e9cennies.<\/p>\n<p class=\"fig-paragraph\">\u00abNous avons emp\u00each\u00e9 un conflit nucl\u00e9aire. Je pense que cela aurait pu \u00eatre une mauvaise guerre nucl\u00e9aire, des millions de personnes auraient pu \u00eatre tu\u00e9es, alors je suis tr\u00e8s fier de cela\u00bb, a d\u00e9clar\u00e9 le pr\u00e9sident am\u00e9ricain depuis<a href=\"http:\/\/www.lefigaro.fr\/international\/retour-de-donald-trump-a-la-maison-blanche-cent-jours-de-presidence-en-dix-photos-20250429\" target=\"_blank\" data-fig-type=\"Article\" rel=\"noopener\" data-gtm-custom-categorie=\"navigation\" data-gtm-custom-action=\"crossclick\" data-gtm-custom-label=\"Contextuel\" data-gtm-event=\"customEventSPE\" data-fig-domain=\"LEFIGARO\">\u00a0la Maison-Blanche.<\/a><\/p>\n<p class=\"fig-paragraph\">Il s\u2019est r\u00e9joui que son \u00abadministration ait contribu\u00e9 \u00e0 n\u00e9gocier un cessez-le-feu total et imm\u00e9diat, je pense permanent, entre l\u2019Inde et le Pakistan, mettant ainsi fin \u00e0 un dangereux conflit entre deux nations dot\u00e9es de nombreuses armes nucl\u00e9aires\u00bb. \u00abSi vous arr\u00eatez, nous ferons du commerce, si vous n\u2019arr\u00eatez pas, nous ne ferons pas de commerce\u00bb, a-t-il encore dit.<\/p>\n<p><strong>Une \u00absolution au Cachemire\u00bb<\/strong><\/p>\n<p class=\"fig-paragraph\">La semaine derni\u00e8re, l\u2019Inde et le Pakistan se sont retrouv\u00e9s au seuil d\u2019une nouvelle guerre ouverte, \u00e9changeant des attaques de drones, des tirs d\u2019artillerie et des frappes de missiles. Alors que les hostilit\u00e9s ne montraient aucun signe de ralentissement, Donald Trump a cr\u00e9\u00e9 la surprise samedi apr\u00e8s-midi en annon\u00e7ant avoir arrach\u00e9 \u00abun cessez-le-feu total et imm\u00e9diat\u00bb apr\u00e8s d\u2019intenses tractations diplomatiques men\u00e9es notamment par le vice-pr\u00e9sident\u00a0<a href=\"http:\/\/www.lefigaro.fr\/vox\/societe\/de-john-kennedy-a-leon-xiv-en-passant-par-jd-vance-radiographie-du-catholicisme-americain-20250508\" target=\"_blank\" data-fig-type=\"Article\" rel=\"noopener\" data-gtm-custom-categorie=\"navigation\" data-gtm-custom-action=\"crossclick\" data-gtm-custom-label=\"Contextuel\" data-gtm-event=\"customEventSPE\" data-fig-domain=\"LEFIGARO\">JD Vance<\/a>\u00a0et le secr\u00e9taire d\u2019\u00c9tat\u00a0<a href=\"http:\/\/www.lefigaro.fr\/international\/marco-rubio-secretaire-de-tout-et-couteau-suisse-de-donald-trump-20250505\" target=\"_blank\" data-fig-type=\"Article\" rel=\"noopener\" data-gtm-custom-categorie=\"navigation\" data-gtm-custom-action=\"crossclick\" data-gtm-custom-label=\"Contextuel\" data-gtm-event=\"customEventSPE\" data-fig-domain=\"LEFIGARO\">Marco Rubio<\/a>.<\/p>\n<p class=\"fig-paragraph\">Les deux capitales ont rapidement confirm\u00e9 s\u2019\u00eatre accord\u00e9es &#8211; \u00abdirectement\u00bb, a tenu \u00e0 pr\u00e9ciser New Delhi &#8211; pour mettre en oeuvre le cessez-le-feu. En annon\u00e7ant le cessez-le-feu, Donald Trump avait \u00e9voqu\u00e9 samedi des discussions en vue d\u2019une \u00absolution au Cachemire\u00bb. Une source gouvernementale \u00e0\u00a0<a href=\"http:\/\/www.lefigaro.fr\/international\/l-inde-et-le-pakistan-franchissent-un-seuil-dans-leur-affrontement-militaire-20250507\" target=\"_blank\" data-fig-type=\"Article\" rel=\"noopener\" data-gtm-custom-categorie=\"navigation\" data-gtm-custom-action=\"crossclick\" data-gtm-custom-label=\"Contextuel\" data-gtm-event=\"customEventSPE\" data-fig-domain=\"LEFIGARO\">New Delhi<\/a>\u00a0a toutefois rapidement \u00e9cart\u00e9 cette \u00e9ventualit\u00e9.<\/p>\n<p class=\"fig-paragraph\">L\u2019escalade entre les deux pays voisins avait suivi un attentat le 22 avril dans la partie indienne du Cachemire qui a fait 26 morts, New Delhi accusant Islamabad de soutenir les auteurs pr\u00e9sum\u00e9s de l\u2019attaque.<\/p>\n","protected":false},"excerpt":{"rendered":"\u00abJe pense que cela aurait pu \u00eatre une mauvaise guerre nucl\u00e9aire, des millions de personnes auraient pu \u00eatre&hellip;\n","protected":false},"author":2,"featured_media":94718,"comment_status":"","ping_status":"","sticky":false,"template":"","format":"standard","meta":{"footnotes":""},"categories":[5],"tags":[259,11,260,75,1011,27,5595,14,261,12,14488,262,28],"class_list":{"0":"post-94717","1":"post","2":"type-post","3":"status-publish","4":"format-standard","5":"has-post-thumbnail","7":"category-international","8":"tag-actualite-internationale","9":"tag-actualites","10":"tag-affaires-etrangeres","11":"tag-donald-trump","12":"tag-fr","13":"tag-france","14":"tag-inde","15":"tag-international","16":"tag-ministere-des-affaires-etrangeres","17":"tag-news","18":"tag-pakistan","19":"tag-politique-etrangere","20":"tag-world"},"share_on_mastodon":{"url":"https:\/\/pubeurope.com\/@fr\/114495974504083494","error":""},"_links":{"self":[{"href":"https:\/\/www.europesays.com\/fr\/wp-json\/wp\/v2\/posts\/94717","targetHints":{"allow":["GET"]}}],"collection":[{"href":"https:\/\/www.europesays.com\/fr\/wp-json\/wp\/v2\/posts"}],"about":[{"href":"https:\/\/www.europesays.com\/fr\/wp-json\/wp\/v2\/types\/post"}],"author":[{"embeddable":true,"href":"https:\/\/www.europesays.com\/fr\/wp-json\/wp\/v2\/users\/2"}],"replies":[{"embeddable":true,"href":"https:\/\/www.europesays.com\/fr\/wp-json\/wp\/v2\/comments?post=94717"}],"version-history":[{"count":0,"href":"https:\/\/www.europesays.com\/fr\/wp-json\/wp\/v2\/posts\/94717\/revisions"}],"wp:featuredmedia":[{"embeddable":true,"href":"https:\/\/www.europesays.com\/fr\/wp-json\/wp\/v2\/media\/94718"}],"wp:attachment":[{"href":"https:\/\/www.europesays.com\/fr\/wp-json\/wp\/v2\/media?parent=94717"}],"wp:term":[{"taxonomy":"category","embeddable":true,"href":"https:\/\/www.europesays.com\/fr\/wp-json\/wp\/v2\/categories?post=94717"},{"taxonomy":"post_tag","embeddable":true,"href":"https:\/\/www.europesays.com\/fr\/wp-json\/wp\/v2\/tags?post=94717"}],"curies":[{"name":"wp","href":"https:\/\/api.w.org\/{rel}","templated":true}]}}