{"id":947228,"date":"2026-05-21T08:00:16","date_gmt":"2026-05-21T08:00:16","guid":{"rendered":"https:\/\/www.europesays.com\/fr\/947228\/"},"modified":"2026-05-21T08:00:16","modified_gmt":"2026-05-21T08:00:16","slug":"120-metres-de-long-et-18-metres-de-haut-les-images-du-pont-neuf-a-paris-metamorphose-en-caverne-par-lartiste-jr","status":"publish","type":"post","link":"https:\/\/www.europesays.com\/fr\/947228\/","title":{"rendered":"120 m\u00e8tres de long et 18 m\u00e8tres de haut : les images du Pont-Neuf \u00e0 Paris m\u00e9tamorphos\u00e9 en caverne par l\u2019artiste JR"},"content":{"rendered":"<p>\n    Dans la nuit de mercredi \u00e0 jeudi, les \u00e9quipes du photographe et artiste de rue JR ont pu lancer le gonflage de \u00abLa Caverne du Pont-Neuf\u00bb \u00e0 Paris.<\/p>\n<p class=\"fig-paragraph\">Dans la nuit du mercredi 20 au jeudi 21 mai, les \u00e9quipes de l\u2019<a href=\"http:\/\/www.lefigaro.fr\/sports\/tennis\/roland-garros\/roland-garros-l-affiche-officielle-de-l-edition-2026-realisee-par-l-artiste-jr-20260319\" data-fig-type=\"NewsFlash\" data-gtm-custom-categorie=\"navigation\" data-gtm-custom-action=\"crossclick\" data-gtm-custom-label=\"Contextuel\" data-gtm-event=\"customEventSPE\" data-fig-domain=\"LEFIGARO\" rel=\"nofollow noopener\" target=\"_blank\">artiste JR<\/a>\u00a0ont effectu\u00e9 \u00e0 Paris le gonflage de \u00abLa Caverne du Pont-Neuf\u00bb. \u00c0 l\u2019origine de ce projet titanesque, JR a \u00e9t\u00e9 second\u00e9 pour la dimension sonore par l\u2019ancien membre des\u00a0<a href=\"http:\/\/www.lefigaro.fr\/marseille\/c-etaient-des-inconnus-l-histoire-secrete-de-la-premiere-apparition-live-des-daft-punk-20250301\" data-fig-type=\"NewsFlash\" data-gtm-custom-categorie=\"navigation\" data-gtm-custom-action=\"crossclick\" data-gtm-custom-label=\"Contextuel\" data-gtm-event=\"customEventSPE\" data-fig-domain=\"LEFIGARO\" rel=\"nofollow noopener\" target=\"_blank\">Daft Punk<\/a>,\u00a0<a href=\"http:\/\/www.lefigaro.fr\/musique\/thomas-bangalter-ex-daft-punk-dans-l-univers-delirant-de-quentin-dupieux-20230819\" data-fig-type=\"Article\" data-gtm-custom-categorie=\"navigation\" data-gtm-custom-action=\"crossclick\" data-gtm-custom-label=\"Contextuel\" data-gtm-event=\"customEventSPE\" data-fig-domain=\"LEFIGARO\" rel=\"nofollow noopener\" target=\"_blank\">Thomas Bangalter<\/a>.<\/p>\n<p class=\"fig-paragraph\">Les deux hommes se sont joints \u00e0 800 autres personnes pour \u00e9riger au c\u0153ur de la capitale des montagnes de 120 m\u00e8tres de long, 20 m\u00e8tres de large atteignant jusqu\u2019\u00e0 18 m\u00e8tres de haut. \u00abLa Caverne\u00bb sera accessible gratuitement \u00e0 partir du 6 juin, 24 heures sur 24 et sept jours sur sept.<\/p>\n<p>                                            <a class=\"fig-a11y-skip\" href=\"#fig-a11y-skip-main-inarticle\" is=\"fig-a11y-skip\" data-trigger-mode=\"visible-once\"><br \/>\n    Passer la publicit\u00e9<br \/>\n<\/a>            <\/p>\n<p>                                            Un projet \u00abintimidant\u00bb<\/p>\n<p class=\"fig-paragraph\">La travers\u00e9e, uniquement pi\u00e9tonne ou \u00e0 v\u00e9lo, emp\u00eachera toutefois la circulation automobile sur le pont. L\u2019\u0153uvre a \u00e9t\u00e9 pens\u00e9e comme un hommage \u00e0\u00a0<a href=\"http:\/\/www.lefigaro.fr\/culture\/quatorze-oeuvres-de-christo-et-jeanne-claude-donnees-aux-musees-de-paris-20260202\" target=\"_blank\" data-fig-type=\"NewsFlash\" rel=\"noopener nofollow\" data-gtm-custom-categorie=\"navigation\" data-gtm-custom-action=\"crossclick\" data-gtm-custom-label=\"Contextuel\" data-gtm-event=\"customEventSPE\" data-fig-domain=\"LEFIGARO\">Christo et Jeanne Claude<\/a>, quarante ans apr\u00e8s leur c\u00e9l\u00e8bre projet<a href=\"https:\/\/www.lefigaro.fr\/histoire\/archives\/2015\/09\/18\/26010-20150918ARTFIG00300-le-22-septembre-1985-christo-emballe-le-pont-neuf.php\" target=\"_blank\" data-fig-type=\"Article\" rel=\"noopener nofollow\" data-gtm-custom-categorie=\"navigation\" data-gtm-custom-action=\"crossclick\" data-gtm-custom-label=\"Contextuel\" data-gtm-event=\"customEventSPE\" data-fig-domain=\"LEFIGARO\">\u00a0The Pont Neuf Wrapped<\/a> \u00a0, rappelle le Parisien.<\/p>\n<p class=\"fig-paragraph\">C\u2019est le neveu du couple d\u2019artistes qui a contact\u00e9 JR il y a deux ans, pour lui proposer ce projet\u00a0\u00ab\u00a0intimidant\u00a0\u00bb, que le street artiste d\u00e9crit comme\u00a0\u00ab\u00a0sa premi\u00e8re \u0153uvre immersive \u00e0 grande \u00e9chelle\u00a0\u00bb. La travers\u00e9e, uniquement pi\u00e9tonne ou \u00e0 v\u00e9lo, emp\u00eachera toutefois la circulation automobile sur le pont.<\/p>\n","protected":false},"excerpt":{"rendered":"Dans la nuit de mercredi \u00e0 jeudi, les \u00e9quipes du photographe et artiste de rue JR ont pu&hellip;\n","protected":false},"author":2,"featured_media":947229,"comment_status":"","ping_status":"","sticky":false,"template":"","format":"standard","meta":{"footnotes":"","_share_on_mastodon":"0"},"categories":[8],"tags":[2593,58,59,1011,27,5150,626,10416],"class_list":["post-947228","post","type-post","status-publish","format-standard","has-post-thumbnail","category-divertissement","tag-artiste","tag-divertissement","tag-entertainment","tag-fr","tag-france","tag-jr","tag-paris","tag-ponts"],"share_on_mastodon":{"url":"https:\/\/pubeurope.com\/@fr\/116611516329824088","error":""},"_links":{"self":[{"href":"https:\/\/www.europesays.com\/fr\/wp-json\/wp\/v2\/posts\/947228","targetHints":{"allow":["GET"]}}],"collection":[{"href":"https:\/\/www.europesays.com\/fr\/wp-json\/wp\/v2\/posts"}],"about":[{"href":"https:\/\/www.europesays.com\/fr\/wp-json\/wp\/v2\/types\/post"}],"author":[{"embeddable":true,"href":"https:\/\/www.europesays.com\/fr\/wp-json\/wp\/v2\/users\/2"}],"replies":[{"embeddable":true,"href":"https:\/\/www.europesays.com\/fr\/wp-json\/wp\/v2\/comments?post=947228"}],"version-history":[{"count":0,"href":"https:\/\/www.europesays.com\/fr\/wp-json\/wp\/v2\/posts\/947228\/revisions"}],"wp:featuredmedia":[{"embeddable":true,"href":"https:\/\/www.europesays.com\/fr\/wp-json\/wp\/v2\/media\/947229"}],"wp:attachment":[{"href":"https:\/\/www.europesays.com\/fr\/wp-json\/wp\/v2\/media?parent=947228"}],"wp:term":[{"taxonomy":"category","embeddable":true,"href":"https:\/\/www.europesays.com\/fr\/wp-json\/wp\/v2\/categories?post=947228"},{"taxonomy":"post_tag","embeddable":true,"href":"https:\/\/www.europesays.com\/fr\/wp-json\/wp\/v2\/tags?post=947228"}],"curies":[{"name":"wp","href":"https:\/\/api.w.org\/{rel}","templated":true}]}}