{"id":94723,"date":"2025-05-12T17:13:10","date_gmt":"2025-05-12T17:13:10","guid":{"rendered":"https:\/\/www.europesays.com\/fr\/94723\/"},"modified":"2025-05-12T17:13:10","modified_gmt":"2025-05-12T17:13:10","slug":"unieux-le-traditionnel-vide-greniers-se-tiendra-rue-de-lindustrie-le-18-juin","status":"publish","type":"post","link":"https:\/\/www.europesays.com\/fr\/94723\/","title":{"rendered":"Unieux. Le traditionnel vide-greniers se tiendra rue de l\u2019Industrie, le 18\u00a0juin"},"content":{"rendered":"<p>En raison des travaux sur l\u2019avenue Roger Salengro, le traditionnel vide-grenier organis\u00e9 par le service animations de la ville se tiendra rue de l\u2019Industrie dimanche 18\u00a0juin de 7\u00a0heures \u00e0 16\u00a0h\u00a045.<\/p>\n<p>\u00ab\u00a0C\u2019est un \u00e9v\u00e8nement important qui attire toujours la foule, cette ann\u00e9e le soleil devrait \u00eatre avec nous, une chance pour les 220 exposants\u00a0\u00bb, indique Sophie Larue, directrice culture et animation. \u00ab\u00a0Ce vide-grenier est pour Unieux une institution et on sait qu\u2019il est tr\u00e8s attendu par les chineurs et les exposants\u00a0\u00bb, conclut la directrice.<\/p>\n","protected":false},"excerpt":{"rendered":"En raison des travaux sur l\u2019avenue Roger Salengro, le traditionnel vide-grenier organis\u00e9 par le service animations de la&hellip;\n","protected":false},"author":2,"featured_media":94724,"comment_status":"","ping_status":"","sticky":false,"template":"","format":"standard","meta":{"footnotes":""},"categories":[9653],"tags":[1111,11,2430,5738,11679,1687,7539,1777,674,1011,27,12,25,4001,14024,14025,3365],"class_list":{"0":"post-94723","1":"post","2":"type-post","3":"status-publish","4":"format-standard","5":"has-post-thumbnail","7":"category-saint-etienne","8":"tag-actu","9":"tag-actualites","10":"tag-auvergne-rhone-alpes","11":"tag-bourses","12":"tag-brocantes","13":"tag-culture-loisirs","14":"tag-edition-loire-sud","15":"tag-eu","16":"tag-europe","17":"tag-fr","18":"tag-france","19":"tag-news","20":"tag-republique-francaise","21":"tag-saint-etienne","22":"tag-unieux","23":"tag-unieux-bassin","24":"tag-vide-greniers"},"share_on_mastodon":{"url":"https:\/\/pubeurope.com\/@fr\/114495986362242031","error":""},"_links":{"self":[{"href":"https:\/\/www.europesays.com\/fr\/wp-json\/wp\/v2\/posts\/94723","targetHints":{"allow":["GET"]}}],"collection":[{"href":"https:\/\/www.europesays.com\/fr\/wp-json\/wp\/v2\/posts"}],"about":[{"href":"https:\/\/www.europesays.com\/fr\/wp-json\/wp\/v2\/types\/post"}],"author":[{"embeddable":true,"href":"https:\/\/www.europesays.com\/fr\/wp-json\/wp\/v2\/users\/2"}],"replies":[{"embeddable":true,"href":"https:\/\/www.europesays.com\/fr\/wp-json\/wp\/v2\/comments?post=94723"}],"version-history":[{"count":0,"href":"https:\/\/www.europesays.com\/fr\/wp-json\/wp\/v2\/posts\/94723\/revisions"}],"wp:featuredmedia":[{"embeddable":true,"href":"https:\/\/www.europesays.com\/fr\/wp-json\/wp\/v2\/media\/94724"}],"wp:attachment":[{"href":"https:\/\/www.europesays.com\/fr\/wp-json\/wp\/v2\/media?parent=94723"}],"wp:term":[{"taxonomy":"category","embeddable":true,"href":"https:\/\/www.europesays.com\/fr\/wp-json\/wp\/v2\/categories?post=94723"},{"taxonomy":"post_tag","embeddable":true,"href":"https:\/\/www.europesays.com\/fr\/wp-json\/wp\/v2\/tags?post=94723"}],"curies":[{"name":"wp","href":"https:\/\/api.w.org\/{rel}","templated":true}]}}