{"id":94727,"date":"2025-05-12T17:15:12","date_gmt":"2025-05-12T17:15:12","guid":{"rendered":"https:\/\/www.europesays.com\/fr\/94727\/"},"modified":"2025-05-12T17:15:12","modified_gmt":"2025-05-12T17:15:12","slug":"lassociation-alliance-vita-fait-entendre-son-opposition","status":"publish","type":"post","link":"https:\/\/www.europesays.com\/fr\/94727\/","title":{"rendered":"l\u2019association Alliance Vita fait entendre son opposition"},"content":{"rendered":"<p>Depuis ce lundi, et pendant deux semaines, les d\u00e9put\u00e9s s\u2019attellent \u00e0 l\u2019examen <a href=\"https:\/\/www.estrepublicain.fr\/politique\/2025\/04\/09\/interrompu-par-la-dissolution-le-texte-sur-fin-de-vie-fait-son-retour-a-l-assemblee\" target=\"_blank\" rel=\"nofollow noopener\">de deux propositions de loi sur la fin de vie,<\/a> suscitant le d\u00e9bat tant le sujet est sensible\u2026 et les points de vue divergents.<\/p>\n<p>Dans le rang des opposants se trouve l\u2019association Alliance Vita, militant contre l\u2019interruption volontaire de grossesse et l\u2019euthanasie, fond\u00e9e par Christine Boutin il y a 32 ans.<\/p>\n<p>Ce lundi, l\u2019\u00e9quipe locale nanc\u00e9ienne a fix\u00e9 rendez-vous \u00e0 ses membres place Charles-III, en fin d\u2019apr\u00e8s-midi, r\u00e9pondant \u00e0 un appel national. Sur place, une mise en sc\u00e8ne avec des personnes allong\u00e9es sur des cartons, envoyant un message\u2026<\/p>\n<p>\u00ab\u00a0Notre revendication est simple\u00a0: nous voulons des soins, pas l\u2019euthanasie. La priorit\u00e9 doit \u00eatre donn\u00e9e aux d\u00e9serts m\u00e9dicaux afin que tout citoyen ait acc\u00e8s aux soins palliatifs. Aujourd\u2019hui, dans la moiti\u00e9 des d\u00e9partements, les Fran\u00e7ais n\u2019ont pas acc\u00e8s \u00e0 ces soins, r\u00e9sume Cyrille Toussaint, membre d\u2019Alliance Vita. Cette loi s\u2019attaque au c\u00f4t\u00e9 sacr\u00e9 de la vie humaine\u00a0!\u00a0\u00bb<\/p>\n","protected":false},"excerpt":{"rendered":"Depuis ce lundi, et pendant deux semaines, les d\u00e9put\u00e9s s\u2019attellent \u00e0 l\u2019examen de deux propositions de loi sur&hellip;\n","protected":false},"author":2,"featured_media":94728,"comment_status":"","ping_status":"","sticky":false,"template":"","format":"standard","meta":{"footnotes":""},"categories":[9635],"tags":[1111,11,1704,1777,674,1011,27,775,3457,1702,1703,12,316,25,104],"class_list":{"0":"post-94727","1":"post","2":"type-post","3":"status-publish","4":"format-standard","5":"has-post-thumbnail","7":"category-nancy","8":"tag-actu","9":"tag-actualites","10":"tag-edition-nancy-et-agglomeration","11":"tag-eu","12":"tag-europe","13":"tag-fr","14":"tag-france","15":"tag-grand-est","16":"tag-meurthe-et-moselle","17":"tag-nancy","18":"tag-nancy-ville-54b","19":"tag-news","20":"tag-politique","21":"tag-republique-francaise","22":"tag-societe"},"share_on_mastodon":{"url":"https:\/\/pubeurope.com\/@fr\/114495994279772959","error":""},"_links":{"self":[{"href":"https:\/\/www.europesays.com\/fr\/wp-json\/wp\/v2\/posts\/94727","targetHints":{"allow":["GET"]}}],"collection":[{"href":"https:\/\/www.europesays.com\/fr\/wp-json\/wp\/v2\/posts"}],"about":[{"href":"https:\/\/www.europesays.com\/fr\/wp-json\/wp\/v2\/types\/post"}],"author":[{"embeddable":true,"href":"https:\/\/www.europesays.com\/fr\/wp-json\/wp\/v2\/users\/2"}],"replies":[{"embeddable":true,"href":"https:\/\/www.europesays.com\/fr\/wp-json\/wp\/v2\/comments?post=94727"}],"version-history":[{"count":0,"href":"https:\/\/www.europesays.com\/fr\/wp-json\/wp\/v2\/posts\/94727\/revisions"}],"wp:featuredmedia":[{"embeddable":true,"href":"https:\/\/www.europesays.com\/fr\/wp-json\/wp\/v2\/media\/94728"}],"wp:attachment":[{"href":"https:\/\/www.europesays.com\/fr\/wp-json\/wp\/v2\/media?parent=94727"}],"wp:term":[{"taxonomy":"category","embeddable":true,"href":"https:\/\/www.europesays.com\/fr\/wp-json\/wp\/v2\/categories?post=94727"},{"taxonomy":"post_tag","embeddable":true,"href":"https:\/\/www.europesays.com\/fr\/wp-json\/wp\/v2\/tags?post=94727"}],"curies":[{"name":"wp","href":"https:\/\/api.w.org\/{rel}","templated":true}]}}