{"id":94732,"date":"2025-05-12T17:18:22","date_gmt":"2025-05-12T17:18:22","guid":{"rendered":"https:\/\/www.europesays.com\/fr\/94732\/"},"modified":"2025-05-12T17:18:22","modified_gmt":"2025-05-12T17:18:22","slug":"top-14-le-stade-toulousain-corrige-toulon-au-velodrome-et-se-qualifie-en-demi-finale","status":"publish","type":"post","link":"https:\/\/www.europesays.com\/fr\/94732\/","title":{"rendered":"Top 14. Le Stade Toulousain corrige Toulon au V\u00e9lodrome et se qualifie en demi-finale"},"content":{"rendered":"<p>            Par<br \/>\n        <strong><br \/>\n            <a href=\"https:\/\/actu.fr\/auteur\/pateau-adrien\" title=\"Consulter tous les articles de Pateau Adrien\" rel=\"nofollow noopener\" target=\"_blank\">Pateau Adrien<\/a><br \/>\n        <\/strong><\/p>\n<p>        Publi\u00e9 le<\/p>\n<p>            10 mai 2025 \u00e0 23h07<br \/>\n        ; mis \u00e0 jour le 10 mai 2025 \u00e0 23h17    <\/p>\n<p>Ce soir, l\u2019objectif \u00e9tait double. D\u2019une, se remettre de l\u2019\u00e9limination contre Bordeaux, de deux, arracher une qualification directe en demi-finale. Le <a href=\"https:\/\/actu.fr\/tag\/stade-toulousain\" rel=\"nofollow noopener\" target=\"_blank\">Stade Toulousain<\/a> a accompli ses deux objectifs, en laminant (16-50) le <strong>RC Toulon<\/strong>. R\u00e9cit d\u2019un duel marqu\u00e9 par un carton rouge d\u00e9cisif, au Stade V\u00e9lodrome de <strong>Marseille<\/strong>.\u00a0\u00a0<\/p>\n<p>Moult essais, nombreux cartons mais aucun temps-mort<\/p>\n<p class=\" wall-content\">Les Stadistes s\u2019avancent encore avec un effectif diminu\u00e9 (Dupont, Mauvaka, Kinghorn, Ramos, Willis, Mallia, Delibes\u2026) mais aplatissent tr\u00e8s vite derri\u00e8re la ligne (8e). Seulement, l\u2019arbitre doit intervenir. Il signale une obstruction de Jelonch, mais pas que. C\u2019est nouveau, la d\u00e9cision de M.Rozier se fait entendre par micro dans tout le stade : l\u2019essai est annul\u00e9, mais la faute cynique d\u2019<strong>Esteban Abadie<\/strong> lui vaut un carton jaune. S\u2019ensuit une nouvelle action et un essai de p\u00e9nalit\u00e9\u2026 <strong>Baptiste Serin<\/strong> sort sur carton jaune (9e). Toulon perd deux hommes et encaisse les premiers points dans la m\u00eame minute.\u00a0<\/p>\n<p class=\" wall-content\"><strong>Marius Domon<\/strong> r\u00e9duit temporairement l\u2019\u00e9cart sur p\u00e9nalit\u00e9 (12e). Une attaque sur l\u2019aile droite permet \u00e0 <strong>Mathis Castro-Ferreira<\/strong> de s\u2019\u00e9crouler, ballon en main, dans l\u2019en-but (14e). <strong>Domon<\/strong> marque \u00e0 nouveau sur p\u00e9nalit\u00e9, tandis que Romain Ntamack sort sur protocole commotion (18e). Enfin, c\u2019est aux Toulousains de se retrouver en inf\u00e9riorit\u00e9 num\u00e9rique, apr\u00e8s un \u00e9norme plaquage de <strong>Paul Costes<\/strong> (24e). Ils payent le prix fort et encaissent l\u2019essai de <strong>Brian Alainu\u2019uese<\/strong> (28e). Baptiste Serin, encore inutilement fautif, re\u00e7oit sa deuxi\u00e8me biscotte et quitte le terrain d\u00e9finitivement (39e). Score \u00e0 la mi-temps : 13-14.<\/p>\n<p class=\" wall-content\">\n<p>Toulouse concr\u00e9tise son avantage num\u00e9rique<\/p>\n<p class=\" wall-content\">\u00c0 la reprise, le ST prend le large par la conclusion de <strong>Santiago Chocobares<\/strong> (48e). Le trois-quart conclut une belle action men\u00e9e par Jelonch, Meafou, Cramont et Capuozzo, avec un bon jeu debout. Marius Domon r\u00e9pond par un quatri\u00e8me coup de pied entre les poteaux (51e). Une combinaison Th\u00e9o Ntamack \u2013 <strong>Naoto Saito<\/strong> permet ensuite de faire le break (58e).<\/p>\n<p class=\" wall-content\">C\u2019est le d\u00e9but de la fin. Le jeu est sur les ext\u00e9rieurs et <strong>Paul Costes<\/strong> aplatit \u00e0 son tour, en coin (64e). C\u2019est fini pour les Toulonais. Peu apr\u00e8s, c\u2019est Barassi qui s\u2019enfuit \u00e0 son tour le long de la ligne. Le cuir passe par le petit fr\u00e8re Ntamack et Ange Capuozzo, avant de finir dans l\u2019en-but toulonnais, d\u00e9pos\u00e9 par<strong> Matthis Lebel<\/strong> (67e). Un crochet de<strong> Pierre-Louis Barassi<\/strong> am\u00e8ne ensuite la septi\u00e8me r\u00e9alisation occitane (73e). <strong>Paul Graou<\/strong> parach\u00e8ve finalement la correction inflig\u00e9e au V\u00e9lodrome (79e). Le carton rouge a tu\u00e9 l\u2019affrontement.<\/p>\n<p>Vid\u00e9os : en ce moment sur Actu<\/p>\n<p class=\" wall-content\">\n<p class=\" wall-content\">Le prochain match du Stade Toulousain sera contre le <strong>Racing 92<\/strong>, \u00e0 Toulouse, le samedi 17 mai \u00e0 21h05.\u00a0\u00a0<\/p>\n<p class=\" wall-content\">Suivez toute l\u2019actualit\u00e9 de vos villes et m\u00e9dias favoris en vous inscrivant \u00e0 <a href=\"https:\/\/moncompte.actu.fr\" title=\"D\u00e9couvez Mon Actu\" rel=\"nofollow noopener\" data-trk=\"{&quot;cta&quot;:{&quot;action&quot;:&quot;https:\\\/\\\/moncompte.actu.fr&quot;,&quot;category&quot;:&quot;mon compte&quot;,&quot;from&quot;:&quot;article footer&quot;,&quot;name&quot;:&quot;Mon actu&quot;,&quot;type&quot;:&quot;cta&quot;}}\" target=\"_blank\">Mon Actu<\/a>.<\/p>\n","protected":false},"excerpt":{"rendered":"Par Pateau Adrien Publi\u00e9 le 10 mai 2025 \u00e0 23h07 ; mis \u00e0 jour le 10 mai 2025&hellip;\n","protected":false},"author":2,"featured_media":94733,"comment_status":"","ping_status":"","sticky":false,"template":"","format":"standard","meta":{"footnotes":""},"categories":[9619],"tags":[1111,11,1777,674,1011,27,12,882,25,479,60,476,2310],"class_list":{"0":"post-94732","1":"post","2":"type-post","3":"status-publish","4":"format-standard","5":"has-post-thumbnail","7":"category-toulon","8":"tag-actu","9":"tag-actualites","10":"tag-eu","11":"tag-europe","12":"tag-fr","13":"tag-france","14":"tag-news","15":"tag-provence-alpes-cote-dazur","16":"tag-republique-francaise","17":"tag-rugby","18":"tag-sports","19":"tag-stade-toulousain","20":"tag-toulon"},"share_on_mastodon":{"url":"https:\/\/pubeurope.com\/@fr\/114496005934416369","error":""},"_links":{"self":[{"href":"https:\/\/www.europesays.com\/fr\/wp-json\/wp\/v2\/posts\/94732","targetHints":{"allow":["GET"]}}],"collection":[{"href":"https:\/\/www.europesays.com\/fr\/wp-json\/wp\/v2\/posts"}],"about":[{"href":"https:\/\/www.europesays.com\/fr\/wp-json\/wp\/v2\/types\/post"}],"author":[{"embeddable":true,"href":"https:\/\/www.europesays.com\/fr\/wp-json\/wp\/v2\/users\/2"}],"replies":[{"embeddable":true,"href":"https:\/\/www.europesays.com\/fr\/wp-json\/wp\/v2\/comments?post=94732"}],"version-history":[{"count":0,"href":"https:\/\/www.europesays.com\/fr\/wp-json\/wp\/v2\/posts\/94732\/revisions"}],"wp:featuredmedia":[{"embeddable":true,"href":"https:\/\/www.europesays.com\/fr\/wp-json\/wp\/v2\/media\/94733"}],"wp:attachment":[{"href":"https:\/\/www.europesays.com\/fr\/wp-json\/wp\/v2\/media?parent=94732"}],"wp:term":[{"taxonomy":"category","embeddable":true,"href":"https:\/\/www.europesays.com\/fr\/wp-json\/wp\/v2\/categories?post=94732"},{"taxonomy":"post_tag","embeddable":true,"href":"https:\/\/www.europesays.com\/fr\/wp-json\/wp\/v2\/tags?post=94732"}],"curies":[{"name":"wp","href":"https:\/\/api.w.org\/{rel}","templated":true}]}}