{"id":94742,"date":"2025-05-12T17:23:25","date_gmt":"2025-05-12T17:23:25","guid":{"rendered":"https:\/\/www.europesays.com\/fr\/94742\/"},"modified":"2025-05-12T17:23:25","modified_gmt":"2025-05-12T17:23:25","slug":"lusine-entiere-bloquee-par-les-salaries","status":"publish","type":"post","link":"https:\/\/www.europesays.com\/fr\/94742\/","title":{"rendered":"l\u2019usine enti\u00e8re bloqu\u00e9e par les salari\u00e9s"},"content":{"rendered":"<p>La col\u00e8re ne d\u00e9semplit pas sur le site chimique de Jarrie. Ce lundi, l\u2019intersyndicale de l\u2019usine Arkema est en d\u00e9placement au si\u00e8ge de l\u2019entreprise, en r\u00e9gion parisienne, pour prendre part aux n\u00e9gociations organis\u00e9es dans le cadre du plan de licenciement. Les syndicats sont bien d\u00e9termin\u00e9s \u00e0 faire entendre raison \u00e0 la direction, qui a refus\u00e9 la semaine derni\u00e8re d\u2019accorder une indemnit\u00e9 supra-l\u00e9gale aux futurs licenci\u00e9s au motif qu\u2019elle souhaite \u201cprivil\u00e9gier la recherche d\u2019un reclassement interne ou externe\u201d.<\/p>\n<p>Ce contenu est bloqu\u00e9 car vous n&rsquo;avez pas accept\u00e9 les cookies et autres traceurs.<\/p>\n<p>En cliquant sur \u00ab J\u2019accepte \u00bb, les cookies et autres traceurs seront d\u00e9pos\u00e9s et vous pourrez visualiser les contenus  (<a href=\"\" class=\"consentModule_policy\" target=\"_blank\" title=\"Consulter la politique de protection des donn\u00e9es du fournisseur\">plus d&rsquo;informations<\/a>).<\/p>\n<p>En cliquant sur \u00ab J\u2019accepte tous les cookies \u00bb, vous autorisez des d\u00e9p\u00f4ts de cookies et autres traceurs pour le stockage de vos donn\u00e9es sur nos sites et applications \u00e0 des fins de personnalisation et de ciblage publicitaire.<\/p>\n<p class=\"consentModule_secondaryText\">Vous gardez la possibilit\u00e9 de retirer votre consentement \u00e0 tout moment en consultant notre <a href=\"https:\/\/www.ledauphine.com\/protection-des-donnees\" target=\"_blank\" title=\"Consulter notre politique de protection des donn\u00e9es\" rel=\"nofollow noopener\">politique de protection des donn\u00e9es<\/a>. <br \/>&#13;<br \/>\n            <a href=\"https:\/\/www.ledauphine.com\/economie\/2025\/05\/12\/javascript:Didomi.notice.show()\" class=\"consentModule_cmp\" rel=\"nofollow noopener\" target=\"_blank\">G\u00e9rer mes choix<\/a>&#13;\n        <\/p>\n<p>&#13;<br \/>\n                        J&rsquo;accepte&#13;<br \/>\n            J&rsquo;accepte tous les cookies&#13;\n        <\/p>\n<p>Cette d\u00e9cision est per\u00e7ue comme \u00ab\u00a0un manque de respect\u00a0\u00bb pour les salari\u00e9s concern\u00e9s qui, sur place, <a href=\"https:\/\/www.ledauphine.com\/social\/2025\/05\/06\/le-site-arkema-mis-a-l-arret-et-la-colere-gronde-a-nouveau\" target=\"_blank\" rel=\"nofollow noopener\">ont d\u00e9cid\u00e9 de se mettre \u00e0 nouveau en gr\u00e8ve<\/a> et de couper les acc\u00e8s \u00e0 l\u2019usine dans le but de faire plier la direction. Ce lundi, alors que les discussions se poursuivent, le blocage s\u2019est \u00e9tendu. \u00ab\u00a0L\u2019ensemble du site est bloqu\u00e9, le parking est ferm\u00e9, personne ne travaille aujourd\u2019hui\u00a0\u00bb, explique l\u2019un des ouvriers.<\/p>\n<p>En milieu d\u2019apr\u00e8s-midi, un v\u00e9ritable bras-de-fer s\u2019est entam\u00e9 \u00e0 Colombes (Hauts-de-Seine). <a href=\"https:\/\/www.ledauphine.com\/economie\/2025\/05\/08\/isere-pont-de-claix-jarrie-une-derniere-cigarette-a-vencorex-pendant-qu-arkema-s-enflamme\" target=\"_blank\" rel=\"nofollow noopener\">L\u2019intersyndicale r\u00e9clame 60\u00a0000\u00a0\u20ac de prime supra-l\u00e9gale,<\/a> un montant qu\u2019elle estime \u00ab\u00a0coh\u00e9rent avec les moyens de l\u2019entreprise\u00a0\u00bb. Qu\u2019obtiendra-t-elle \u00e0 l\u2019issue des discussions\u00a0?<\/p>\n","protected":false},"excerpt":{"rendered":"La col\u00e8re ne d\u00e9semplit pas sur le site chimique de Jarrie. Ce lundi, l\u2019intersyndicale de l\u2019usine Arkema est&hellip;\n","protected":false},"author":2,"featured_media":94743,"comment_status":"","ping_status":"","sticky":false,"template":"","format":"standard","meta":{"footnotes":""},"categories":[9566],"tags":[1111,11,2430,214,33,113,341,1777,674,107,1011,27,2731,693,108,17480,12,25,17481,801],"class_list":{"0":"post-94742","1":"post","2":"type-post","3":"status-publish","4":"format-standard","5":"has-post-thumbnail","7":"category-grenoble","8":"tag-actu","9":"tag-actualites","10":"tag-auvergne-rhone-alpes","11":"tag-chomage","12":"tag-economie","13":"tag-edition-gresivaudan-oisans","14":"tag-emploi","15":"tag-eu","16":"tag-europe","17":"tag-fil-info","18":"tag-fr","19":"tag-france","20":"tag-grenoble","21":"tag-industrie","22":"tag-isere","23":"tag-jarrie","24":"tag-news","25":"tag-republique-francaise","26":"tag-romanche","27":"tag-social"},"share_on_mastodon":{"url":"https:\/\/pubeurope.com\/@fr\/114496025600664050","error":""},"_links":{"self":[{"href":"https:\/\/www.europesays.com\/fr\/wp-json\/wp\/v2\/posts\/94742","targetHints":{"allow":["GET"]}}],"collection":[{"href":"https:\/\/www.europesays.com\/fr\/wp-json\/wp\/v2\/posts"}],"about":[{"href":"https:\/\/www.europesays.com\/fr\/wp-json\/wp\/v2\/types\/post"}],"author":[{"embeddable":true,"href":"https:\/\/www.europesays.com\/fr\/wp-json\/wp\/v2\/users\/2"}],"replies":[{"embeddable":true,"href":"https:\/\/www.europesays.com\/fr\/wp-json\/wp\/v2\/comments?post=94742"}],"version-history":[{"count":0,"href":"https:\/\/www.europesays.com\/fr\/wp-json\/wp\/v2\/posts\/94742\/revisions"}],"wp:featuredmedia":[{"embeddable":true,"href":"https:\/\/www.europesays.com\/fr\/wp-json\/wp\/v2\/media\/94743"}],"wp:attachment":[{"href":"https:\/\/www.europesays.com\/fr\/wp-json\/wp\/v2\/media?parent=94742"}],"wp:term":[{"taxonomy":"category","embeddable":true,"href":"https:\/\/www.europesays.com\/fr\/wp-json\/wp\/v2\/categories?post=94742"},{"taxonomy":"post_tag","embeddable":true,"href":"https:\/\/www.europesays.com\/fr\/wp-json\/wp\/v2\/tags?post=94742"}],"curies":[{"name":"wp","href":"https:\/\/api.w.org\/{rel}","templated":true}]}}