{"id":94744,"date":"2025-05-12T17:24:11","date_gmt":"2025-05-12T17:24:11","guid":{"rendered":"https:\/\/www.europesays.com\/fr\/94744\/"},"modified":"2025-05-12T17:24:11","modified_gmt":"2025-05-12T17:24:11","slug":"les-activistes-ecologistes-dextinction-rebellion-affirment-avoir-sabote-une-station-service","status":"publish","type":"post","link":"https:\/\/www.europesays.com\/fr\/94744\/","title":{"rendered":"les activistes \u00e9cologistes d&rsquo;Extinction Rebellion affirment avoir sabot\u00e9 une station-service"},"content":{"rendered":"<p itemprop=\"description\"><strong>Le groupuscule \u00e9cologiste, Extinction Rebellion, a revendiqu\u00e9 le sabotage d\u2019une station-service situ\u00e9e \u00e0 Eybens, en Is\u00e8re.<\/strong><\/p>\n<p class=\"x_MsoNormal\" style=\"color: #242424; font-style: normal; font-variant-ligatures: normal; font-variant-caps: normal; font-weight: 400; letter-spacing: normal; orphans: 2; text-align: start; text-indent: 0px; text-transform: none; widows: 2; word-spacing: 0px; -webkit-text-stroke-width: 0px; white-space: normal; background-color: #ffffff; text-decoration-thickness: initial; text-decoration-style: initial; text-decoration-color: initial; margin: 0cm 0cm 8pt; line-height: 18.4px; font-size: 12pt; font-family: Calibri, sans-serif;\">Dans un communiqu\u00e9 paru ce dimanche 11 mai, le mouvement social \u00e9cologiste, Extinction Rebellion, a tenu \u00e0 mettre les choses aux claires concernant une op\u00e9ration de sabotage survenue dans la nuit de samedi \u00e0 dimanche. \u00ab\u00a0\u00c0 Eybens, des activistes d\u2019Extinction Rebellion ont mis \u00e0 l\u2019arr\u00eat une station essence TotalEnergies en remplissant les tuyaux d\u2019essence de mousse expansive\u00a0\u00bb<\/p>\n<p class=\"x_MsoNormal\" style=\"color: #242424; font-style: normal; font-variant-ligatures: normal; font-variant-caps: normal; font-weight: 400; letter-spacing: normal; orphans: 2; text-align: start; text-indent: 0px; text-transform: none; widows: 2; word-spacing: 0px; -webkit-text-stroke-width: 0px; white-space: normal; background-color: #ffffff; text-decoration-thickness: initial; text-decoration-style: initial; text-decoration-color: initial; margin: 0cm 0cm 8pt; line-height: 18.4px; font-size: 12pt; font-family: Calibri, sans-serif;\">CCe lundi matin, plusieurs op\u00e9rations de nettoyage avaient lieu dans la station-service d\u2019Eybens pour remettre les pompes en service.<\/p>\n<p class=\"x_MsoNormal\" style=\"color: #242424; font-style: normal; font-variant-ligatures: normal; font-variant-caps: normal; font-weight: 400; letter-spacing: normal; orphans: 2; text-align: start; text-indent: 0px; text-transform: none; widows: 2; word-spacing: 0px; -webkit-text-stroke-width: 0px; white-space: normal; background-color: #ffffff; text-decoration-thickness: initial; text-decoration-style: initial; text-decoration-color: initial; margin: 0cm 0cm 8pt; line-height: 18.4px; font-size: 12pt; font-family: Calibri, sans-serif;\"><strong>Des forages en Ouganda posent probl\u00e8me<\/strong><\/p>\n<p class=\"x_MsoNormal\" style=\"color: #242424; font-style: normal; font-variant-ligatures: normal; font-variant-caps: normal; font-weight: 400; letter-spacing: normal; orphans: 2; text-align: start; text-indent: 0px; text-transform: none; widows: 2; word-spacing: 0px; -webkit-text-stroke-width: 0px; white-space: normal; background-color: #ffffff; text-decoration-thickness: initial; text-decoration-style: initial; text-decoration-color: initial; margin: 0cm 0cm 8pt; line-height: 18.4px; font-size: 12pt; font-family: Calibri, sans-serif;\">La cause majoritaire de cet acte repose sur le forage intensif en Ouganda. Extinction Rebellion s\u2019oppose fermement \u00e0 l\u2019extraction de p\u00e9trole dans ce pays, o\u00f9 plus de 400 puits s\u2019y trouvent. \u00ab\u00a0Au m\u00eame moment, \u00e0 Meylan, c\u2019est une banderole qui a \u00e9t\u00e9 d\u00e9ploy\u00e9e \u00e0 c\u00f4t\u00e9 d\u2019une station TotalEnergies sur laquelle est \u00e9crit \u2018Total Criminel, STOP EACOP\u2019 (\u2026) Le p\u00e9trole sera transport\u00e9 sur 1 443 km jusqu\u2019aux c\u00f4tes de la Tanzanie par un ol\u00e9oduc chauff\u00e9 \u00e0 50\u00b0, EACOP\u00a0\u00bb, a tenu \u00e0 ajouter le groupe.<\/p>\n<p class=\"x_MsoNormal\" style=\"color: #242424; font-style: normal; font-variant-ligatures: normal; font-variant-caps: normal; font-weight: 400; letter-spacing: normal; orphans: 2; text-align: start; text-indent: 0px; text-transform: none; widows: 2; word-spacing: 0px; -webkit-text-stroke-width: 0px; white-space: normal; background-color: #ffffff; text-decoration-thickness: initial; text-decoration-style: initial; text-decoration-color: initial; margin: 0cm 0cm 8pt; line-height: 18.4px; font-size: 12pt; font-family: Calibri, sans-serif;\">Ces actions seraient un v\u00e9ritable \u00ab\u00a0bombe climatique\u00a0\u00bb d\u2019apr\u00e8s les activistes \u00e9cologistes d\u2019Extinction Rebellion.<\/p>\n","protected":false},"excerpt":{"rendered":"Le groupuscule \u00e9cologiste, Extinction Rebellion, a revendiqu\u00e9 le sabotage d\u2019une station-service situ\u00e9e \u00e0 Eybens, en Is\u00e8re. Dans un&hellip;\n","protected":false},"author":2,"featured_media":94745,"comment_status":"","ping_status":"","sticky":false,"template":"","format":"standard","meta":{"footnotes":""},"categories":[9566],"tags":[1111,11,7733,8279,2430,7736,650,7734,2889,2263,1777,674,1011,27,2731,8280,6417,1114,108,4662,12,3725,1825,25,7737],"class_list":{"0":"post-94744","1":"post","2":"type-post","3":"status-publish","4":"format-standard","5":"has-post-thumbnail","7":"category-grenoble","8":"tag-actu","9":"tag-actualites","10":"tag-alpes","11":"tag-alpes1","12":"tag-auvergne-rhone-alpes","13":"tag-cds","14":"tag-cinema","15":"tag-ecoute","16":"tag-emission","17":"tag-equipe","18":"tag-eu","19":"tag-europe","20":"tag-fr","21":"tag-france","22":"tag-grenoble","23":"tag-haute","24":"tag-information","25":"tag-infos","26":"tag-isere","27":"tag-journal","28":"tag-news","29":"tag-podcast","30":"tag-radio","31":"tag-republique-francaise","32":"tag-winamp"},"share_on_mastodon":{"url":"https:\/\/pubeurope.com\/@fr\/114496029658392873","error":""},"_links":{"self":[{"href":"https:\/\/www.europesays.com\/fr\/wp-json\/wp\/v2\/posts\/94744","targetHints":{"allow":["GET"]}}],"collection":[{"href":"https:\/\/www.europesays.com\/fr\/wp-json\/wp\/v2\/posts"}],"about":[{"href":"https:\/\/www.europesays.com\/fr\/wp-json\/wp\/v2\/types\/post"}],"author":[{"embeddable":true,"href":"https:\/\/www.europesays.com\/fr\/wp-json\/wp\/v2\/users\/2"}],"replies":[{"embeddable":true,"href":"https:\/\/www.europesays.com\/fr\/wp-json\/wp\/v2\/comments?post=94744"}],"version-history":[{"count":0,"href":"https:\/\/www.europesays.com\/fr\/wp-json\/wp\/v2\/posts\/94744\/revisions"}],"wp:featuredmedia":[{"embeddable":true,"href":"https:\/\/www.europesays.com\/fr\/wp-json\/wp\/v2\/media\/94745"}],"wp:attachment":[{"href":"https:\/\/www.europesays.com\/fr\/wp-json\/wp\/v2\/media?parent=94744"}],"wp:term":[{"taxonomy":"category","embeddable":true,"href":"https:\/\/www.europesays.com\/fr\/wp-json\/wp\/v2\/categories?post=94744"},{"taxonomy":"post_tag","embeddable":true,"href":"https:\/\/www.europesays.com\/fr\/wp-json\/wp\/v2\/tags?post=94744"}],"curies":[{"name":"wp","href":"https:\/\/api.w.org\/{rel}","templated":true}]}}